{"id":401,"count":2,"description":"<h1 style=\"font-size: 1.25em; display:none;\"> Le Caf\u00e9 d\u00e9cafein\u00e9 <\/h1>","link":"https:\/\/yithcompare.321dev.ch\/fr\/categorie-produit\/cafe\/decafeines\/","name":"Caf\u00e9 d\u00e9cafein\u00e9","slug":"decafeines","taxonomy":"product_cat","parent":26,"meta":[],"_links":{"self":[{"href":"https:\/\/yithcompare.321dev.ch\/fr\/wp-json\/wp\/v2\/product_cat\/401","targetHints":{"allow":["GET"]}}],"collection":[{"href":"https:\/\/yithcompare.321dev.ch\/fr\/wp-json\/wp\/v2\/product_cat"}],"about":[{"href":"https:\/\/yithcompare.321dev.ch\/fr\/wp-json\/wp\/v2\/taxonomies\/product_cat"}],"up":[{"embeddable":true,"href":"https:\/\/yithcompare.321dev.ch\/fr\/wp-json\/wp\/v2\/product_cat\/26"}],"wp:post_type":[{"href":"https:\/\/yithcompare.321dev.ch\/fr\/wp-json\/wp\/v2\/product?product_cat=401"}],"curies":[{"name":"wp","href":"https:\/\/api.w.org\/{rel}","templated":true}]}}