{"id":27,"count":12,"description":"<h1>Liste des caf\u00e9s en grains<\/h1>\r\n<h2><b>Le caf\u00e9 en grains \u00e9quitable fra\u00eechement torr\u00e9fi\u00e9 selon Esperanza<\/b><\/h2>\r\n<span style=\"font-weight: 400;\">Chez Esperanza, <\/span><b>la torr\u00e9faction de caf\u00e9s en grains <\/b><span style=\"font-weight: 400;\">issus du commerce \u00e9quitable et de caf\u00e9s en grains bio est notre passion depuis 1996. Une s\u00e9lection rigoureuse nous permet d'offrir les meilleurs <\/span><a href=\"https:\/\/esperanza.ch\/fr\/categorie-produit\/cafe\/cafe-en-grains\/\"><span style=\"font-weight: 400;\">caf\u00e9s en grains<\/span><\/a><span style=\"font-weight: 400;\"> sous le label \u00e9quitable Fairtrade Max Havelaar. Nous pratiquons une torr\u00e9faction artisanale au tambour, chaque lot de caf\u00e9 n'exc\u00e9dant pas 30 kg. Le caf\u00e9 en grains est ainsi torr\u00e9fi\u00e9 de mani\u00e8re parfaitement homog\u00e8ne.<\/span>","link":"https:\/\/yithcompare.321dev.ch\/fr\/categorie-produit\/cafe\/cafe-en-grains\/","name":"Caf\u00e9 en grains","slug":"cafe-en-grains","taxonomy":"product_cat","parent":26,"meta":[],"_links":{"self":[{"href":"https:\/\/yithcompare.321dev.ch\/fr\/wp-json\/wp\/v2\/product_cat\/27","targetHints":{"allow":["GET"]}}],"collection":[{"href":"https:\/\/yithcompare.321dev.ch\/fr\/wp-json\/wp\/v2\/product_cat"}],"about":[{"href":"https:\/\/yithcompare.321dev.ch\/fr\/wp-json\/wp\/v2\/taxonomies\/product_cat"}],"up":[{"embeddable":true,"href":"https:\/\/yithcompare.321dev.ch\/fr\/wp-json\/wp\/v2\/product_cat\/26"}],"wp:post_type":[{"href":"https:\/\/yithcompare.321dev.ch\/fr\/wp-json\/wp\/v2\/product?product_cat=27"}],"curies":[{"name":"wp","href":"https:\/\/api.w.org\/{rel}","templated":true}]}}