{"id":26,"count":15,"description":"<h1>Liste des caf\u00e9s<\/h1>\r\n<h2 style=\"font-size:1.25em;\"><b>Le caf\u00e9 \u00e9quitable<\/b><\/h2>\r\n<span style=\"font-weight: 400;\">Le commerce du caf\u00e9 produit de profondes in\u00e9galit\u00e9s. Une fois le caf\u00e9 en grains exp\u00e9di\u00e9 par les producteurs, de nombreux interm\u00e9diaires pr\u00e9l\u00e8vent leur part jusqu'\u00e0 la livraison \u00e0 destination. <\/span><b>Les petits paysans peinent \u00e0 obtenir un prix suffisant de leurs produits<\/b><span style=\"font-weight: 400;\">. Les <\/span><a href=\"https:\/\/esperanza.ch\/fr\/labels-du-cafe-en-grains\/\"><span style=\"font-weight: 400;\">labels du caf\u00e9 en grains<\/span><\/a><span style=\"font-weight: 400;\"> vous permettent de mieux choisir quel caf\u00e9 utiliser pour votre expresso ou votre moka cr\u00e8me.<\/span>","link":"https:\/\/yithcompare.321dev.ch\/fr\/categorie-produit\/cafe\/","name":"Caf\u00e9","slug":"cafe","taxonomy":"product_cat","parent":0,"meta":[],"_links":{"self":[{"href":"https:\/\/yithcompare.321dev.ch\/fr\/wp-json\/wp\/v2\/product_cat\/26","targetHints":{"allow":["GET"]}}],"collection":[{"href":"https:\/\/yithcompare.321dev.ch\/fr\/wp-json\/wp\/v2\/product_cat"}],"about":[{"href":"https:\/\/yithcompare.321dev.ch\/fr\/wp-json\/wp\/v2\/taxonomies\/product_cat"}],"wp:post_type":[{"href":"https:\/\/yithcompare.321dev.ch\/fr\/wp-json\/wp\/v2\/product?product_cat=26"}],"curies":[{"name":"wp","href":"https:\/\/api.w.org\/{rel}","templated":true}]}}