{"id":58185,"date":"2025-01-24T05:00:00","date_gmt":"2025-01-24T03:00:00","guid":{"rendered":"https:\/\/esperanza.ch\/?p=58185"},"modified":"2025-02-07T15:28:12","modified_gmt":"2025-02-07T13:28:12","slug":"aromes-cafe-saveurs-notes","status":"publish","type":"post","link":"https:\/\/yithcompare.321dev.ch\/fr\/aromes-cafe-saveurs-notes\/","title":{"rendered":"Les ar\u00f4mes du caf\u00e9 : d\u00e9couvrez les saveurs et les diff\u00e9rentes notes aromatiques"},"content":{"rendered":"<p>Le caf\u00e9, boisson universelle, est bien plus qu&rsquo;un simple stimulant. C&rsquo;est une exp\u00e9rience sensorielle complexe, un voyage au c\u0153ur d&rsquo;une multitude d&rsquo;ar\u00f4mes subtils et envo\u00fbtants. Comprendre et identifier ces ar\u00f4mes du caf\u00e9, c&rsquo;est acc\u00e9der \u00e0 une d\u00e9gustation plus riche et appr\u00e9cier pleinement la diversit\u00e9 de ce breuvage exceptionnel. Cet article vous guide \u00e0 travers l&rsquo;univers fascinant des notes aromatiques du caf\u00e9, de la torr\u00e9faction \u00e0 la tasse, en passant par les origines et les vari\u00e9t\u00e9s.<\/p><h2 class=\"wp-block-heading\"><strong>De la cerise \u00e0 la tasse : le d\u00e9veloppement des ar\u00f4mes du caf\u00e9<\/strong><\/h2><p>Le caf\u00e9, fruit d&rsquo;un arbre tropical, le caf\u00e9ier, subit plusieurs transformations avant d&rsquo;arriver dans notre tasse. Chaque \u00e9tape, de la culture \u00e0 la torr\u00e9faction des grains de caf\u00e9, influence le profil aromatique final.<\/p><h3 class=\"wp-block-heading\"><strong>L&rsquo;origine et le terroir<\/strong><\/h3><p>Comme pour le vin, le terroir joue un r\u00f4le crucial dans les ar\u00f4mes du caf\u00e9. L&rsquo;altitude, le climat, la composition du sol, et m\u00eame les plantes environnantes, impr\u00e8gnent les cerises de caf\u00e9 de nuances uniques. Un<a href=\"https:\/\/yithcompare.321dev.ch\/fr\/categorie-produit\/cafe\/ethiopie\/\" target=\"_blank\" rel=\"noreferrer noopener\"> caf\u00e9 d&rsquo;\u00c9thiopie<\/a>, berceau du caf\u00e9ier, offrira des notes florales et fruit\u00e9es, tandis qu&rsquo;un<a href=\"https:\/\/yithcompare.321dev.ch\/fr\/categorie-produit\/cafe\/cafe-en-grains\/brasil\/\" target=\"_blank\" rel=\"noreferrer noopener\"> caf\u00e9 du Br\u00e9sil<\/a> pourra se distinguer par des ar\u00f4mes de chocolat et de noix.<\/p><p>Chez Esperanza, nous s\u00e9lectionnons rigoureusement nos caf\u00e9s en grains aupr\u00e8s de producteurs soucieux de leur terroir, comme notre<a href=\"https:\/\/yithcompare.321dev.ch\/fr\/produit\/cafe-esperanza-fairtrade-bresil-en-grains\/\" target=\"_blank\" rel=\"noreferrer noopener\"> caf\u00e9 Esperanza BR\u00c9SIL Fairtrade<\/a>. Les diff\u00e9rents ar\u00f4mes de pain grill\u00e9 et de toffee (caramel \u00e0 la cr\u00e8me) rehaussent les saveurs du caf\u00e9.<\/p><div class=\"wp-block-image\"><figure class=\"aligncenter size-full\"><a href=\"https:\/\/yithcompare.321dev.ch\/wp-content\/uploads\/2025\/01\/cafes-en-grains-1.jpg\"><img loading=\"lazy\" decoding=\"async\" width=\"768\" height=\"479\" src=\"https:\/\/yithcompare.321dev.ch\/wp-content\/uploads\/2025\/01\/cafes-en-grains-1.jpg\" alt=\"caf\u00e9s en grains\" class=\"wp-image-58206\" srcset=\"https:\/\/yithcompare.321dev.ch\/wp-content\/uploads\/2025\/01\/cafes-en-grains-1.jpg 768w, https:\/\/yithcompare.321dev.ch\/wp-content\/uploads\/2025\/01\/cafes-en-grains-1-641x400.jpg 641w, https:\/\/yithcompare.321dev.ch\/wp-content\/uploads\/2025\/01\/cafes-en-grains-1-510x318.jpg 510w\" sizes=\"auto, (max-width: 768px) 100vw, 768px\" \/><\/a><\/figure><\/div><div style=\"height:41px\" aria-hidden=\"true\" class=\"wp-block-spacer\"><\/div><h3 class=\"wp-block-heading\"><strong>La vari\u00e9t\u00e9 botanique<\/strong><\/h3><p>Arabica ou Robusta, chaque vari\u00e9t\u00e9 poss\u00e8de ses propres caract\u00e9ristiques aromatiques. L&rsquo;Arabica, plus d\u00e9licat, est r\u00e9put\u00e9 pour sa complexit\u00e9 aromatique et son acidit\u00e9 fine. Le Robusta, plus puissant, pr\u00e9sente des notes plus terreuses et une amertume plus prononc\u00e9e. Certains de nos caf\u00e9s torr\u00e9fi\u00e9s, comme le<a href=\"https:\/\/yithcompare.321dev.ch\/fr\/produit\/cafe-esperanza-fairtrade-moka\/\" target=\"_blank\" rel=\"noreferrer noopener\"> caf\u00e9 Esperanza MOKA Fairtrade<\/a>, sont compos\u00e9s \u00e0 100 % d&rsquo;Arabica de haute qualit\u00e9, pour une exp\u00e9rience gustative raffin\u00e9e. D&rsquo;autres produits, comme le<a href=\"https:\/\/yithcompare.321dev.ch\/fr\/produit\/cafe-esperanza-fairtrade-supremo-en-grains\/\" target=\"_blank\" rel=\"noreferrer noopener\"> caf\u00e9 Esperanza SUPREMO Fairtrade<\/a>, offrent un subtil m\u00e9lange de vari\u00e9t\u00e9s et d&rsquo;origines.<\/p><h3 class=\"wp-block-heading\"><strong>Le traitement post-r\u00e9colte&nbsp;<\/strong><\/h3><p>La m\u00e9thode de traitement des cerises de caf\u00e9 apr\u00e8s la r\u00e9colte impacte \u00e9galement le profil aromatique. Le lavage, le s\u00e9chage naturel ou la m\u00e9thode \u00ab\u00a0honey\u00a0\u00bb conf\u00e8rent des nuances distinctes au caf\u00e9 vert. Nos caf\u00e9s bio, tels que le<a href=\"https:\/\/yithcompare.321dev.ch\/fr\/produit\/cafe-esperanza-excelso-bio-fairtrade\/\" target=\"_blank\" rel=\"noreferrer noopener\"> caf\u00e9 Esperanza BIO EXCELSO Fairtrade<\/a>, sont issus de traitements respectueux de l&rsquo;environnement, pr\u00e9servant ainsi la puret\u00e9 des ar\u00f4mes.<\/p><h3 class=\"wp-block-heading\"><strong>La torr\u00e9faction<\/strong><\/h3><p>\u00c9tape cruciale, la torr\u00e9faction r\u00e9v\u00e8le et d\u00e9veloppe les ar\u00f4mes du caf\u00e9 vert. Une torr\u00e9faction claire privil\u00e9giera la saveur acide et les notes florales, tandis qu&rsquo;une torr\u00e9faction fonc\u00e9e mettra en avant des ar\u00f4mes de chocolat noir et de caramel. Chez<a href=\"https:\/\/yithcompare.321dev.ch\/fr\/nous-connaitre\/\" target=\"_blank\" rel=\"noreferrer noopener\"> Esperanza<\/a>, nous ma\u00eetrisons l&rsquo;art de la torr\u00e9faction artisanale en Gruy\u00e8re depuis 1996, garantissant ainsi des caf\u00e9s aux ar\u00f4mes parfaitement \u00e9quilibr\u00e9s lors de la d\u00e9gustation.<\/p><div class=\"wp-block-image\"><figure class=\"aligncenter size-full\"><a href=\"https:\/\/yithcompare.321dev.ch\/wp-content\/uploads\/2025\/01\/La-torrefaction.jpg\"><img loading=\"lazy\" decoding=\"async\" width=\"768\" height=\"479\" src=\"https:\/\/yithcompare.321dev.ch\/wp-content\/uploads\/2025\/01\/La-torrefaction.jpg\" alt=\"La torr\u00e9faction\" class=\"wp-image-58208\" srcset=\"https:\/\/yithcompare.321dev.ch\/wp-content\/uploads\/2025\/01\/La-torrefaction.jpg 768w, https:\/\/yithcompare.321dev.ch\/wp-content\/uploads\/2025\/01\/La-torrefaction-641x400.jpg 641w, https:\/\/yithcompare.321dev.ch\/wp-content\/uploads\/2025\/01\/La-torrefaction-510x318.jpg 510w\" sizes=\"auto, (max-width: 768px) 100vw, 768px\" \/><\/a><\/figure><\/div><div style=\"height:41px\" aria-hidden=\"true\" class=\"wp-block-spacer\"><\/div><h2 class=\"wp-block-heading\"><strong>La roue des saveurs : un outil pr\u00e9cieux pour la d\u00e9gustation<\/strong><\/h2><p>La roue des ar\u00f4mes, d\u00e9velopp\u00e9e par la<a href=\"https:\/\/sca.coffee\/\" target=\"_blank\" rel=\"noreferrer noopener\"> Specialty Coffee Association<\/a> (SCA), est un outil indispensable pour d\u00e9crypter les ar\u00f4mes du caf\u00e9. Elle est utilis\u00e9e aussi bien par les experts que par les amateurs pour identifier et affiner leurs perceptions gustatives.<\/p><h3 class=\"wp-block-heading\"><strong>Comment fonctionne la roue des saveurs ?<\/strong><\/h3><p>La roue est con\u00e7ue pour guider l&rsquo;analyse sensorielle du caf\u00e9, de mani\u00e8re progressive, de l&rsquo;int\u00e9rieur vers l&rsquo;ext\u00e9rieur.<\/p><ul class=\"wp-block-list\"><li><strong>Au centre<\/strong> : on trouve les cat\u00e9gories aromatiques les plus g\u00e9n\u00e9rales, comme \u00ab\u00a0fruit\u00e9\u00a0\u00bb, \u00ab\u00a0floral\u00a0\u00bb, \u00ab\u00a0\u00e9pic\u00e9\u00a0\u00bb, \u00ab\u00a0noisette\u00a0\u00bb, etc. C&rsquo;est le point de d\u00e9part de l&rsquo;analyse. Apr\u00e8s avoir bu une gorg\u00e9e de caf\u00e9, on essaie de d\u00e9terminer \u00e0 quelle famille aromatique principale il appartient.<\/li>\n\n<li><strong>Deuxi\u00e8me cercle <\/strong>: une fois la cat\u00e9gorie principale identifi\u00e9e, on passe au deuxi\u00e8me cercle, qui propose des sous-cat\u00e9gories plus pr\u00e9cises. Par exemple, si on a per\u00e7u une note \u00ab\u00a0fruit\u00e9e\u00a0\u00bb, on cherche ensuite \u00e0 d\u00e9terminer s&rsquo;il s&rsquo;agit d&rsquo;agrumes, de baies, de fruits \u00e0 noyau, etc.<\/li>\n\n<li><strong>Cercles ext\u00e9rieurs <\/strong>: l&rsquo;analyse se poursuit vers les cercles ext\u00e9rieurs, affinant progressivement la description. Si on a identifi\u00e9 une note \u00ab\u00a0agrumes\u00a0\u00bb, on peut ensuite pr\u00e9ciser s&rsquo;il s&rsquo;agit de citron, d&rsquo;orange, de pamplemousse, etc. La roue propose une multitude de descripteurs pr\u00e9cis, permettant de nuancer et de caract\u00e9riser finement les ar\u00f4mes du caf\u00e9.<\/li><\/ul><div class=\"wp-block-image\"><figure class=\"aligncenter size-full\"><a href=\"https:\/\/yithcompare.321dev.ch\/wp-content\/uploads\/2025\/01\/degustation-cafe.jpg\"><img loading=\"lazy\" decoding=\"async\" width=\"768\" height=\"479\" src=\"https:\/\/yithcompare.321dev.ch\/wp-content\/uploads\/2025\/01\/degustation-cafe.jpg\" alt=\"d\u00e9gustation caf\u00e9\" class=\"wp-image-58210\" srcset=\"https:\/\/yithcompare.321dev.ch\/wp-content\/uploads\/2025\/01\/degustation-cafe.jpg 768w, https:\/\/yithcompare.321dev.ch\/wp-content\/uploads\/2025\/01\/degustation-cafe-641x400.jpg 641w, https:\/\/yithcompare.321dev.ch\/wp-content\/uploads\/2025\/01\/degustation-cafe-510x318.jpg 510w\" sizes=\"auto, (max-width: 768px) 100vw, 768px\" \/><\/a><\/figure><\/div><div style=\"height:41px\" aria-hidden=\"true\" class=\"wp-block-spacer\"><\/div><h3 class=\"wp-block-heading\"><strong>Comment utiliser la roue des saveurs chez soi ?<\/strong><\/h3><p>Pour utiliser la roue des saveurs et d\u00e9velopper vos comp\u00e9tences sensorielles, suivez ces \u00e9tapes :<\/p><ul class=\"wp-block-list\"><li><strong>Pr\u00e9paration <\/strong>: pr\u00e9parez un caf\u00e9 de qualit\u00e9. Laissez-le refroidir l\u00e9g\u00e8rement pour \u00e9viter de br\u00fbler vos papilles.<\/li>\n\n<li><strong>D\u00e9gustation<\/strong> : prenez une gorg\u00e9e de caf\u00e9 et gardez-la un court instant en bouche avant de l&rsquo;avaler. Pendant ce temps, expirez lentement par le nez pour permettre aux ar\u00f4mes de remonter vers vos r\u00e9cepteurs olfactifs. C&rsquo;est la r\u00e9tro-olfaction, essentielle pour percevoir la complexit\u00e9 aromatique du caf\u00e9.<\/li>\n\n<li><strong>Identification des ar\u00f4mes<\/strong> : concentrez-vous sur le cercle central de la roue et essayez d&rsquo;identifier la famille aromatique dominante. Est-ce fruit\u00e9, noisette, \u00e9pic\u00e9, floral ?<\/li>\n\n<li><strong>Affinement de la perception <\/strong>: prenez une nouvelle gorg\u00e9e et r\u00e9p\u00e9tez l&rsquo;op\u00e9ration, en vous concentrant cette fois sur le deuxi\u00e8me cercle. Affinez votre perception en choisissant la sous-cat\u00e9gorie qui correspond le mieux \u00e0 l&rsquo;ar\u00f4me per\u00e7u.<\/li>\n\n<li><strong>Progression vers l&rsquo;ext\u00e9rieur <\/strong>: continuez \u00e0 d\u00e9guster le caf\u00e9 par petites gorg\u00e9es, en progressant vers les cercles ext\u00e9rieurs de la roue. N&rsquo;h\u00e9sitez pas \u00e0 utiliser vos propres mots pour d\u00e9crire les ar\u00f4mes, la roue est un guide, pas une liste exhaustive.<\/li>\n\n<li><strong>Pratique r\u00e9guli\u00e8re<\/strong> : l&rsquo;analyse sensorielle est un exercice qui se d\u00e9veloppe avec la pratique. Plus vous vous entra\u00eenez, plus vous serez capable de percevoir et de d\u00e9crire les nuances subtiles des ar\u00f4mes du caf\u00e9. L&rsquo;id\u00e9al est de pratiquer en groupe pour comparer vos perceptions et enrichir votre vocabulaire.<\/li><\/ul><p>En utilisant r\u00e9guli\u00e8rement la roue des saveurs, vous d\u00e9velopperez votre sensibilit\u00e9 gustative et votre capacit\u00e9 \u00e0 appr\u00e9cier pleinement la richesse aromatique du caf\u00e9. N&rsquo;oubliez pas que le but est de prendre plaisir \u00e0 explorer les diff\u00e9rentes notes et de cr\u00e9er votre propre exp\u00e9rience sensorielle.<\/p><div class=\"wp-block-image\"><figure class=\"aligncenter size-full\"><a href=\"https:\/\/yithcompare.321dev.ch\/wp-content\/uploads\/2025\/01\/roue-des-saveurs-cafe.jpg\"><img loading=\"lazy\" decoding=\"async\" width=\"768\" height=\"479\" src=\"https:\/\/yithcompare.321dev.ch\/wp-content\/uploads\/2025\/01\/roue-des-saveurs-cafe.jpg\" alt=\"roue des saveurs\" class=\"wp-image-58212\" srcset=\"https:\/\/yithcompare.321dev.ch\/wp-content\/uploads\/2025\/01\/roue-des-saveurs-cafe.jpg 768w, https:\/\/yithcompare.321dev.ch\/wp-content\/uploads\/2025\/01\/roue-des-saveurs-cafe-641x400.jpg 641w, https:\/\/yithcompare.321dev.ch\/wp-content\/uploads\/2025\/01\/roue-des-saveurs-cafe-510x318.jpg 510w\" sizes=\"auto, (max-width: 768px) 100vw, 768px\" \/><\/a><\/figure><\/div><div style=\"height:41px\" aria-hidden=\"true\" class=\"wp-block-spacer\"><\/div><h2 class=\"wp-block-heading\"><strong>Comment d\u00e9guster un caf\u00e9 comme un barista et identifier ses ar\u00f4mes ?<\/strong><\/h2><p>Pour appr\u00e9cier pleinement les ar\u00f4mes du caf\u00e9, il est important de suivre quelques conseils :<\/p><ul class=\"wp-block-list\"><li><strong>Choisir un caf\u00e9 de qualit\u00e9 :<\/strong> optez pour des<a href=\"https:\/\/yithcompare.321dev.ch\/fr\/categorie-produit\/cafe\/cafe-en-grains\/\" target=\"_blank\" rel=\"noreferrer noopener\"> caf\u00e9s en grains fra\u00eechement torr\u00e9fi\u00e9s<\/a>, comme ceux propos\u00e9s par Esperanza.<\/li>\n\n<li><strong>Moudre le caf\u00e9 juste avant la pr\u00e9paration :<\/strong> la mouture fra\u00eeche pr\u00e9serve les ar\u00f4mes volatils.<\/li>\n\n<li><strong>Utiliser une m\u00e9thode d&rsquo;extraction adapt\u00e9e :<\/strong> cafeti\u00e8re filtre, cafeti\u00e8re italienne, machine \u00e0 espresso, chaque m\u00e9thode influence l&rsquo;extraction des ar\u00f4mes. Nos<a href=\"https:\/\/yithcompare.321dev.ch\/fr\/categorie-produit\/machines-a-cafe\/jura-monde-du-cafe-particuliers\/\" target=\"_blank\" rel=\"noreferrer noopener\"> machines \u00e0 caf\u00e9 JURA<\/a>, par exemple, permettent une extraction optimale des ar\u00f4mes gr\u00e2ce \u00e0 leur technologie de pointe.<\/li>\n\n<li><strong>Prendre le temps de sentir le caf\u00e9 :<\/strong> avant de d\u00e9guster, humez longuement les ar\u00f4mes qui se d\u00e9gagent de la tasse.<\/li>\n\n<li><strong>D\u00e9guster par petites gorg\u00e9es :<\/strong> laissez le caf\u00e9 impr\u00e9gner votre palais et identifiez les diff\u00e9rentes notes aromatiques.<\/li><\/ul><h2 class=\"wp-block-heading\"><strong>Les accords caf\u00e9 et mets : sublimer les saveurs<\/strong><\/h2><p>Tout comme le vin, le caf\u00e9 peut s&rsquo;accorder avec des mets pour cr\u00e9er des harmonies gustatives surprenantes. Un caf\u00e9 aux notes chocolat\u00e9es se mariera parfaitement avec un<a href=\"https:\/\/yithcompare.321dev.ch\/fr\/meilleur-cafe-desserts-noel\/\" target=\"_blank\" rel=\"noreferrer noopener\"> dessert<\/a> au chocolat, tandis qu&rsquo;un caf\u00e9 aux notes fruit\u00e9es accompagnera d\u00e9licieusement une salade de fruits frais.<\/p><h2 class=\"wp-block-heading\"><strong>D\u00e9couvrez l&rsquo;univers des ar\u00f4mes du caf\u00e9 avec Esperanza<\/strong><\/h2><p>Chez Esperanza, nous sommes passionn\u00e9s par le caf\u00e9 et nous vous proposons une large s\u00e9lection de caf\u00e9s aux profils aromatiques vari\u00e9s. Des caf\u00e9s en grains aux caf\u00e9s moulus, en passant par nos<a href=\"https:\/\/yithcompare.321dev.ch\/fr\/categorie-produit\/cafe\/cafes-bio\/\" target=\"_blank\" rel=\"noreferrer noopener\"> caf\u00e9s bio<\/a> ou d\u00e9caf\u00e9in\u00e9s, vous trouverez forc\u00e9ment le caf\u00e9 qui correspond \u00e0 vos go\u00fbts.<\/p><p>N&rsquo;h\u00e9sitez pas \u00e0 explorer notre gamme de produits et \u00e0 d\u00e9couvrir l&rsquo;intensit\u00e9 des ar\u00f4mes du caf\u00e9 Esperanza. Visitez notre boutique en ligne sur <a href=\"https:\/\/yithcompare.321dev.ch\/fr\/\" target=\"_blank\" rel=\"noreferrer noopener\">esperanza.ch<\/a> et laissez-vous s\u00e9duire par l&rsquo;univers fascinant du caf\u00e9.<\/p>","protected":false},"excerpt":{"rendered":"<p>Le caf\u00e9, boisson universelle, est bien plus qu&rsquo;un simple stimulant. C&rsquo;est une exp\u00e9rience sensorielle complexe, un voyage au c\u0153ur d&rsquo;une multitude d&rsquo;ar\u00f4mes subtils et envo\u00fbtants. Comprendre et identifier ces ar\u00f4mes du caf\u00e9, c&rsquo;est acc\u00e9der \u00e0 une d\u00e9gustation plus riche et appr\u00e9cier pleinement la diversit\u00e9 de ce breuvage exceptionnel. Cet article vous guide \u00e0 travers l&rsquo;univers [&hellip;]<\/p>\n","protected":false},"author":6990,"featured_media":58189,"comment_status":"open","ping_status":"open","sticky":false,"template":"","format":"standard","meta":{"footnotes":""},"categories":[1],"tags":[],"class_list":["post-58185","post","type-post","status-publish","format-standard","has-post-thumbnail","hentry","category-news-esperanza"],"_links":{"self":[{"href":"https:\/\/yithcompare.321dev.ch\/fr\/wp-json\/wp\/v2\/posts\/58185","targetHints":{"allow":["GET"]}}],"collection":[{"href":"https:\/\/yithcompare.321dev.ch\/fr\/wp-json\/wp\/v2\/posts"}],"about":[{"href":"https:\/\/yithcompare.321dev.ch\/fr\/wp-json\/wp\/v2\/types\/post"}],"author":[{"embeddable":true,"href":"https:\/\/yithcompare.321dev.ch\/fr\/wp-json\/wp\/v2\/users\/6990"}],"replies":[{"embeddable":true,"href":"https:\/\/yithcompare.321dev.ch\/fr\/wp-json\/wp\/v2\/comments?post=58185"}],"version-history":[{"count":0,"href":"https:\/\/yithcompare.321dev.ch\/fr\/wp-json\/wp\/v2\/posts\/58185\/revisions"}],"wp:featuredmedia":[{"embeddable":true,"href":"https:\/\/yithcompare.321dev.ch\/fr\/wp-json\/wp\/v2\/media\/58189"}],"wp:attachment":[{"href":"https:\/\/yithcompare.321dev.ch\/fr\/wp-json\/wp\/v2\/media?parent=58185"}],"wp:term":[{"taxonomy":"category","embeddable":true,"href":"https:\/\/yithcompare.321dev.ch\/fr\/wp-json\/wp\/v2\/categories?post=58185"},{"taxonomy":"post_tag","embeddable":true,"href":"https:\/\/yithcompare.321dev.ch\/fr\/wp-json\/wp\/v2\/tags?post=58185"}],"curies":[{"name":"wp","href":"https:\/\/api.w.org\/{rel}","templated":true}]}}