{"id":57061,"date":"2024-12-23T07:00:00","date_gmt":"2024-12-23T05:00:00","guid":{"rendered":"https:\/\/esperanza.ch\/?p=57061"},"modified":"2025-02-07T16:23:39","modified_gmt":"2025-02-07T14:23:39","slug":"meilleur-cafe-desserts-noel","status":"publish","type":"post","link":"https:\/\/yithcompare.321dev.ch\/fr\/meilleur-cafe-desserts-noel\/","title":{"rendered":"Comment pr\u00e9parer un caf\u00e9 parfait pour accompagner vos recettes de desserts de No\u00ebl ?"},"content":{"rendered":"<p>Les f\u00eates de No\u00ebl approchent \u00e0 grands pas, et avec elles, l&rsquo;envie de partager des moments gourmands en famille et entre amis. Apr\u00e8s un d\u00e9licieux repas de No\u00ebl, rien de tel qu&rsquo;un dessert savoureux accompagn\u00e9 d&rsquo;un caf\u00e9 parfait. Mais comment choisir le caf\u00e9 id\u00e9al pour sublimer vos douceurs festives ? Cet article vous guidera dans l&rsquo;art d&rsquo;accorder vos caf\u00e9s avec vos desserts pr\u00e9f\u00e9r\u00e9s.<\/p><h2 class=\"wp-block-heading\"><strong>L&rsquo;harmonie parfaite entre caf\u00e9 et recettes de desserts de No\u00ebl<\/strong><\/h2><p>Un caf\u00e9 bien choisi transforme un simple dessert en une exp\u00e9rience gustative inoubliable. La richesse aromatique du caf\u00e9, ses notes subtiles de chocolat, de caramel, de fruits secs ou d&rsquo;\u00e9pices, se marient \u00e0 merveille avec les saveurs de vos desserts de No\u00ebl. Que vous soyez amateur de caf\u00e9 intense ou de saveurs plus douces, il existe une multitude de possibilit\u00e9s pour cr\u00e9er des accords qui \u00e9blouiront tous vos convives.<\/p><h2 class=\"wp-block-heading\"><strong>Accords caf\u00e9-desserts pour un No\u00ebl gourmand<\/strong><\/h2><p>Voici quelques suggestions d&rsquo;accords entre<a href=\"https:\/\/yithcompare.321dev.ch\/fr\/boissons-a-base-de-cafe\/\" target=\"_blank\" rel=\"noreferrer noopener\"> boissons \u00e0 base de caf\u00e9<\/a> et desserts de No\u00ebl, en utilisant les caf\u00e9s de qualit\u00e9, disponibles en grains ou moulus chez Esperanza :<\/p><div class=\"wp-block-image\"><figure class=\"aligncenter size-full\"><a href=\"https:\/\/yithcompare.321dev.ch\/wp-content\/uploads\/2024\/12\/cafe-desserts-pour-un-Noel-gourmand.jpg\"><img loading=\"lazy\" decoding=\"async\" width=\"768\" height=\"479\" src=\"https:\/\/yithcompare.321dev.ch\/wp-content\/uploads\/2024\/12\/cafe-desserts-pour-un-Noel-gourmand.jpg\" alt=\"caf\u00e9-desserts pour un No\u00ebl gourmand\" class=\"wp-image-57086\" srcset=\"https:\/\/yithcompare.321dev.ch\/wp-content\/uploads\/2024\/12\/cafe-desserts-pour-un-Noel-gourmand.jpg 768w, https:\/\/yithcompare.321dev.ch\/wp-content\/uploads\/2024\/12\/cafe-desserts-pour-un-Noel-gourmand-641x400.jpg 641w, https:\/\/yithcompare.321dev.ch\/wp-content\/uploads\/2024\/12\/cafe-desserts-pour-un-Noel-gourmand-510x318.jpg 510w\" sizes=\"auto, (max-width: 768px) 100vw, 768px\" \/><\/a><\/figure><\/div><div style=\"height:41px\" aria-hidden=\"true\" class=\"wp-block-spacer\"><\/div><h3 class=\"wp-block-heading\"><strong>La B\u00fbche de No\u00ebl ou la mousse au chocolat<\/strong><\/h3><p>Optez pour un<a href=\"https:\/\/yithcompare.321dev.ch\/fr\/cafe-ristretto-guide-achat\/\" target=\"_blank\" rel=\"noreferrer noopener\"> ristretto<\/a> pr\u00e9par\u00e9 avec un <a href=\"https:\/\/yithcompare.321dev.ch\/fr\/produit\/cafe-esperanza-fairtrade-supremo-en-grains\/\" target=\"_blank\" rel=\"noreferrer noopener\">caf\u00e9 Esperanza SUPREMO<\/a>, un assemblage intense aux notes de chocolat noir et de caramel. Sa puissance aromatique se mariera parfaitement avec la richesse de la cr\u00e8me au beurre et du gla\u00e7age au cacao de la b\u00fbche. Ce caf\u00e9 rehausse aussi \u00e0 merveille une mousse au chocolat.<\/p><p>Pour une version plus l\u00e9g\u00e8re, privil\u00e9giez un lungo avec du <a href=\"https:\/\/yithcompare.321dev.ch\/fr\/produit\/cafe-esperanza-fairtrade-delicia\/\" target=\"_blank\" rel=\"noreferrer noopener\">caf\u00e9 Esperanza DELICIA<\/a>, plus doux et fruit\u00e9. Il accompagnera volontiers une b\u00fbche aux fruits rouges.<\/p><h3 class=\"wp-block-heading\"><strong>Le Panettone italien ou le Kouglof alsacien<\/strong><\/h3><p>Le Panettone est un c\u00e9l\u00e8bre dessert italien, traditionnellement pr\u00e9par\u00e9 avec des fruits confits et des raisins secs. Quant au Kouglof alsacien, il s&rsquo;agit d&rsquo;un g\u00e2teau brioch\u00e9 sucr\u00e9, garni de raisins secs, imbib\u00e9s de rhum ou de kirsch, et d&rsquo;amandes. Tous deux s&rsquo;accordent id\u00e9alement avec un <a href=\"https:\/\/yithcompare.321dev.ch\/fr\/produit\/cafe-esperanza-excelso-bio-fairtrade\/\" target=\"_blank\" rel=\"noreferrer noopener\">caf\u00e9 Esperanza BIO EXCELSO<\/a>. Ses notes de caramel et de miel compl\u00e9teront les saveurs de ces g\u00e2teaux sans les masquer. Cette recette de dessert, tout comme une cr\u00e8me br\u00fbl\u00e9e, ira tr\u00e8s bien avec un caf\u00e9 cr\u00e8me, <a href=\"https:\/\/yithcompare.321dev.ch\/fr\/frappuccino-vs-cappuccino\/\" target=\"_blank\" rel=\"noreferrer noopener\">un cappuccino ou un Frappuccino<\/a>.<\/p><div class=\"wp-block-image\"><figure class=\"aligncenter size-full\"><a href=\"https:\/\/yithcompare.321dev.ch\/wp-content\/uploads\/2024\/12\/Le-Panettone-italien.jpg\"><img loading=\"lazy\" decoding=\"async\" width=\"768\" height=\"479\" src=\"https:\/\/yithcompare.321dev.ch\/wp-content\/uploads\/2024\/12\/Le-Panettone-italien.jpg\" alt=\"Le Panettone italien\" class=\"wp-image-57081\" srcset=\"https:\/\/yithcompare.321dev.ch\/wp-content\/uploads\/2024\/12\/Le-Panettone-italien.jpg 768w, https:\/\/yithcompare.321dev.ch\/wp-content\/uploads\/2024\/12\/Le-Panettone-italien-641x400.jpg 641w, https:\/\/yithcompare.321dev.ch\/wp-content\/uploads\/2024\/12\/Le-Panettone-italien-510x318.jpg 510w\" sizes=\"auto, (max-width: 768px) 100vw, 768px\" \/><\/a><\/figure><\/div><div style=\"height:41px\" aria-hidden=\"true\" class=\"wp-block-spacer\"><\/div><h3 class=\"wp-block-heading\"><strong>Le G\u00e2teau aux fruits confits<\/strong><\/h3><p>La richesse et la complexit\u00e9 aromatique de ce g\u00e2teau demandent un caf\u00e9 puissant et \u00e9pic\u00e9. Le<a href=\"https:\/\/yithcompare.321dev.ch\/fr\/produit\/cafe-esperanza-fairtrade-moka\/\" target=\"_blank\" rel=\"noreferrer noopener\"> caf\u00e9 Esperanza MOKA<\/a>, avec ses notes de chocolat et de noisette, sera un choix id\u00e9al. Un dessert \u00e0 savourer avec une tasse de latte bien cr\u00e9meux, saupoudr\u00e9 de cannelle.<\/p><h3 class=\"wp-block-heading\"><strong>Les sabl\u00e9s et biscuits au pain d&rsquo;\u00e9pices<\/strong><\/h3><p>Ces douceurs plus l\u00e9g\u00e8res s&rsquo;accordent bien avec un caf\u00e9 filtre doux et aromatique. Le caf\u00e9 Esperanza BIO SUMATRA, avec ses notes de chocolat et d&rsquo;\u00e9pices, sera parfait pour accompagner ces petits plaisirs. Vous pouvez \u00e9galement pr\u00e9parer un caf\u00e9 au lait onctueux avec le<a href=\"https:\/\/yithcompare.321dev.ch\/fr\/produit\/cafe-esperanza-decafeine-fairtrade\/\" target=\"_blank\" rel=\"noreferrer noopener\"> caf\u00e9 Esperanza 100 % D\u00c9CAF\u00c9IN\u00c9<\/a> pour un moment gourmand sans caf\u00e9ine, mais avec une note de pralin\u00e9.<\/p><div class=\"wp-block-image\"><figure class=\"aligncenter size-full\"><a href=\"https:\/\/yithcompare.321dev.ch\/wp-content\/uploads\/2024\/12\/biscuits-au-pain-depices.jpg\"><img loading=\"lazy\" decoding=\"async\" width=\"768\" height=\"479\" src=\"https:\/\/yithcompare.321dev.ch\/wp-content\/uploads\/2024\/12\/biscuits-au-pain-depices.jpg\" alt=\"biscuits au pain d'\u00e9pices\" class=\"wp-image-57088\" srcset=\"https:\/\/yithcompare.321dev.ch\/wp-content\/uploads\/2024\/12\/biscuits-au-pain-depices.jpg 768w, https:\/\/yithcompare.321dev.ch\/wp-content\/uploads\/2024\/12\/biscuits-au-pain-depices-641x400.jpg 641w, https:\/\/yithcompare.321dev.ch\/wp-content\/uploads\/2024\/12\/biscuits-au-pain-depices-510x318.jpg 510w\" sizes=\"auto, (max-width: 768px) 100vw, 768px\" \/><\/a><\/figure><\/div><div style=\"height:41px\" aria-hidden=\"true\" class=\"wp-block-spacer\"><\/div><h3 class=\"wp-block-heading\"><strong>Le Tiramisu<\/strong><\/h3><p>Ce dessert italien incontournable n\u00e9cessite un espresso cors\u00e9 et intense. D\u00e9couvrez le profil aromatique du<a href=\"https:\/\/yithcompare.321dev.ch\/fr\/produit\/cafe-esperanza-bio-amoroso-fairtrade-en-grains\/\"> caf\u00e9 Esperanza BIO<\/a><a href=\"https:\/\/yithcompare.321dev.ch\/fr\/produit\/cafe-esperanza-bio-amoroso-fairtrade-en-grains\/\" target=\"_blank\" rel=\"noreferrer noopener\"> <\/a><a href=\"https:\/\/yithcompare.321dev.ch\/fr\/produit\/cafe-esperanza-bio-amoroso-fairtrade-en-grains\/\">AMOROSO,<\/a> id\u00e9al pour imbiber les biscuits et pour pr\u00e9parer un lungo \u00e0 d\u00e9guster \u00e0 c\u00f4t\u00e9. Vous pouvez le sucrer en option. Et pour encore plus de gourmandise, offrez-vous un <a href=\"https:\/\/yithcompare.321dev.ch\/fr\/affogato-fusion-double-espresso-boule-glace\/\" target=\"_blank\" rel=\"noreferrer noopener\">Affogato<\/a> : un double espresso servi avec une boule de glace \u00e0 la vanille, fra\u00eechement sortie du cong\u00e9lateur.<\/p><h3 class=\"wp-block-heading\"><strong>Le Parfait glac\u00e9<\/strong><\/h3><p>Des jaunes d\u2019\u0153uf frais, du sucre, des blancs d\u2019\u0153ufs en neige et de la cr\u00e8me. C&rsquo;est tout ce dont vous avez besoin pour pr\u00e9parer un parfait. Sa fra\u00eecheur appelle un caf\u00e9 plus l\u00e9ger et rafra\u00eechissant. Un lungo pr\u00e9par\u00e9 avec le<a href=\"https:\/\/yithcompare.321dev.ch\/fr\/produit\/cafe-esperanza-fairtrade-bresil-en-grains\/\" target=\"_blank\" rel=\"noreferrer noopener\"> Caf\u00e9 Esperanza BR\u00c9SIL<\/a>, 100 % Arabica, sera un accompagnement id\u00e9al. Il se marie \u00e0 la perfection avec ce dessert glac\u00e9 le soir du r\u00e9veillon.<\/p><p>N&rsquo;h\u00e9sitez pas \u00e0 exp\u00e9rimenter et \u00e0 cr\u00e9er vos propres accords pour les desserts et les p\u00e2tisseries festives qui garniront votre table.&nbsp;<\/p><h2 class=\"wp-block-heading\"><strong>Conseils pour pr\u00e9parer un caf\u00e9 parfait<\/strong><\/h2><p>Pour profiter pleinement de l&rsquo;ar\u00f4me de votre caf\u00e9, il est essentiel de le pr\u00e9parer correctement. Voici quelques conseils :<\/p><ul class=\"wp-block-list\"><li><strong>Choisissez des grains de caf\u00e9 de qualit\u00e9 :<\/strong> Esperanza propose une large s\u00e9lection de caf\u00e9s Fairtrade, issus du commerce \u00e9quitable et fra\u00eechement torr\u00e9fi\u00e9s en Gruy\u00e8re.<br><\/li>\n\n<li><strong>Moudre le caf\u00e9 juste avant la pr\u00e9paration :<\/strong> utilisez un moulin \u00e0 caf\u00e9 de qualit\u00e9, comme le<a href=\"https:\/\/yithcompare.321dev.ch\/fr\/produit\/jura-moulin-a-cafe-p-a-g\/\" target=\"_blank\" rel=\"noreferrer noopener\"> JURA P.A.G.<\/a> disponible chez Esperanza, pour obtenir une mouture homog\u00e8ne.<br><\/li>\n\n<li><strong>Utilisez de l&rsquo;eau filtr\u00e9e :<\/strong> l&rsquo;eau est un \u00e9l\u00e9ment essentiel pour un bon caf\u00e9. Utilisez de l&rsquo;eau filtr\u00e9e et chauff\u00e9e \u00e0 la bonne temp\u00e9rature (entre 90 \u00b0C et 96 \u00b0C).<br><\/li>\n\n<li><strong>Choisissez la m\u00e9thode de pr\u00e9paration adapt\u00e9e \u00e0 votre go\u00fbt :<\/strong> que vous pr\u00e9f\u00e9riez un caf\u00e9 filtre, un espresso, un<a href=\"https:\/\/yithcompare.321dev.ch\/fr\/categorie-produit\/machines-a-cafe\/bialetti\/\" target=\"_blank\" rel=\"noreferrer noopener\"> caf\u00e9 \u00e0 la cafeti\u00e8re italienne<\/a> ou \u00e0 la<a href=\"https:\/\/yithcompare.321dev.ch\/fr\/french-press-et-cappuccino\/\" target=\"_blank\" rel=\"noreferrer noopener\"> French Press<\/a>, Esperanza propose une large gamme de machines et accessoires pour tous les go\u00fbts.<\/li><\/ul><div class=\"wp-block-image\"><figure class=\"aligncenter size-full\"><a href=\"https:\/\/yithcompare.321dev.ch\/wp-content\/uploads\/2024\/12\/recette-de-cafe-de-Noel-au-chocolat.jpg\"><img loading=\"lazy\" decoding=\"async\" width=\"768\" height=\"479\" src=\"https:\/\/yithcompare.321dev.ch\/wp-content\/uploads\/2024\/12\/recette-de-cafe-de-Noel-au-chocolat.jpg\" alt=\"recette de caf\u00e9 de No\u00ebl au chocolat\" class=\"wp-image-57095\" srcset=\"https:\/\/yithcompare.321dev.ch\/wp-content\/uploads\/2024\/12\/recette-de-cafe-de-Noel-au-chocolat.jpg 768w, https:\/\/yithcompare.321dev.ch\/wp-content\/uploads\/2024\/12\/recette-de-cafe-de-Noel-au-chocolat-641x400.jpg 641w, https:\/\/yithcompare.321dev.ch\/wp-content\/uploads\/2024\/12\/recette-de-cafe-de-Noel-au-chocolat-510x318.jpg 510w\" sizes=\"auto, (max-width: 768px) 100vw, 768px\" \/><\/a><\/figure><\/div><div style=\"height:41px\" aria-hidden=\"true\" class=\"wp-block-spacer\"><\/div><h2 class=\"wp-block-heading\"><strong>En bonus : notre recette de caf\u00e9 de No\u00ebl au chocolat<\/strong><\/h2><p>Envie d&rsquo;une boisson caf\u00e9in\u00e9e facile \u00e0 pr\u00e9parer pour compl\u00e9ter votre menu de No\u00ebl ? Laissez-vous s\u00e9duire par un Moka onctueux, r\u00e9alis\u00e9 avec du chocolat noir de qualit\u00e9 et un espresso intense. Servez ce caf\u00e9 gourmand de No\u00ebl dans des<a href=\"https:\/\/yithcompare.321dev.ch\/fr\/produit\/lot-de-deux-verres-a-lattemacchiato-71792\/\" target=\"_blank\" rel=\"noreferrer noopener\"> verres transparents<\/a> pour admirer les diff\u00e9rentes couches.<\/p><p>Pour plus d&rsquo;informations sur la pr\u00e9paration, lisez notre article \u00ab\u00a0<a href=\"https:\/\/yithcompare.321dev.ch\/fr\/cafe-moka-4-recettes-de-barista\/\" target=\"_blank\" rel=\"noreferrer noopener\">Caf\u00e9 Moka : 4 recettes de barista pour un m\u00e9lange parfait<\/a>\u00ab\u00a0.<\/p><h2 class=\"wp-block-heading\"><strong>Un No\u00ebl gourmand avec votre caf\u00e9 festif<\/strong><\/h2><p>En suivant ces conseils et en choisissant les caf\u00e9s de qualit\u00e9 chez<a href=\"https:\/\/yithcompare.321dev.ch\/fr\/\" target=\"_blank\" rel=\"noreferrer noopener\"> Esperanza<\/a>, vous pourrez cr\u00e9er des accords parfaits entre vos caf\u00e9s et tous vos desserts de No\u00ebl. N&rsquo;h\u00e9sitez pas \u00e0 explorer les diff\u00e9rentes saveurs et \u00e0 laisser libre cours \u00e0 votre cr\u00e9ativit\u00e9 pour offrir \u00e0 vos convives une exp\u00e9rience gustative inoubliable. Joyeuses f\u00eates !<\/p>","protected":false},"excerpt":{"rendered":"<p>Les f\u00eates de No\u00ebl approchent \u00e0 grands pas, et avec elles, l&rsquo;envie de partager des moments gourmands en famille et entre amis. Apr\u00e8s un d\u00e9licieux repas de No\u00ebl, rien de tel qu&rsquo;un dessert savoureux accompagn\u00e9 d&rsquo;un caf\u00e9 parfait. Mais comment choisir le caf\u00e9 id\u00e9al pour sublimer vos douceurs festives ? Cet article vous guidera dans [&hellip;]<\/p>\n","protected":false},"author":6990,"featured_media":57093,"comment_status":"open","ping_status":"open","sticky":false,"template":"","format":"standard","meta":{"footnotes":""},"categories":[487,486,148],"tags":[],"class_list":["post-57061","post","type-post","status-publish","format-standard","has-post-thumbnail","hentry","category-marques","category-recettes","category-style"],"_links":{"self":[{"href":"https:\/\/yithcompare.321dev.ch\/fr\/wp-json\/wp\/v2\/posts\/57061","targetHints":{"allow":["GET"]}}],"collection":[{"href":"https:\/\/yithcompare.321dev.ch\/fr\/wp-json\/wp\/v2\/posts"}],"about":[{"href":"https:\/\/yithcompare.321dev.ch\/fr\/wp-json\/wp\/v2\/types\/post"}],"author":[{"embeddable":true,"href":"https:\/\/yithcompare.321dev.ch\/fr\/wp-json\/wp\/v2\/users\/6990"}],"replies":[{"embeddable":true,"href":"https:\/\/yithcompare.321dev.ch\/fr\/wp-json\/wp\/v2\/comments?post=57061"}],"version-history":[{"count":0,"href":"https:\/\/yithcompare.321dev.ch\/fr\/wp-json\/wp\/v2\/posts\/57061\/revisions"}],"wp:featuredmedia":[{"embeddable":true,"href":"https:\/\/yithcompare.321dev.ch\/fr\/wp-json\/wp\/v2\/media\/57093"}],"wp:attachment":[{"href":"https:\/\/yithcompare.321dev.ch\/fr\/wp-json\/wp\/v2\/media?parent=57061"}],"wp:term":[{"taxonomy":"category","embeddable":true,"href":"https:\/\/yithcompare.321dev.ch\/fr\/wp-json\/wp\/v2\/categories?post=57061"},{"taxonomy":"post_tag","embeddable":true,"href":"https:\/\/yithcompare.321dev.ch\/fr\/wp-json\/wp\/v2\/tags?post=57061"}],"curies":[{"name":"wp","href":"https:\/\/api.w.org\/{rel}","templated":true}]}}