{"id":52996,"date":"2024-09-09T13:09:19","date_gmt":"2024-09-09T11:09:19","guid":{"rendered":"https:\/\/esperanza.ch\/?p=52996"},"modified":"2024-10-28T11:19:48","modified_gmt":"2024-10-28T09:19:48","slug":"cafe-cortado-espresso-puissant","status":"publish","type":"post","link":"https:\/\/yithcompare.321dev.ch\/fr\/cafe-cortado-espresso-puissant\/","title":{"rendered":"D\u00e9couvrez le caf\u00e9 cortado, l&rsquo;espresso puissant de l&rsquo;Espagne"},"content":{"rendered":"<p>L&rsquo;univers du caf\u00e9 est riche en saveurs et en traditions. Si vous \u00eates un amateur de caf\u00e9 \u00e0 la recherche d&rsquo;une nouvelle exp\u00e9rience gustative, laissez-nous vous pr\u00e9senter l&rsquo;espresso cortado, une boisson m\u00e9connue et embl\u00e9matique de l&rsquo;Espagne qui a conquis le c\u0153ur des <em>coffee lovers<\/em> du monde entier.<\/p><h2 class=\"wp-block-heading\"><strong>Qu&rsquo;est-ce qu&rsquo;un expresso cortado ?<\/strong><\/h2><p>Le terme \u00ab\u00a0cortado\u00a0\u00bb signifie \u00ab\u00a0coup\u00e9\u00a0\u00bb en espagnol, et c&rsquo;est exactement ce qui d\u00e9finit ce type de boisson chaude. Un cortado est donc <strong>un espresso \u00ab\u00a0coup\u00e9\u00a0\u00bb<\/strong> auquel on ajoute une petite quantit\u00e9 de lait chaud et mousseux.<\/p><p>\u00a0Contrairement \u00e0 un latte macchiato, o\u00f9 le lait est la star, le cortado met l&rsquo;accent sur <strong>l&rsquo;intensit\u00e9 et la richesse de <a href=\"https:\/\/yithcompare.321dev.ch\/fr\/lart-de-maitriser-la-stabilite-de-la-temperature-pour-obtenir-un-espresso-parfait\/\">l&rsquo;espresso<\/a><\/strong>. Le lait adoucit l\u00e9g\u00e8rement son amertume et cr\u00e9e une texture velout\u00e9e.<\/p><div class=\"wp-block-image\"><figure class=\"aligncenter size-full\"><a href=\"https:\/\/yithcompare.321dev.ch\/wp-content\/uploads\/2024\/09\/17646816249_ae4b77aa48_c.jpg\"><img loading=\"lazy\" decoding=\"async\" width=\"800\" height=\"532\" src=\"https:\/\/yithcompare.321dev.ch\/wp-content\/uploads\/2024\/09\/17646816249_ae4b77aa48_c.jpg\" alt=\"expresso cortado\" class=\"wp-image-53003\" srcset=\"https:\/\/yithcompare.321dev.ch\/wp-content\/uploads\/2024\/09\/17646816249_ae4b77aa48_c.jpg 800w, https:\/\/yithcompare.321dev.ch\/wp-content\/uploads\/2024\/09\/17646816249_ae4b77aa48_c-602x400.jpg 602w, https:\/\/yithcompare.321dev.ch\/wp-content\/uploads\/2024\/09\/17646816249_ae4b77aa48_c-768x511.jpg 768w, https:\/\/yithcompare.321dev.ch\/wp-content\/uploads\/2024\/09\/17646816249_ae4b77aa48_c-510x339.jpg 510w\" sizes=\"auto, (max-width: 800px) 100vw, 800px\" \/><\/a><\/figure><\/div><div style=\"height:41px\" aria-hidden=\"true\" class=\"wp-block-spacer\"><\/div><h2 class=\"wp-block-heading\"><strong>L&rsquo;origine et la tradition du vrai caf\u00e9 cortado&nbsp;<\/strong><\/h2><p>L&rsquo;histoire exacte du cortado classique reste floue, mais sa popularit\u00e9 a explos\u00e9 ces derni\u00e8res ann\u00e9es. On dit qu&rsquo;il provient du<strong> Pays Basque espagnol<\/strong> o\u00f9 il est devenu un incontournable des caf\u00e9s et des bars \u00e0 tapas. Traditionnellement servi dans un verre court, le cortado se d\u00e9guste lentement, en savourant chaque gorg\u00e9e.<\/p><p>Alors que les Italiens boivent leur <a href=\"https:\/\/yithcompare.321dev.ch\/fr\/recette-cafe-cappuccino\/\" target=\"_blank\" rel=\"noreferrer noopener\">cappuccino<\/a> le matin (avant 11h), le cortado se savoure l\u2019apr\u00e8s-midi en Espagne et au Portugal ainsi que dans les pays de l\u2019Am\u00e9rique latine.<\/p><p>Les Australiens l&rsquo;ont affectueusement baptis\u00e9 Piccolo, le petit. Le cortado poss\u00e8de aussi un autre surnom courant : \u00ab\u00a0Gibraltar\u00a0\u00bb, en raison du verre du m\u00eame nom dans lequel il est servi.<\/p><div class=\"wp-block-image\"><figure class=\"aligncenter size-full is-resized\"><a href=\"https:\/\/yithcompare.321dev.ch\/wp-content\/uploads\/2024\/09\/14626613249_ebbacfbc1b_c-2.jpg\"><img loading=\"lazy\" decoding=\"async\" width=\"799\" height=\"533\" src=\"https:\/\/yithcompare.321dev.ch\/wp-content\/uploads\/2024\/09\/14626613249_ebbacfbc1b_c-2.jpg\" alt=\"cappuccino et piccolo\" class=\"wp-image-53032\" style=\"width:851px;height:auto\" srcset=\"https:\/\/yithcompare.321dev.ch\/wp-content\/uploads\/2024\/09\/14626613249_ebbacfbc1b_c-2.jpg 799w, https:\/\/yithcompare.321dev.ch\/wp-content\/uploads\/2024\/09\/14626613249_ebbacfbc1b_c-2-600x400.jpg 600w, https:\/\/yithcompare.321dev.ch\/wp-content\/uploads\/2024\/09\/14626613249_ebbacfbc1b_c-2-768x512.jpg 768w, https:\/\/yithcompare.321dev.ch\/wp-content\/uploads\/2024\/09\/14626613249_ebbacfbc1b_c-2-510x340.jpg 510w\" sizes=\"auto, (max-width: 799px) 100vw, 799px\" \/><\/a><\/figure><\/div><div style=\"height:41px\" aria-hidden=\"true\" class=\"wp-block-spacer\"><\/div><h2 class=\"wp-block-heading\"><strong>Le m\u00e9lange parfait pour un espresso cortado authentique<\/strong><\/h2><p>La beaut\u00e9 du cortado r\u00e9side dans sa simplicit\u00e9 et son \u00e9quilibre entre douceur et acidit\u00e9. Pour les <strong>proportions \u00e9gales d&rsquo;espresso et de lait chaud<\/strong>, comptez environ 30 ml de chaque ingr\u00e9dient. La cl\u00e9 d&rsquo;un cortado r\u00e9ussi r\u00e9side dans la qualit\u00e9 de l&rsquo;espresso et la texture du lait.<\/p><h3 class=\"wp-block-heading\"><strong>Pr\u00e9paration de la recette du cortado \u00e0 la maison<\/strong><\/h3><p>Pas besoin d&rsquo;\u00eatre un barista professionnel pour d\u00e9guster une d\u00e9licieuse tasse de cortado chez vous. Voici les \u00e9tapes cl\u00e9s pour r\u00e9aliser cette boisson \u00e0 la perfection :<\/p><ol class=\"wp-block-list\"><li><strong>Le<\/strong><a href=\"https:\/\/yithcompare.321dev.ch\/fr\/le-cafe-expresso-a-travers-le-monde\/\" target=\"_blank\" rel=\"noreferrer noopener\"><strong> caf\u00e9 espresso<\/strong><\/a><strong> :<\/strong> utilisez un caf\u00e9 de qualit\u00e9, fra\u00eechement moulu, et une machine \u00e0 espresso qui vous permet de contr\u00f4ler la pression et la temp\u00e9rature de l&rsquo;eau. Une extraction optimale de l&rsquo;espresso est cruciale pour un cortado r\u00e9ussi.&nbsp;<\/li>\n\n<li><strong>Le lait :<\/strong> optez pour un lait entier qui vous permettra de cr\u00e9er une micromousse onctueuse et dense. Faites-le chauffer \u00e0 l&rsquo;aide d&rsquo;une<a href=\"https:\/\/yithcompare.321dev.ch\/fr\/produit\/buse-mousse-fine-pro-jura-g2-24250\/\" target=\"_blank\" rel=\"noreferrer noopener\"> buse vapeur<\/a> en cr\u00e9ant un l\u00e9ger tourbillon pour obtenir une micro-mousse fine et soyeuse. Le lait doit \u00eatre chauff\u00e9<strong> <\/strong>juste assez pour cr\u00e9er une texture lisse et velout\u00e9e. Il ne faut jamais le faire bouillir au risque d\u2019alt\u00e9rer son go\u00fbt et sa consistance.<\/li>\n\n<li><strong>Le dressage :<\/strong> versez d\u00e9licatement le lait chaud sur l&rsquo;espresso en le faisant couler le long d&rsquo;une cuill\u00e8re retourn\u00e9e pour cr\u00e9er un contraste intense entre le caf\u00e9 et le lait.<\/li><\/ol><p>Envie d&rsquo;obtenir un vrai cortado en appuyant sur un seul bouton ? C&rsquo;est maintenant possible gr\u00e2ce \u00e0 la<a href=\"https:\/\/yithcompare.321dev.ch\/fr\/produit\/jura-e8-dark-inox-sc-15590\/\" target=\"_blank\" rel=\"noreferrer noopener\"> machine \u00e0 caf\u00e9 JURA E8<\/a>, l&rsquo;alli\u00e9e indispensable des passionn\u00e9s du caf\u00e9.<\/p><div class=\"wp-block-image\"><figure class=\"aligncenter size-full is-resized\"><a href=\"https:\/\/yithcompare.321dev.ch\/wp-content\/uploads\/2024\/09\/22069827133_8e3c02a085_c.jpg\"><img loading=\"lazy\" decoding=\"async\" width=\"800\" height=\"600\" src=\"https:\/\/yithcompare.321dev.ch\/wp-content\/uploads\/2024\/09\/22069827133_8e3c02a085_c.jpg\" alt=\"espresso cortado\" class=\"wp-image-53014\" style=\"width:837px\" srcset=\"https:\/\/yithcompare.321dev.ch\/wp-content\/uploads\/2024\/09\/22069827133_8e3c02a085_c.jpg 800w, https:\/\/yithcompare.321dev.ch\/wp-content\/uploads\/2024\/09\/22069827133_8e3c02a085_c-533x400.jpg 533w, https:\/\/yithcompare.321dev.ch\/wp-content\/uploads\/2024\/09\/22069827133_8e3c02a085_c-768x576.jpg 768w, https:\/\/yithcompare.321dev.ch\/wp-content\/uploads\/2024\/09\/22069827133_8e3c02a085_c-510x383.jpg 510w\" sizes=\"auto, (max-width: 800px) 100vw, 800px\" \/><\/a><\/figure><\/div><div style=\"height:37px\" aria-hidden=\"true\" class=\"wp-block-spacer\"><\/div><h3 class=\"wp-block-heading\"><strong>D\u00e9couvrir et appr\u00e9cier le puissant espresso cortado<\/strong><\/h3><p>Le cortado est id\u00e9al \u00e0 d\u00e9guster \u00e0 tout moment de la journ\u00e9e. Sa petite taille en fait un choix parfait pour une <strong>pause-caf\u00e9 rapide et savoureuse<\/strong>. Pour appr\u00e9cier pleinement ses ar\u00f4mes, il est conseill\u00e9 de le d\u00e9guster dans les premi\u00e8res minutes qui suivent sa pr\u00e9paration.<\/p><p>Si le cortado traditionnel est pr\u00e9par\u00e9 avec du lait de vache, il existe aujourd&rsquo;hui de nombreuses variantes pour satisfaire tous les palais et toutes les envies.<\/p><p>Vous pouvez par exemple remplacer le lait d&rsquo;origine animale par du lait v\u00e9g\u00e9tal d&rsquo;amande, de soja ou d&rsquo;avoine pour une version vegan. Pour une note sucr\u00e9e, n&rsquo;h\u00e9sitez pas \u00e0 <strong>ajouter une touche de<\/strong><a href=\"https:\/\/yithcompare.321dev.ch\/fr\/produit\/sirop-caramel-maison-routin\/\" target=\"_blank\" rel=\"noreferrer noopener\"><strong> sirop de caramel<\/strong><\/a><strong> ou d&rsquo;\u00e9rable<\/strong>.&nbsp;&nbsp;<\/p><figure class=\"wp-block-video\"><video controls src=\"https:\/\/yithcompare.321dev.ch\/wp-content\/uploads\/2024\/09\/appletv.mp4\"><\/video><\/figure><div style=\"height:41px\" aria-hidden=\"true\" class=\"wp-block-spacer\"><\/div><h2 class=\"wp-block-heading\"><strong>Esperanza, votre partenaire pour un expresso cortado d&rsquo;exception<\/strong><\/h2><p>Chez Esperanza, nous sommes passionn\u00e9s par l&rsquo;art du caf\u00e9 et nous s\u00e9lectionnons avec soin les meilleures vari\u00e9t\u00e9s pour vous offrir une exp\u00e9rience gustative unique. Torr\u00e9fi\u00e9s artisanalement en Suisse, tous nos caf\u00e9s en grains ou moulus sont labellis\u00e9s <a href=\"https:\/\/yithcompare.321dev.ch\/fr\/le-cafe-fairtrade-une-tasse-de-saveurs-et-dequite\/\">Fairtr<\/a><a href=\"https:\/\/yithcompare.321dev.ch\/fr\/le-cafe-fairtrade-une-tasse-de-saveurs-et-dequite\/\" target=\"_blank\" rel=\"noreferrer noopener\">a<\/a><a href=\"https:\/\/yithcompare.321dev.ch\/fr\/le-cafe-fairtrade-une-tasse-de-saveurs-et-dequite\/\">de<\/a>. Laissez-vous tenter par l&rsquo;exp\u00e9rience d&rsquo;un expresso cortado authentique.<\/p><p><strong>Rendez-vous dans notre boutique \u00e0 <a href=\"https:\/\/www.google.com\/maps\/place\/Les+Caf%C3%A9s+Esperanza+S%C3%A0rl\/@46.618166,7.020688,15z\/data=!4m2!3m1!1s0x0:0x483924ad2ff0f3ec?sa=X&amp;ved=1t:2428&amp;ictx=111\" target=\"_blank\" rel=\"noreferrer noopener\">Vuadens <\/a>ou visitez notre site web <\/strong><a href=\"https:\/\/yithcompare.321dev.ch\/fr\/\" target=\"_blank\" rel=\"noreferrer noopener\"><strong>Esperanza.ch<\/strong><\/a><strong> pour d\u00e9couvrir notre s\u00e9lection de caf\u00e9s, de machines et d&rsquo;accessoires.<\/strong><\/p>","protected":false},"excerpt":{"rendered":"<p>L&rsquo;univers du caf\u00e9 est riche en saveurs et en traditions. Si vous \u00eates un amateur de caf\u00e9 \u00e0 la recherche d&rsquo;une nouvelle exp\u00e9rience gustative, laissez-nous vous pr\u00e9senter l&rsquo;espresso cortado, une boisson m\u00e9connue et embl\u00e9matique de l&rsquo;Espagne qui a conquis le c\u0153ur des coffee lovers du monde entier. Qu&rsquo;est-ce qu&rsquo;un expresso cortado ? Le terme \u00ab\u00a0cortado\u00a0\u00bb [&hellip;]<\/p>\n","protected":false},"author":6990,"featured_media":53005,"comment_status":"open","ping_status":"open","sticky":false,"template":"","format":"standard","meta":{"footnotes":""},"categories":[486,148],"tags":[],"class_list":["post-52996","post","type-post","status-publish","format-standard","has-post-thumbnail","hentry","category-recettes","category-style"],"_links":{"self":[{"href":"https:\/\/yithcompare.321dev.ch\/fr\/wp-json\/wp\/v2\/posts\/52996","targetHints":{"allow":["GET"]}}],"collection":[{"href":"https:\/\/yithcompare.321dev.ch\/fr\/wp-json\/wp\/v2\/posts"}],"about":[{"href":"https:\/\/yithcompare.321dev.ch\/fr\/wp-json\/wp\/v2\/types\/post"}],"author":[{"embeddable":true,"href":"https:\/\/yithcompare.321dev.ch\/fr\/wp-json\/wp\/v2\/users\/6990"}],"replies":[{"embeddable":true,"href":"https:\/\/yithcompare.321dev.ch\/fr\/wp-json\/wp\/v2\/comments?post=52996"}],"version-history":[{"count":0,"href":"https:\/\/yithcompare.321dev.ch\/fr\/wp-json\/wp\/v2\/posts\/52996\/revisions"}],"wp:featuredmedia":[{"embeddable":true,"href":"https:\/\/yithcompare.321dev.ch\/fr\/wp-json\/wp\/v2\/media\/53005"}],"wp:attachment":[{"href":"https:\/\/yithcompare.321dev.ch\/fr\/wp-json\/wp\/v2\/media?parent=52996"}],"wp:term":[{"taxonomy":"category","embeddable":true,"href":"https:\/\/yithcompare.321dev.ch\/fr\/wp-json\/wp\/v2\/categories?post=52996"},{"taxonomy":"post_tag","embeddable":true,"href":"https:\/\/yithcompare.321dev.ch\/fr\/wp-json\/wp\/v2\/tags?post=52996"}],"curies":[{"name":"wp","href":"https:\/\/api.w.org\/{rel}","templated":true}]}}