{"id":52755,"date":"2024-08-29T13:20:01","date_gmt":"2024-08-29T11:20:01","guid":{"rendered":"https:\/\/esperanza.ch\/?p=52755"},"modified":"2024-09-20T13:08:50","modified_gmt":"2024-09-20T11:08:50","slug":"le-cafe-expresso-a-travers-le-monde","status":"publish","type":"post","link":"https:\/\/yithcompare.321dev.ch\/fr\/le-cafe-expresso-a-travers-le-monde\/","title":{"rendered":"Le caf\u00e9 expresso \u00e0 travers le monde"},"content":{"rendered":"<p>L&rsquo;expresso, cette petite dose de caf\u00e9 concentr\u00e9, est bien plus qu&rsquo;une simple boisson. V\u00e9ritable symbole de la culture caf\u00e9in\u00e9e, il se d\u00e9cline en une multitude de variations \u00e0 travers le monde, refl\u00e9tant les traditions et les go\u00fbts uniques de chaque pays. Embarquez pour un voyage aromatique, des ruelles anim\u00e9es de Rome aux march\u00e9s vibrants de Hanoi, et d\u00e9couvrez comment l&rsquo;expresso de qualit\u00e9 se r\u00e9invente au gr\u00e9 des cultures.<\/p><h2 class=\"wp-block-heading\"><strong>L&rsquo;Italie, gardienne des traditions du caf\u00e9<\/strong><\/h2><p>Impossible de parler d&rsquo;<strong>expresso<\/strong>&nbsp;sans \u00e9voquer l&rsquo;Italie, son pays d&rsquo;origine. C&rsquo;est ici, \u00e0 la fin du 19\u00e8me si\u00e8cle, que les machines \u00e0 expresso voient le jour, r\u00e9volutionnant la fa\u00e7on de consommer le <a href=\"https:\/\/yithcompare.321dev.ch\/fr\/cafe-italien-moka-espresso-romano\/\" target=\"_blank\" rel=\"noreferrer noopener\">caf\u00e9 italien<\/a> en grain ou moulu. En Italie, l&rsquo;expresso&nbsp;est un rituel, une pause sacr\u00e9e dans le rythme effr\u00e9n\u00e9 de la journ\u00e9e. Les Italiens le d\u00e9gustent sous diff\u00e9rentes formes :<\/p><ul class=\"wp-block-list\"><li><strong>Le Caff\u00e8 :<\/strong> servi dans une petite tasse en c\u00e9ramique pr\u00e9chauff\u00e9e, le \u00ab\u00a0caff\u00e8\u00a0\u00bb italien classique est un&nbsp;expresso&nbsp;court et intense, \u00e0 d\u00e9guster sur le pouce, souvent debout au comptoir. En y ajoutant un peu d&rsquo;eau chaude, on obtient un lungo.<\/li>\n\n<li><strong>Le Cappuccino :<\/strong> ce m\u00e9lange parfait d&rsquo;expresso&nbsp;et de lait mont\u00e9 en une mousse onctueuse est le symbole du petit-d\u00e9jeuner italien. Il est toujours servi dans une&nbsp;<a href=\"https:\/\/yithcompare.321dev.ch\/fr\/produit\/tasses-et-sous-tasses-a-cafe-esperanza-6-pcs-3\/\" target=\"_blank\" rel=\"noreferrer noopener\">tasse \u00e0 cappuccino<\/a>. Les amateurs de caf\u00e9ine&nbsp;savent qu&rsquo;il est mal vu de le commander apr\u00e8s 11h !<\/li>\n\n<li><strong>Le Macchiato :<\/strong>&nbsp;\u00ab\u00a0t\u00e2ch\u00e9\u00a0\u00bb en italien, le macchiato est un&nbsp;expresso&nbsp;adouci par une touche de mousse de lait.<\/li><\/ul><div class=\"wp-block-image\"><figure class=\"aligncenter size-full is-resized\"><a href=\"https:\/\/yithcompare.321dev.ch\/wp-content\/uploads\/2024\/09\/3304616343_65fca0db20_c.jpg\"><img loading=\"lazy\" decoding=\"async\" width=\"800\" height=\"531\" src=\"https:\/\/yithcompare.321dev.ch\/wp-content\/uploads\/2024\/09\/3304616343_65fca0db20_c.jpg\" alt=\"tasse caf\u00e9 expresso\" class=\"wp-image-52774\" style=\"width:830px\" srcset=\"https:\/\/yithcompare.321dev.ch\/wp-content\/uploads\/2024\/09\/3304616343_65fca0db20_c.jpg 800w, https:\/\/yithcompare.321dev.ch\/wp-content\/uploads\/2024\/09\/3304616343_65fca0db20_c-603x400.jpg 603w, https:\/\/yithcompare.321dev.ch\/wp-content\/uploads\/2024\/09\/3304616343_65fca0db20_c-768x510.jpg 768w, https:\/\/yithcompare.321dev.ch\/wp-content\/uploads\/2024\/09\/3304616343_65fca0db20_c-510x339.jpg 510w\" sizes=\"auto, (max-width: 800px) 100vw, 800px\" \/><\/a><\/figure><\/div><div style=\"height:41px\" aria-hidden=\"true\" class=\"wp-block-spacer\"><\/div><h2 class=\"wp-block-heading\"><strong>L&rsquo;Espagne, un caf\u00e9&nbsp;<\/strong><strong>robuste et<\/strong><strong> des <\/strong><strong>douceurs lact\u00e9es<\/strong><\/h2><p>L&rsquo;Espagne partage une passion similaire pour le caf\u00e9. Si l&rsquo;expresso&nbsp;y est \u00e9galement tr\u00e8s populaire, il se d\u00e9cline en plusieurs variantes qui refl\u00e8tent les pr\u00e9f\u00e9rences locales.<\/p><ul class=\"wp-block-list\"><li><strong>Le Caf\u00e9 Solo :<\/strong>&nbsp;court et intense, similaire \u00e0 son homologue&nbsp;italien.<\/li>\n\n<li><strong>Le Caf\u00e9 Cortado :<\/strong>\u00a0\u00ab\u00a0coup\u00e9\u00a0\u00bb en espagnol, le <a href=\"https:\/\/yithcompare.321dev.ch\/fr\/cafe-cortado-espresso-puissant\/\" target=\"_blank\" rel=\"noreferrer noopener\">cortado <\/a>est un\u00a0espresso\u00a0allong\u00e9 avec une dose de lait chaud, pour un r\u00e9sultat plus doux.<\/li>\n\n<li><strong>Le Caf\u00e9 con Leche :<\/strong> litt\u00e9ralement \u00ab\u00a0caf\u00e9 au lait\u00a0\u00bb, cette boisson se compose de caf\u00e9&nbsp;et de lait chaud \u00e0 parts \u00e9gales, souvent servie dans un grand verre.<\/li><\/ul><figure class=\"wp-block-image size-full is-resized\"><a href=\"https:\/\/yithcompare.321dev.ch\/wp-content\/uploads\/2024\/09\/52278084866_5127f56f29_c-1.jpg\"><img loading=\"lazy\" decoding=\"async\" width=\"800\" height=\"534\" src=\"https:\/\/yithcompare.321dev.ch\/wp-content\/uploads\/2024\/09\/52278084866_5127f56f29_c-1.jpg\" alt=\"caf\u00e9 au lait\" class=\"wp-image-52792\" style=\"width:815px;height:auto\" srcset=\"https:\/\/yithcompare.321dev.ch\/wp-content\/uploads\/2024\/09\/52278084866_5127f56f29_c-1.jpg 800w, https:\/\/yithcompare.321dev.ch\/wp-content\/uploads\/2024\/09\/52278084866_5127f56f29_c-1-599x400.jpg 599w, https:\/\/yithcompare.321dev.ch\/wp-content\/uploads\/2024\/09\/52278084866_5127f56f29_c-1-768x513.jpg 768w, https:\/\/yithcompare.321dev.ch\/wp-content\/uploads\/2024\/09\/52278084866_5127f56f29_c-1-510x340.jpg 510w\" sizes=\"auto, (max-width: 800px) 100vw, 800px\" \/><\/a><\/figure><div style=\"height:41px\" aria-hidden=\"true\" class=\"wp-block-spacer\"><\/div><h2 class=\"wp-block-heading\">Le caf\u00e9 gal\u00e3o ou l&rsquo;expresso \u00e0 la portugaise<\/h2><p>Le Portugal, pays r\u00e9put\u00e9 pour ses azulejos et ses past\u00e9is de nata, nourrit \u00e9galement une v\u00e9ritable passion pour le caf\u00e9. Le \u00ab\u00a0<a href=\"https:\/\/yithcompare.321dev.ch\/fr\/cafe-galao-expresso-a-la-portugaise\/\" target=\"_blank\" rel=\"noreferrer noopener\">caf\u00e9 gal\u00e3o<\/a>\u00a0\u00bb en est la preuve flagrante.<\/p><p>Servi dans un grand verre, il se compose d&rsquo;un&nbsp;expresso&nbsp;auquel on ajoute une g\u00e9n\u00e9reuse quantit\u00e9 de lait chaud et mousseux. La proportion typique est d&rsquo;un quart d&rsquo;expresso&nbsp;pour trois quarts de lait, cr\u00e9ant une boisson douce et r\u00e9confortante, id\u00e9ale pour accompagner les p\u00e2tisseries locales.<\/p><h2 class=\"wp-block-heading\"><strong>Le Vietnam, l&rsquo;exotisme du caf\u00e9 de sp\u00e9cialit\u00e9 glac\u00e9 au lait condens\u00e9<\/strong><\/h2><p>Changement de d\u00e9cor radical avec le Vietnam, o\u00f9 l&rsquo;espresso&nbsp;adopte les saveurs exotiques de l&rsquo;Asie. Influenc\u00e9 par la colonisation fran\u00e7aise, le caf\u00e9 vietnamien se distingue par l&rsquo;utilisation du <strong>robusta<\/strong>, un caf\u00e9 plus cors\u00e9 en association avec du lait concentr\u00e9 sucr\u00e9.<\/p><p>Le <strong>C\u00e0 ph\u00ea s\u1eefa \u0111\u00e1<\/strong>, litt\u00e9ralement \u00ab\u00a0caf\u00e9, lait, glace\u00a0\u00bb, est la boisson embl\u00e9matique du pays. Un&nbsp;espresso&nbsp;vietnamien fort est vers\u00e9 sur du lait concentr\u00e9 sucr\u00e9, puis refroidi avec de la glace. Le r\u00e9sultat ? Une boisson douce, intense et terriblement rafra\u00eechissante.<\/p><figure class=\"wp-block-image size-full is-resized\"><a href=\"https:\/\/yithcompare.321dev.ch\/wp-content\/uploads\/2024\/09\/2662307247_2c0d040a31_c.jpg\"><img loading=\"lazy\" decoding=\"async\" width=\"800\" height=\"533\" src=\"https:\/\/yithcompare.321dev.ch\/wp-content\/uploads\/2024\/09\/2662307247_2c0d040a31_c.jpg\" alt=\"caf\u00e9 C\u00e0 ph\u00ea s\u1eefa \u0111\u00e1\" class=\"wp-image-52788\" style=\"width:837px;height:auto\" srcset=\"https:\/\/yithcompare.321dev.ch\/wp-content\/uploads\/2024\/09\/2662307247_2c0d040a31_c.jpg 800w, https:\/\/yithcompare.321dev.ch\/wp-content\/uploads\/2024\/09\/2662307247_2c0d040a31_c-600x400.jpg 600w, https:\/\/yithcompare.321dev.ch\/wp-content\/uploads\/2024\/09\/2662307247_2c0d040a31_c-768x512.jpg 768w, https:\/\/yithcompare.321dev.ch\/wp-content\/uploads\/2024\/09\/2662307247_2c0d040a31_c-510x340.jpg 510w\" sizes=\"auto, (max-width: 800px) 100vw, 800px\" \/><\/a><\/figure><div style=\"height:41px\" aria-hidden=\"true\" class=\"wp-block-spacer\"><\/div><h2 class=\"wp-block-heading\"><strong>L&rsquo;Australie, le pays du flat white et du latte art<\/strong><\/h2><p>Direction l&rsquo;Australie, o\u00f9 la culture du caf\u00e9 est un art de vivre. Les Australiens sont r\u00e9put\u00e9s pour leur expertise en mati\u00e8re d&rsquo;espresso, et le pays a vu na\u00eetre des boissons iconiques comme le <strong>flat white<\/strong>. Compos\u00e9 avec deux capsules de caf\u00e9&nbsp;et une fine couche de lait micro-mouss\u00e9, cette boisson \u00e9quilibr\u00e9e met en valeur les ar\u00f4mes du caf\u00e9.<\/p><p>Autre&nbsp;ph\u00e9nom\u00e8ne en Australie, le <strong><a href=\"https:\/\/yithcompare.321dev.ch\/fr\/latte-glace-maison-recette-cafe-cremeux\/\" target=\"_blank\" rel=\"noreferrer noopener\">latte art<\/a><\/strong> consiste \u00e0 cr\u00e9er des motifs artistiques sur la surface du caf\u00e9 gr\u00e2ce \u00e0 la ma\u00eetrise de la mousse lact\u00e9e.<\/p><figure class=\"wp-block-image size-full is-resized\"><a href=\"https:\/\/yithcompare.321dev.ch\/wp-content\/uploads\/2024\/09\/5715346849_697892cc47_c.jpg\"><img loading=\"lazy\" decoding=\"async\" width=\"799\" height=\"534\" src=\"https:\/\/yithcompare.321dev.ch\/wp-content\/uploads\/2024\/09\/5715346849_697892cc47_c.jpg\" alt=\"caf\u00e9 latte art\" class=\"wp-image-52782\" style=\"width:824px;height:auto\" srcset=\"https:\/\/yithcompare.321dev.ch\/wp-content\/uploads\/2024\/09\/5715346849_697892cc47_c.jpg 799w, https:\/\/yithcompare.321dev.ch\/wp-content\/uploads\/2024\/09\/5715346849_697892cc47_c-599x400.jpg 599w, https:\/\/yithcompare.321dev.ch\/wp-content\/uploads\/2024\/09\/5715346849_697892cc47_c-768x513.jpg 768w, https:\/\/yithcompare.321dev.ch\/wp-content\/uploads\/2024\/09\/5715346849_697892cc47_c-510x341.jpg 510w\" sizes=\"auto, (max-width: 799px) 100vw, 799px\" \/><\/a><\/figure><div style=\"height:41px\" aria-hidden=\"true\" class=\"wp-block-spacer\"><\/div><h2 class=\"wp-block-heading\">Le r\u00f4le de la torr\u00e9faction : du grain vert \u00e0 l&rsquo;ar\u00f4me envo\u00fbtant de l&rsquo;expresso<\/h2><p>Avant d&rsquo;arriver dans votre tasse, votre caf\u00e9 subit une \u00e9tape cruciale. Ce processus de chauffe transforme les grains verts en grains bruns parfum\u00e9s que nous connaissons. La dur\u00e9e et l&rsquo;intensit\u00e9 de la torr\u00e9faction influencent grandement le go\u00fbt final du produit des caf\u00e9iculteurs.<\/p><ul class=\"wp-block-list\"><li><strong>Claire<\/strong> : elle offre&nbsp;un caf\u00e9 l\u00e9ger et acide, et des notes florales et fruit\u00e9es.<\/li>\n\n<li><strong>Moyenne<\/strong> : elle donne un caf\u00e9 \u00e9quilibr\u00e9, avec une l\u00e9g\u00e8re amertume et des notes de chocolat.<\/li>\n\n<li><strong>Fonc\u00e9e<\/strong> : elle produit un caf\u00e9 cors\u00e9, avec une odeur fum\u00e9e et caram\u00e9lis\u00e9e.<\/li><\/ul><h2 class=\"wp-block-heading\">En grains, moulu ou en capsules : quel espresso choisir ?<\/h2><p>Le choix&nbsp;se fait \u00e9galement en fonction de sa forme :<\/p><ul class=\"wp-block-list\"><li><strong><a href=\"https:\/\/yithcompare.321dev.ch\/fr\/categorie-produit\/cafe\/cafe-en-grains\/\" target=\"_blank\" rel=\"noreferrer noopener\">Les grains de caf\u00e9<\/a><\/strong> offrent la meilleure fra\u00eecheur et permettent de contr\u00f4ler la mouture, mais ils n\u00e9cessitent une machine \u00e0 caf\u00e9 avec moulin int\u00e9gr\u00e9.<\/li><\/ul><ul class=\"wp-block-list\"><li><strong>Le caf\u00e9&nbsp;moulu <\/strong>est plus pratique, mais il perd sa fra\u00eecheur plus rapidement. Il est important de choisir une mouture adapt\u00e9e \u00e0 votre <a href=\"https:\/\/yithcompare.321dev.ch\/fr\/cafetiere-italienne-bialetti-expresso-authentique\/\" target=\"_blank\" rel=\"noreferrer noopener\">machine \u00e0 caf\u00e9<\/a>.<\/li><\/ul><ul class=\"wp-block-list\"><li><strong>Les capsules de caf\u00e9 <\/strong>s\u00e9duisent pas leur grande facilit\u00e9 d&rsquo;utilisation et existent dans une grande vari\u00e9t\u00e9 de saveurs. Elles sont n\u00e9anmoins plus co\u00fbteuses et moins \u00e9cologiques.<\/li><\/ul><p>Chaque m\u00e9thode pr\u00e9sente donc des avantages et des inconv\u00e9nients. Le choix final d\u00e9pend de vos pr\u00e9f\u00e9rences personnelles, du profil aromatique que vous pr\u00e9f\u00e9rez et du mat\u00e9riel disponible chez vous.<\/p><figure class=\"wp-block-image size-full\"><a href=\"https:\/\/yithcompare.321dev.ch\/wp-content\/uploads\/2024\/09\/36834443220_470c265101_c.jpg\"><img loading=\"lazy\" decoding=\"async\" width=\"800\" height=\"450\" src=\"https:\/\/yithcompare.321dev.ch\/wp-content\/uploads\/2024\/09\/36834443220_470c265101_c.jpg\" alt=\"capsules espresso \" class=\"wp-image-52768\" srcset=\"https:\/\/yithcompare.321dev.ch\/wp-content\/uploads\/2024\/09\/36834443220_470c265101_c.jpg 800w, https:\/\/yithcompare.321dev.ch\/wp-content\/uploads\/2024\/09\/36834443220_470c265101_c-711x400.jpg 711w, https:\/\/yithcompare.321dev.ch\/wp-content\/uploads\/2024\/09\/36834443220_470c265101_c-768x432.jpg 768w, https:\/\/yithcompare.321dev.ch\/wp-content\/uploads\/2024\/09\/36834443220_470c265101_c-510x287.jpg 510w\" sizes=\"auto, (max-width: 800px) 100vw, 800px\" \/><\/a><\/figure><div style=\"height:41px\" aria-hidden=\"true\" class=\"wp-block-spacer\"><\/div><h2 class=\"wp-block-heading\"><strong>L&rsquo;espresso, le langage universel des caf\u00e9s d&rsquo;exception<\/strong><\/h2><p>Du \u00ab\u00a0caff\u00e8\u00a0\u00bb italien au \u00ab\u00a0c\u00e0 ph\u00ea s\u1eefa \u0111\u00e1\u00a0\u00bb vietnamien, en passant par le \u00ab\u00a0flat white\u00a0\u00bb australien, l&rsquo;<strong>espresso<\/strong>&nbsp;se d\u00e9cline \u00e0 l&rsquo;infini, t\u00e9moignant de la richesse et de la diversit\u00e9 des cultures caf\u00e9in\u00e9es. Chaque pays, chaque r\u00e9gion a su s&rsquo;approprier cette boisson incontournable pour en faire un \u00e9l\u00e9ment central de son identit\u00e9 culinaire.<\/p><p>Alors la prochaine fois que vous d\u00e9gusterez un&nbsp;<strong>espresso<\/strong>, prenez le temps de savourer chaque gorg\u00e9e et laissez-vous transporter dans un voyage gustatif \u00e0 travers le monde.<\/p>","protected":false},"excerpt":{"rendered":"<p>L&rsquo;expresso, cette petite dose de caf\u00e9 concentr\u00e9, est bien plus qu&rsquo;une simple boisson. V\u00e9ritable symbole de la culture caf\u00e9in\u00e9e, il se d\u00e9cline en une multitude de variations \u00e0 travers le monde, refl\u00e9tant les traditions et les go\u00fbts uniques de chaque pays. Embarquez pour un voyage aromatique, des ruelles anim\u00e9es de Rome aux march\u00e9s vibrants de [&hellip;]<\/p>\n","protected":false},"author":6990,"featured_media":52801,"comment_status":"open","ping_status":"open","sticky":false,"template":"","format":"standard","meta":{"footnotes":""},"categories":[148],"tags":[],"class_list":["post-52755","post","type-post","status-publish","format-standard","has-post-thumbnail","hentry","category-style"],"_links":{"self":[{"href":"https:\/\/yithcompare.321dev.ch\/fr\/wp-json\/wp\/v2\/posts\/52755","targetHints":{"allow":["GET"]}}],"collection":[{"href":"https:\/\/yithcompare.321dev.ch\/fr\/wp-json\/wp\/v2\/posts"}],"about":[{"href":"https:\/\/yithcompare.321dev.ch\/fr\/wp-json\/wp\/v2\/types\/post"}],"author":[{"embeddable":true,"href":"https:\/\/yithcompare.321dev.ch\/fr\/wp-json\/wp\/v2\/users\/6990"}],"replies":[{"embeddable":true,"href":"https:\/\/yithcompare.321dev.ch\/fr\/wp-json\/wp\/v2\/comments?post=52755"}],"version-history":[{"count":0,"href":"https:\/\/yithcompare.321dev.ch\/fr\/wp-json\/wp\/v2\/posts\/52755\/revisions"}],"wp:featuredmedia":[{"embeddable":true,"href":"https:\/\/yithcompare.321dev.ch\/fr\/wp-json\/wp\/v2\/media\/52801"}],"wp:attachment":[{"href":"https:\/\/yithcompare.321dev.ch\/fr\/wp-json\/wp\/v2\/media?parent=52755"}],"wp:term":[{"taxonomy":"category","embeddable":true,"href":"https:\/\/yithcompare.321dev.ch\/fr\/wp-json\/wp\/v2\/categories?post=52755"},{"taxonomy":"post_tag","embeddable":true,"href":"https:\/\/yithcompare.321dev.ch\/fr\/wp-json\/wp\/v2\/tags?post=52755"}],"curies":[{"name":"wp","href":"https:\/\/api.w.org\/{rel}","templated":true}]}}