{"id":52014,"date":"2024-07-17T10:40:52","date_gmt":"2024-07-17T08:40:52","guid":{"rendered":"https:\/\/esperanza.ch\/?p=52014"},"modified":"2024-09-11T13:33:59","modified_gmt":"2024-09-11T11:33:59","slug":"cafe-galao-expresso-a-la-portugaise","status":"publish","type":"post","link":"https:\/\/yithcompare.321dev.ch\/fr\/cafe-galao-expresso-a-la-portugaise\/","title":{"rendered":"Recette caf\u00e9 gal\u00e3o : l&rsquo;expresso \u00e0 la portugaise"},"content":{"rendered":"<p>Dans les rues anim\u00e9es de Lisbonne, une boisson populaire capture l&rsquo;essence m\u00eame de la culture du caf\u00e9 portugais : le Gal\u00e3o. Ce m\u00e9lange harmonieux de caf\u00e9 expresso intense et de lait mousseux s\u00e9duit tous ceux qui le go\u00fbtent, devenant une v\u00e9ritable institution pour les amateurs de caf\u00e9.<\/p><h2 class=\"wp-block-heading\">L&rsquo;histoire et origine du Gal\u00e3o \u202f<\/h2><p>Le Gal\u00e3o, une boisson embl\u00e9matique du Portugal, trouve ses racines au d\u00e9but du 20\u1d49 si\u00e8cle. \u00c0 cette \u00e9poque, le caf\u00e9 \u00e9tait un luxe r\u00e9serv\u00e9 \u00e0 l&rsquo;\u00e9lite. Le Gal\u00e3o est n\u00e9 de la fusion entre l&rsquo;<a href=\"https:\/\/yithcompare.321dev.ch\/fr\/cafe-italien-moka-espresso-romano\/\" target=\"_blank\" rel=\"noreferrer noopener\">espresso italien<\/a> et l&rsquo;amour des Portugais pour le lait chaud, offrant une alternative accessible \u00e0 tous.&nbsp;<\/p><p>Son nom \u00ab\u00a0Gal\u00e3o\u00a0\u00bb vient du verre haut et cylindrique dans lequel il est servi. Ce qui le distingue, c&rsquo;est son \u00e9quilibre parfait : un tiers de caf\u00e9 pour deux tiers de lait, cr\u00e9ant une harmonie de saveurs unique.<\/p><p>Devenu une institution dans <a href=\"https:\/\/portugalenfrancais.com\/guide-du-cafe\/#google_vignette\" target=\"_blank\" rel=\"noreferrer noopener\">les caf\u00e9s portugais<\/a>, le Gal\u00e3o accompagne les petits-d\u00e9jeuners et les pauses de l&rsquo;apr\u00e8s-midi. Sa popularit\u00e9 a d\u00e9pass\u00e9 les fronti\u00e8res du Portugal, s\u00e9duisant les amateurs de caf\u00e9 au lait du monde entier.<\/p><p><em>&nbsp;Pr\u00eat \u00e0 apporter de la nouveaut\u00e9 dans votre routine matinale de caf\u00e9 ! Suivez-nous pour des astuces sur la pr\u00e9paration de votre d\u00e9licieux Galao.<\/em><\/p><div class=\"wp-block-image\"><figure class=\"aligncenter size-full is-resized\"><a href=\"https:\/\/yithcompare.321dev.ch\/wp-content\/uploads\/2024\/08\/17050104050_75be6a458b_c.jpg\"><img loading=\"lazy\" decoding=\"async\" width=\"800\" height=\"534\" src=\"https:\/\/yithcompare.321dev.ch\/wp-content\/uploads\/2024\/08\/17050104050_75be6a458b_c.jpg\" alt=\"Le Gal\u00e3o, une caf\u00e9 du Portugal\" class=\"wp-image-52029\" style=\"width:832px;height:auto\" srcset=\"https:\/\/yithcompare.321dev.ch\/wp-content\/uploads\/2024\/08\/17050104050_75be6a458b_c.jpg 800w, https:\/\/yithcompare.321dev.ch\/wp-content\/uploads\/2024\/08\/17050104050_75be6a458b_c-599x400.jpg 599w, https:\/\/yithcompare.321dev.ch\/wp-content\/uploads\/2024\/08\/17050104050_75be6a458b_c-768x513.jpg 768w, https:\/\/yithcompare.321dev.ch\/wp-content\/uploads\/2024\/08\/17050104050_75be6a458b_c-510x340.jpg 510w\" sizes=\"auto, (max-width: 800px) 100vw, 800px\" \/><\/a><\/figure><\/div><div style=\"height:41px\" aria-hidden=\"true\" class=\"wp-block-spacer\"><\/div><h2 class=\"wp-block-heading\">Les ingr\u00e9dients d&rsquo;un Gal\u00e3o authentique<\/h2><p>Pour cr\u00e9er un Gal\u00e3o digne de ce nom chez vous, le choix des ingr\u00e9dients est primordial. Voici ce dont vous aurez besoin :<\/p><ul class=\"wp-block-list\"><li><strong>Caf\u00e9 expresso :<\/strong> optez pour un caf\u00e9 fra\u00eechement moulu, id\u00e9alement un m\u00e9lange robuste avec des notes de chocolat et de noisette. Les caf\u00e9s d&rsquo;origine <a href=\"https:\/\/yithcompare.321dev.ch\/fr\/categorie-produit\/cafe\/brasil\/\" target=\"_blank\" rel=\"noreferrer noopener\">br\u00e9silienne<\/a> ou <a href=\"https:\/\/yithcompare.321dev.ch\/fr\/categorie-produit\/cafe\/colombie\/\" target=\"_blank\" rel=\"noreferrer noopener\">colombienne<\/a> sont particuli\u00e8rement appr\u00e9ci\u00e9s pour leur richesse et leur corps.<\/li>\n\n<li><strong>Lait : c<\/strong>hoisissez un lait entier pour obtenir la texture cr\u00e9meuse caract\u00e9ristique du Gal\u00e3o. Le lait entier apporte une onctuosit\u00e9 qui compl\u00e8te parfaitement l&rsquo;amertume du caf\u00e9.<\/li>\n\n<li><strong>Eau :<\/strong> utilisez de l&rsquo;eau fra\u00eeche et filtr\u00e9e pour pr\u00e9parer votre expresso. La qualit\u00e9 de l&rsquo;eau compte, car elle influencera grandement le go\u00fbt final de votre Gal\u00e3o.<\/li>\n\n<li><strong>Sucre (facultatif) :<\/strong> traditionnellement, le Gal\u00e3o peut \u00eatre servi avec ou sans sucre, selon les pr\u00e9f\u00e9rences personnelles.<\/li><\/ul><p>En termes d&rsquo;\u00e9quipement, vous aurez besoin d&rsquo;<a href=\"https:\/\/yithcompare.321dev.ch\/fr\/cafetiere-italienne-bialetti-expresso-authentique\/\" target=\"_blank\" rel=\"noreferrer noopener\">une machine \u00e0 expresso<\/a> ou d&rsquo;une cafeti\u00e8re italienne (moka), d&rsquo;un mousseur \u00e0 lait ou d&rsquo;<a href=\"https:\/\/yithcompare.321dev.ch\/fr\/produit\/mousseur-lait-manuel-acier\/\" target=\"_blank\" rel=\"noreferrer noopener\">un \u00e9mulseur manuel<\/a>, et d&rsquo;un grand verre ou d&rsquo;une tasse haute (id\u00e9alement de 250 ml).<\/p><h2 class=\"wp-block-heading\">La pr\u00e9paration du Gal\u00e3o : un art \u00e0 ma\u00eetriser<\/h2><p>Pr\u00e9parer un Gal\u00e3o parfait est un v\u00e9ritable art qui demande pr\u00e9cision et attention aux d\u00e9tails. Voici les \u00e9tapes \u00e0 suivre pour cr\u00e9er votre boisson maison :<\/p><h3 class=\"wp-block-heading\"><strong>Pr\u00e9parez votre expresso&nbsp;<\/strong><\/h3><p>Commencez par extraire un shot de caf\u00e9 expresso (environ 30 ml) gr\u00e2ce \u00e0 votre machine \u00e0 expresso ou votre <a href=\"https:\/\/yithcompare.321dev.ch\/fr\/cafetiere-italienne-bialetti-expresso-authentique\/\" target=\"_blank\" rel=\"noreferrer noopener\">cafeti\u00e8re italienne<\/a>. L&rsquo;<a href=\"https:\/\/yithcompare.321dev.ch\/fr\/le-cafe-expresso-a-travers-le-monde\/\" target=\"_blank\" rel=\"noreferrer noopener\">expresso<\/a> doit avoir une belle cr\u00e8me dor\u00e9e \u00e0 la surface.<\/p><div class=\"wp-block-image\"><figure class=\"aligncenter size-full is-resized\"><a href=\"https:\/\/yithcompare.321dev.ch\/wp-content\/uploads\/2024\/08\/24917002775_03d789275d_c.jpg\"><img loading=\"lazy\" decoding=\"async\" width=\"799\" height=\"533\" src=\"https:\/\/yithcompare.321dev.ch\/wp-content\/uploads\/2024\/08\/24917002775_03d789275d_c.jpg\" alt=\"Caf\u00e9 gal\u00e3o, caf\u00e9 au lait\" class=\"wp-image-52036\" style=\"width:834px;height:auto\" srcset=\"https:\/\/yithcompare.321dev.ch\/wp-content\/uploads\/2024\/08\/24917002775_03d789275d_c.jpg 799w, https:\/\/yithcompare.321dev.ch\/wp-content\/uploads\/2024\/08\/24917002775_03d789275d_c-600x400.jpg 600w, https:\/\/yithcompare.321dev.ch\/wp-content\/uploads\/2024\/08\/24917002775_03d789275d_c-768x512.jpg 768w, https:\/\/yithcompare.321dev.ch\/wp-content\/uploads\/2024\/08\/24917002775_03d789275d_c-510x340.jpg 510w\" sizes=\"auto, (max-width: 799px) 100vw, 799px\" \/><\/a><\/figure><\/div><div style=\"height:42px\" aria-hidden=\"true\" class=\"wp-block-spacer\"><\/div><h3 class=\"wp-block-heading\"><strong>Faites mousser le lait&nbsp;<\/strong><\/h3><p>Versez approximativement 150 ml de lait froid dans votre pichet \u00e0 mousser. Utilisez un mousseur \u00e9lectrique ou un \u00e9mulseur manuel pour cr\u00e9er une mousse lisse et brillante, en doublant le volume du lait.<\/p><h3 class=\"wp-block-heading\"><strong>Assemblez votre Gal\u00e3o&nbsp;<\/strong><\/h3><p>Dans un grand verre ou une tasse haute, versez d&rsquo;abord l&rsquo;expresso chaud, puis ajoutez d\u00e9licatement le lait mousseux en inclinant l\u00e9g\u00e8rement le verre. Versez lentement pour permettre \u00e0 la mousse de se d\u00e9poser naturellement sur le dessus.<\/p><div class=\"wp-block-image\"><figure class=\"aligncenter size-full is-resized\"><a href=\"https:\/\/yithcompare.321dev.ch\/wp-content\/uploads\/2024\/08\/5499185416_4efe3b14b5_c-1.jpg\"><img loading=\"lazy\" decoding=\"async\" width=\"800\" height=\"600\" src=\"https:\/\/yithcompare.321dev.ch\/wp-content\/uploads\/2024\/08\/5499185416_4efe3b14b5_c-1.jpg\" alt=\"caf\u00e9 expresso\" class=\"wp-image-52023\" style=\"width:848px;height:auto\" srcset=\"https:\/\/yithcompare.321dev.ch\/wp-content\/uploads\/2024\/08\/5499185416_4efe3b14b5_c-1.jpg 800w, https:\/\/yithcompare.321dev.ch\/wp-content\/uploads\/2024\/08\/5499185416_4efe3b14b5_c-1-533x400.jpg 533w, https:\/\/yithcompare.321dev.ch\/wp-content\/uploads\/2024\/08\/5499185416_4efe3b14b5_c-1-768x576.jpg 768w, https:\/\/yithcompare.321dev.ch\/wp-content\/uploads\/2024\/08\/5499185416_4efe3b14b5_c-1-510x383.jpg 510w\" sizes=\"auto, (max-width: 800px) 100vw, 800px\" \/><\/a><\/figure><\/div><div style=\"height:42px\" aria-hidden=\"true\" class=\"wp-block-spacer\"><\/div><h3 class=\"wp-block-heading\"><strong>Cr\u00e9ez le motif caract\u00e9ristique&nbsp;<\/strong><\/h3><p>Pour reproduire le motif distinctif de couches du Gal\u00e3o traditionnel, utilisez une cuill\u00e8re pour retenir la mousse tout en versant le lait, puis laissez la mousse se d\u00e9poser doucement sur le dessus \u00e0 la fin.<\/p><h3 class=\"wp-block-heading\"><strong>Ajustez \u00e0 votre go\u00fbt&nbsp;<\/strong><\/h3><p>Si vous pr\u00e9f\u00e9rez votre caf\u00e9 sucr\u00e9, c&rsquo;est le moment d&rsquo;ajouter du sucre. M\u00e9langez doucement pour ne pas perturber les diff\u00e9rentes couches.<\/p><p><em>La cl\u00e9 d&rsquo;un Gal\u00e3o parfait r\u00e9side dans l&rsquo;\u00e9quilibre entre le caf\u00e9 et le lait. Le ratio id\u00e9al est g\u00e9n\u00e9ralement d&rsquo;un tiers de caf\u00e9 pour deux tiers de lait, mais n&rsquo;h\u00e9sitez pas \u00e0 ajuster selon vos pr\u00e9f\u00e9rences.<\/em><\/p><h2 class=\"wp-block-heading\">Gal\u00e3o et cr\u00e9ativit\u00e9 : personnalisez votre boisson<\/h2><p>Le gal\u00e3o, joyau de la tradition caf\u00e9in\u00e9e portugaise, n&rsquo;attend que votre touche personnelle pour devenir une exp\u00e9rience unique.&nbsp;<\/p><p>Osez l&rsquo;aventure en rempla\u00e7ant le lait traditionnel par des alternatives v\u00e9g\u00e9tales comme l&rsquo;amande ou l&rsquo;avoine, ajoutant des notes sucr\u00e9es et une texture soyeuse.&nbsp;<\/p><p>Ajoutez une pinc\u00e9e de cannelle ou de cacao pour une dimension \u00e9pic\u00e9e ou chocolat\u00e9e. Par temps chaud, optez pour une version glac\u00e9e : m\u00e9langez un espresso cors\u00e9 refroidi avec du lait froid et des gla\u00e7ons pour une boisson rafra\u00eechissante.<\/p><p>Pour une douceur naturelle, utilisez du sirop d&rsquo;agave, du miel ou du sirop d&rsquo;\u00e9rable \u00e0 la place du sucre raffin\u00e9. Avec ces astuces, votre gal\u00e3o sera une aventure gustative \u00e0 red\u00e9couvrir chaque jour.<\/p><div class=\"wp-block-image\"><figure class=\"aligncenter size-full is-resized\"><a href=\"https:\/\/yithcompare.321dev.ch\/wp-content\/uploads\/2024\/08\/8597963859_234056d306_c.jpg\"><img loading=\"lazy\" decoding=\"async\" width=\"799\" height=\"533\" src=\"https:\/\/yithcompare.321dev.ch\/wp-content\/uploads\/2024\/08\/8597963859_234056d306_c.jpg\" alt=\"recette Gal\u00e3o\" class=\"wp-image-52025\" style=\"width:848px;height:auto\" srcset=\"https:\/\/yithcompare.321dev.ch\/wp-content\/uploads\/2024\/08\/8597963859_234056d306_c.jpg 799w, https:\/\/yithcompare.321dev.ch\/wp-content\/uploads\/2024\/08\/8597963859_234056d306_c-600x400.jpg 600w, https:\/\/yithcompare.321dev.ch\/wp-content\/uploads\/2024\/08\/8597963859_234056d306_c-768x512.jpg 768w, https:\/\/yithcompare.321dev.ch\/wp-content\/uploads\/2024\/08\/8597963859_234056d306_c-510x340.jpg 510w\" sizes=\"auto, (max-width: 799px) 100vw, 799px\" \/><\/a><\/figure><\/div><div style=\"height:42px\" aria-hidden=\"true\" class=\"wp-block-spacer\"><\/div><h2 class=\"wp-block-heading\">Le Gal\u00e3o, bien plus qu&rsquo;une simple boisson<\/h2><p>En pr\u00e9parant et en d\u00e9gustant un Gal\u00e3o, vous ne faites pas que savourer une d\u00e9licieuse boisson caf\u00e9in\u00e9e, vous vous ouvrez \u00e0 de nouvelles exp\u00e9riences gustatives.<\/p><p>Profitez pour admirer sa pr\u00e9sentation visuelle avec ses couches dor\u00e9es et cr\u00e9meuses. Laissez-vous envo\u00fbter par ses ar\u00f4mes riches et complexes, o\u00f9 la puissance du caf\u00e9 se marie \u00e0 la douceur du lait. En portant la tasse \u00e0 vos l\u00e8vres, savourez la texture soyeuse et les saveurs qui se d\u00e9voilent progressivement.<\/p><p>Que vous soyez un amateur de caf\u00e9 chevronn\u00e9 ou simplement curieux de d\u00e9couvrir de nouvelles saveurs, le Gal\u00e3o offre une exp\u00e9rience unique qui m\u00e9rite d&rsquo;\u00eatre explor\u00e9e.<\/p><p>Sa pr\u00e9paration peut devenir un rituel apaisant, un moment de pause dans votre journ\u00e9e o\u00f9 vous prenez le temps de cr\u00e9er quelque chose de beau et de d\u00e9licieux.<\/p><p><em>Alors, la prochaine fois que vous aurez envie d&rsquo;une pause-caf\u00e9, pourquoi ne pas vous lancer dans la pr\u00e9paration d&rsquo;un Gal\u00e3o ? Chez&nbsp;<strong><a href=\"https:\/\/yithcompare.321dev.ch\/fr\/\">Esperanza.ch<\/a>, <\/strong>vous&nbsp;trouverez tout ce qu&rsquo;il vous faut pour le r\u00e9ussir !&nbsp;<\/em><\/p>","protected":false},"excerpt":{"rendered":"<p>Dans les rues anim\u00e9es de Lisbonne, une boisson populaire capture l&rsquo;essence m\u00eame de la culture du caf\u00e9 portugais : le Gal\u00e3o. Ce m\u00e9lange harmonieux de caf\u00e9 expresso intense et de lait mousseux s\u00e9duit tous ceux qui le go\u00fbtent, devenant une v\u00e9ritable institution pour les amateurs de caf\u00e9. L&rsquo;histoire et origine du Gal\u00e3o \u202f Le Gal\u00e3o, [&hellip;]<\/p>\n","protected":false},"author":6990,"featured_media":52021,"comment_status":"closed","ping_status":"closed","sticky":false,"template":"","format":"standard","meta":{"footnotes":""},"categories":[486,148],"tags":[],"class_list":["post-52014","post","type-post","status-publish","format-standard","has-post-thumbnail","hentry","category-recettes","category-style"],"_links":{"self":[{"href":"https:\/\/yithcompare.321dev.ch\/fr\/wp-json\/wp\/v2\/posts\/52014","targetHints":{"allow":["GET"]}}],"collection":[{"href":"https:\/\/yithcompare.321dev.ch\/fr\/wp-json\/wp\/v2\/posts"}],"about":[{"href":"https:\/\/yithcompare.321dev.ch\/fr\/wp-json\/wp\/v2\/types\/post"}],"author":[{"embeddable":true,"href":"https:\/\/yithcompare.321dev.ch\/fr\/wp-json\/wp\/v2\/users\/6990"}],"replies":[{"embeddable":true,"href":"https:\/\/yithcompare.321dev.ch\/fr\/wp-json\/wp\/v2\/comments?post=52014"}],"version-history":[{"count":0,"href":"https:\/\/yithcompare.321dev.ch\/fr\/wp-json\/wp\/v2\/posts\/52014\/revisions"}],"wp:featuredmedia":[{"embeddable":true,"href":"https:\/\/yithcompare.321dev.ch\/fr\/wp-json\/wp\/v2\/media\/52021"}],"wp:attachment":[{"href":"https:\/\/yithcompare.321dev.ch\/fr\/wp-json\/wp\/v2\/media?parent=52014"}],"wp:term":[{"taxonomy":"category","embeddable":true,"href":"https:\/\/yithcompare.321dev.ch\/fr\/wp-json\/wp\/v2\/categories?post=52014"},{"taxonomy":"post_tag","embeddable":true,"href":"https:\/\/yithcompare.321dev.ch\/fr\/wp-json\/wp\/v2\/tags?post=52014"}],"curies":[{"name":"wp","href":"https:\/\/api.w.org\/{rel}","templated":true}]}}