{"id":48933,"date":"2024-02-15T18:12:48","date_gmt":"2024-02-15T16:12:48","guid":{"rendered":"https:\/\/esperanza.ch\/?p=48933"},"modified":"2024-11-07T16:15:08","modified_gmt":"2024-11-07T14:15:08","slug":"aromes-et-saveurs-uniques-du-cafe-decafeine","status":"publish","type":"post","link":"https:\/\/yithcompare.321dev.ch\/fr\/aromes-et-saveurs-uniques-du-cafe-decafeine\/","title":{"rendered":"Ar\u00f4mes et saveurs uniques du caf\u00e9 d\u00e9caf\u00e9in\u00e9"},"content":{"rendered":"<p>Le caf\u00e9 d\u00e9caf\u00e9in\u00e9, souvent injustement jug\u00e9 comme une option terne et sans saveur, m\u00e9rite qu&rsquo;on lui accorde un nouveau regard. Contre toute attente, il dissimule une richesse aromatique complexe et d\u00e9licate. Qu&rsquo;il soit fruit\u00e9, floral, bois\u00e9, musqu\u00e9 ou \u00e9pic\u00e9, l&rsquo;\u00e9ventail des saveurs qu&rsquo;il propose se d\u00e9ploie avec une finesse remarquable. La m\u00e9thode de d\u00e9caf\u00e9ination employ\u00e9e, qu&rsquo;elle utilise l&rsquo;eau ou des solvants chimiques, ainsi que le degr\u00e9 de torr\u00e9faction des grains, affecte de mani\u00e8re singuli\u00e8re les ar\u00f4mes du caf\u00e9. Ce monde de d\u00e9licatesse invite les aficionados du caf\u00e9 \u00e0 plonger dans une aventure gustative, r\u00e9v\u00e9lant les tr\u00e9sors cach\u00e9s et la diversit\u00e9 aromatique m\u00e9connue du caf\u00e9 d\u00e9caf\u00e9in\u00e9.<\/p><h2 class=\"wp-block-heading\"><strong>La qu\u00eate des ar\u00f4mes<\/strong><\/h2><p>L&rsquo;essence aromatique du d\u00e9ca d\u00e9pend de plusieurs facteurs, notamment de la vari\u00e9t\u00e9 du grain de caf\u00e9, du processus de <a href=\"https:\/\/yithcompare.321dev.ch\/fr\/la-palette-des-grains-de-cafe-voyage-a-travers-les-couleurs-de-la-torrefaction\/\">torr\u00e9faction <\/a>et, bien s\u00fbr, de la m\u00e9thode de d\u00e9caf\u00e9ination utilis\u00e9e. En effet, certaines techniques peuvent pr\u00e9server davantage les ar\u00f4mes naturels du caf\u00e9 que d&rsquo;autres.<\/p><h2 class=\"wp-block-heading\"><strong>Les grands proc\u00e9d\u00e9s de d\u00e9caf\u00e9ination \u00e0 l&rsquo;\u00e9tude<\/strong><\/h2><p>Pour bien comprendre les nuances aromatiques du caf\u00e9 d\u00e9caf\u00e9in\u00e9, il est essentiel d&rsquo;avoir un aper\u00e7u des diff\u00e9rentes<a href=\"https:\/\/yithcompare.321dev.ch\/fr\/les-methodes-de-decafeination-explorez-le-monde-decafeine\/\"> techniques de d\u00e9caf\u00e9ination<\/a> utilis\u00e9es. Les deux principales m\u00e9thodes sont la d\u00e9caf\u00e9ination \u00e0 l&rsquo;eau suisse et la d\u00e9caf\u00e9ination aux solvants chimiques.<\/p><h3 class=\"wp-block-heading\"><strong>La m\u00e9thode de d\u00e9caf\u00e9ination \u00e0 l&rsquo;eau Suisse<\/strong><\/h3><p>Surnomm\u00e9e \u00ab\u00a0Swiss Water Process\u00a0\u00bb, elle utilise uniquement de l&rsquo;eau purifi\u00e9e pour extraire la caf\u00e9ine des grains de caf\u00e9 verts. Aucun produit chimique n&rsquo;entre en jeu, ce qui permet de pr\u00e9server au maximum l&rsquo;int\u00e9grit\u00e9 aromatique initiale. Cette technique est r\u00e9put\u00e9e comme \u00e9tant la plus respectueuse des saveurs pures et naturelles. C&rsquo;est \u00e9galement le proc\u00e9d\u00e9 qu&rsquo;Esperanza a choisi pour des caf\u00e9s d\u00e9caf\u00e9in\u00e9s haut de gamme.<\/p><h3 class=\"wp-block-heading\"><strong>Les proc\u00e9d\u00e9s d&rsquo;extraction aux solvants<\/strong><\/h3><p>\u00c0 l&rsquo;inverse, le processus de d\u00e9caf\u00e9ination aux solvants fait intervenir des compos\u00e9s organiques comme l&rsquo;ac\u00e9tate d&rsquo;\u00e9thyle ou les chlorures de m\u00e9thyl\u00e8ne pour dissoudre la caf\u00e9ine. Bien que des efforts soient faits pour \u00e9liminer les r\u00e9sidus, certains ar\u00f4mes peuvent l\u00e9g\u00e8rement \u00eatre alt\u00e9r\u00e9s.<\/p><div style=\"height:19px\" aria-hidden=\"true\" class=\"wp-block-spacer\"><\/div><div class=\"wp-block-image\"><figure class=\"aligncenter size-full is-resized\"><a href=\"https:\/\/yithcompare.321dev.ch\/wp-content\/uploads\/2024\/02\/7878985862_5b5de55241_c.jpg\"><img loading=\"lazy\" decoding=\"async\" width=\"800\" height=\"600\" src=\"https:\/\/yithcompare.321dev.ch\/wp-content\/uploads\/2024\/02\/7878985862_5b5de55241_c.jpg\" alt=\"m\u00e9thode de d\u00e9caf\u00e9ination \u00e0 l'eau Suisse\" class=\"wp-image-48962\" style=\"width:847px;height:auto\" srcset=\"https:\/\/yithcompare.321dev.ch\/wp-content\/uploads\/2024\/02\/7878985862_5b5de55241_c.jpg 800w, https:\/\/yithcompare.321dev.ch\/wp-content\/uploads\/2024\/02\/7878985862_5b5de55241_c-533x400.jpg 533w, https:\/\/yithcompare.321dev.ch\/wp-content\/uploads\/2024\/02\/7878985862_5b5de55241_c-768x576.jpg 768w, https:\/\/yithcompare.321dev.ch\/wp-content\/uploads\/2024\/02\/7878985862_5b5de55241_c-510x383.jpg 510w\" sizes=\"auto, (max-width: 800px) 100vw, 800px\" \/><\/a><\/figure><\/div><div style=\"height:19px\" aria-hidden=\"true\" class=\"wp-block-spacer\"><\/div><h2 class=\"wp-block-heading\"><strong>Palette aromatique du caf\u00e9 d\u00e9caf\u00e9in\u00e9 : notes torr\u00e9fi\u00e9es et \u00e9pic\u00e9es<\/strong><\/h2><p>Contrairement aux id\u00e9es re\u00e7ues, un bon caf\u00e9 d\u00e9caf\u00e9in\u00e9 peut offrir une palette aromatique riche et complexe. Chaque proc\u00e9d\u00e9 de d\u00e9caf\u00e9ination, chaque niveau de torr\u00e9faction influencent de mani\u00e8re unique les parfums du caf\u00e9.<\/p><p>Que l&rsquo;on soit amateur de douceur et de d\u00e9licatesse, ou bien de saveurs intenses et affirm\u00e9es, le caf\u00e9 d\u00e9caf\u00e9in\u00e9 a d\u00e9cid\u00e9ment tout pour combler les amateurs les plus exigeants.&nbsp;<\/p><p>Alors n&rsquo;h\u00e9sitez plus \u00e0 vous laisser tenter par ce d\u00e9licat voyage des sens !<\/p><h2 class=\"wp-block-heading\"><strong>Le proc\u00e9d\u00e9 \u00e0 l&rsquo;eau : un gage d&rsquo;authenticit\u00e9 des ar\u00f4mes<\/strong><\/h2><p>C&rsquo;est incontestablement gr\u00e2ce au proc\u00e9d\u00e9 de d\u00e9caf\u00e9ination \u00e0 l&rsquo;eau que l&rsquo;on se rapproche au plus pr\u00e8s des saveurs authentiques et naturelles du caf\u00e9. Cette m\u00e9thode permet, en effet, de pr\u00e9server l&rsquo;int\u00e9grit\u00e9 aromatique des grains dans toute sa complexit\u00e9.<\/p><h3 class=\"wp-block-heading\"><strong>Une palette aromatique pr\u00e9serv\u00e9e pour une exp\u00e9rience de caf\u00e9 exceptionnelle<\/strong><\/h3><p>Avec uniquement de l&rsquo;eau purifi\u00e9e pour retirer la caf\u00e9ine, ce proc\u00e9d\u00e9 doux \u00e9carte l&rsquo;usage de compos\u00e9s chimiques susceptibles d&rsquo;alt\u00e9rer les ar\u00f4mes du caf\u00e9. Ainsi, les grains d\u00e9caf\u00e9in\u00e9s semblent garder une grande part de leur riche palette aromatique initiale.<\/p><p>Le caf\u00e9 qui en r\u00e9sulte est une immersion dans l&rsquo;essence m\u00eame des caf\u00e9s exceptionnels, qu&rsquo;ils soient fruit\u00e9s, fleuris, \u00e9pic\u00e9s ou bois\u00e9s. Les notes caract\u00e9ristiques d&rsquo;agrumes et de fruits rouges, propres aux r\u00e9coltes d&rsquo;Am\u00e9rique centrale, d\u00e9ploient leur fra\u00eecheur \u00e9clatante. Les ar\u00f4mes profonds, musqu\u00e9s avec des touches poivr\u00e9es, typiques des vari\u00e9t\u00e9s cultiv\u00e9es en Indon\u00e9sie, enrichissent \u00e9galement cette d\u00e9gustation.<\/p><p>Qu&rsquo;il s&rsquo;agisse de balsamiques, de fleurs s\u00e9ch\u00e9es ou d&rsquo;herbes aromatiques, les nuances les plus d\u00e9licates sont maintenues de fa\u00e7on remarquable, \u00e0 peine alt\u00e9r\u00e9es par la d\u00e9caf\u00e9ination.<\/p><div style=\"height:19px\" aria-hidden=\"true\" class=\"wp-block-spacer\"><\/div><div class=\"wp-block-image\"><figure class=\"aligncenter size-full is-resized\"><a href=\"https:\/\/yithcompare.321dev.ch\/wp-content\/uploads\/2024\/04\/53554147706_dda58f89f5_c.jpg\"><img loading=\"lazy\" decoding=\"async\" width=\"799\" height=\"533\" src=\"https:\/\/yithcompare.321dev.ch\/wp-content\/uploads\/2024\/04\/53554147706_dda58f89f5_c.jpg\" alt=\"saveurs naturelles du caf\u00e9\" class=\"wp-image-48943\" style=\"width:853px;height:auto\" srcset=\"https:\/\/yithcompare.321dev.ch\/wp-content\/uploads\/2024\/04\/53554147706_dda58f89f5_c.jpg 799w, https:\/\/yithcompare.321dev.ch\/wp-content\/uploads\/2024\/04\/53554147706_dda58f89f5_c-600x400.jpg 600w, https:\/\/yithcompare.321dev.ch\/wp-content\/uploads\/2024\/04\/53554147706_dda58f89f5_c-768x512.jpg 768w, https:\/\/yithcompare.321dev.ch\/wp-content\/uploads\/2024\/04\/53554147706_dda58f89f5_c-510x340.jpg 510w\" sizes=\"auto, (max-width: 799px) 100vw, 799px\" \/><\/a><\/figure><\/div><div style=\"height:19px\" aria-hidden=\"true\" class=\"wp-block-spacer\"><\/div><h2 class=\"wp-block-heading\"><strong>L&rsquo;intensit\u00e9 aromatique sublim\u00e9e par la d\u00e9caf\u00e9ination aux solvants<\/strong><\/h2><p>Si le proc\u00e9d\u00e9 \u00e0 l&rsquo;eau permet de conserver une signature aromatique quasi originelle, les techniques faisant appel \u00e0 des solvants chimiques impriment, elles aussi, leur marque aux saveurs du caf\u00e9 d\u00e9caf\u00e9in\u00e9. Loin de les d\u00e9naturer, elles semblent au contraire exalter certains ar\u00f4mes pour leur conf\u00e9rer une intensit\u00e9 unique.<\/p><h3 class=\"wp-block-heading\"><strong>Des notes aromatiques rehauss\u00e9es<\/strong><\/h3><p>L&rsquo;utilisation de compos\u00e9s organiques comme l&rsquo;acide ac\u00e9tique ou le dichlorom\u00e9thane engendre un subtil, mais r\u00e9el renforcement, de certaines nuances aromatiques. D\u00e8s les premi\u00e8res gorg\u00e9es, le palais est saisi par l&rsquo;intensit\u00e9 des notes de grains torr\u00e9fi\u00e9s, de fruits secs ou de bois\u00e9.<\/p><p>Ces accents de noisette grill\u00e9e, de pain d&rsquo;\u00e9pices ou encore ces l\u00e9g\u00e8res pointes fum\u00e9es qui n&rsquo;avaient rien \u00e0 envier aux caf\u00e9s standards sont amplifi\u00e9s, gagnant en pr\u00e9sence et en rondeur. Un profil de caract\u00e8re, id\u00e9al pour les amateurs de saveurs tr\u00e8s marqu\u00e9es et cors\u00e9es.<\/p><h3 class=\"wp-block-heading\"><strong>La douceur raffin\u00e9e s&rsquo;efface<\/strong><\/h3><p>Si cette intensit\u00e9 aromatique ravira les palais les plus affirm\u00e9s, les amateurs des touches plus d\u00e9licates pourraient en revanche \u00eatre quelque peu d\u00e9\u00e7us. On constate, en effet, que les fines nuances florales, fruit\u00e9es ou herbac\u00e9es s&rsquo;effacent souvent au profit d&rsquo;une palette musqu\u00e9e, \u00e9pic\u00e9e, presque muscl\u00e9e.<\/p><p>Les \u00e9l\u00e9gantes notes d&rsquo;agrumes ou de fruits rouges si typiques de certaines r\u00e9gions laissent alors la place \u00e0 une expression plus brute des ar\u00f4mes pr\u00e9sents dans le caf\u00e9.<\/p><h2 class=\"wp-block-heading\"><strong>Le torr\u00e9facteur, artisan des ar\u00f4mes :&nbsp;<\/strong><\/h2><p>Bien que le proc\u00e9d\u00e9 de d\u00e9caf\u00e9ination joue un r\u00f4le majeur, le niveau de torr\u00e9faction demeure l&rsquo;\u00e9l\u00e9ment cl\u00e9 pour fa\u00e7onner le profil aromatique final, quel que soit le type de caf\u00e9.<\/p><p>Globalement, les grands principes restent les m\u00eames qu&rsquo;avec un caf\u00e9 standard. Une torr\u00e9faction plus l\u00e9g\u00e8re favorisera les notes fruit\u00e9es, herbac\u00e9es ou florales tandis qu&rsquo;une torr\u00e9faction pouss\u00e9e d\u00e9veloppera davantage de saveurs de grains torr\u00e9fi\u00e9s, de caramel ou de chocolat.<\/p><p>Quelques nuances subtiles persistent cependant avec les d\u00e9caf\u00e9in\u00e9s. Par exemple, les grains de caf\u00e9 clairs tendraient \u00e0 exprimer des ar\u00f4mes plus francs d&rsquo;herbes aromatiques alors que les torr\u00e9factions fonc\u00e9es d\u00e9voileraient plus volontiers des notes de fruits confits ou de pralin\u00e9.<\/p><p>Une exploration aromatique riche en contrastes qui promet \u00e0 tous les amateurs de belles d\u00e9couvertes insoup\u00e7onn\u00e9es !<\/p><div style=\"height:19px\" aria-hidden=\"true\" class=\"wp-block-spacer\"><\/div><div class=\"wp-block-image\"><figure class=\"aligncenter size-full is-resized\"><a href=\"https:\/\/yithcompare.321dev.ch\/wp-content\/uploads\/2024\/02\/3331346097_b97f7f0b26_c.jpg\"><img loading=\"lazy\" decoding=\"async\" width=\"799\" height=\"533\" src=\"https:\/\/yithcompare.321dev.ch\/wp-content\/uploads\/2024\/02\/3331346097_b97f7f0b26_c.jpg\" alt=\"Le torr\u00e9facteur, artisan des ar\u00f4mes\" class=\"wp-image-48966\" style=\"width:866px;height:auto\" srcset=\"https:\/\/yithcompare.321dev.ch\/wp-content\/uploads\/2024\/02\/3331346097_b97f7f0b26_c.jpg 799w, https:\/\/yithcompare.321dev.ch\/wp-content\/uploads\/2024\/02\/3331346097_b97f7f0b26_c-600x400.jpg 600w, https:\/\/yithcompare.321dev.ch\/wp-content\/uploads\/2024\/02\/3331346097_b97f7f0b26_c-768x512.jpg 768w, https:\/\/yithcompare.321dev.ch\/wp-content\/uploads\/2024\/02\/3331346097_b97f7f0b26_c-510x340.jpg 510w\" sizes=\"auto, (max-width: 799px) 100vw, 799px\" \/><\/a><\/figure><\/div><div style=\"height:19px\" aria-hidden=\"true\" class=\"wp-block-spacer\"><\/div><h2 class=\"wp-block-heading\"><strong>Une texture unique, entre douceur et l\u00e9g\u00e8ret\u00e9<\/strong><\/h2><p>Au-del\u00e0 des simples ar\u00f4mes, c&rsquo;est aussi la texture en bouche qui diff\u00e9rencie nettement le caf\u00e9 d\u00e9caf\u00e9in\u00e9 de son homologue traditionnel. La plupart des experts s&rsquo;accordent sur son corps plus l\u00e9ger, a\u00e9rien et d\u00e9licat.<\/p><p>Avec moins de pr\u00e9sence tannique, le d\u00e9caf\u00e9in\u00e9 offre une douceur velout\u00e9e qui met particuli\u00e8rement en valeur les m\u00e9langes tr\u00e8s cors\u00e9s d&rsquo;Am\u00e9rique latine. Elle fait \u00e9galement ressortir \u00e0 merveille les profils \u00e9pic\u00e9s et musqu\u00e9s de provenance Indon\u00e9sienne.&nbsp;<\/p><p>Pour les amateurs d&rsquo;acidit\u00e9 vive, les caf\u00e9s d\u00e9caf\u00e9in\u00e9s d&rsquo;Afrique de l&rsquo;Est comme le Kenya ou l&rsquo;\u00c9thiopie peuvent constituer un excellent compromis. Bien que l\u00e9g\u00e8rement att\u00e9nu\u00e9e, leur signature acidul\u00e9e persiste, apportant une vivacit\u00e9 bienvenue.<\/p><h2 class=\"wp-block-heading\"><strong>L&rsquo;art de la d\u00e9gustation<\/strong><\/h2><p>La v\u00e9ritable appr\u00e9ciation du caf\u00e9 d\u00e9caf\u00e9in\u00e9 r\u00e9side dans l&rsquo;art de sa d\u00e9gustation. Appr\u00e9cier un bon caf\u00e9 d\u00e9caf\u00e9in\u00e9 demande d&rsquo;aiguiser ses sens. Une d\u00e9gustation attentive et r\u00e9fl\u00e9chie, en faisant tourner le breuvage dans la bouche, permettra de capturer toutes les subtilit\u00e9s aromatiques pr\u00e9sentes dans le go\u00fbt du caf\u00e9.<\/p><p>Il est \u00e9galement recommand\u00e9 d&rsquo;opter pour une m\u00e9thode d&rsquo;extraction douce favorisant l&rsquo;oxyg\u00e9nation, comme la<a href=\"https:\/\/yithcompare.321dev.ch\/fr\/produit\/chemex\/\"> cafeti\u00e8re filtre Chemex<\/a> ou<a href=\"https:\/\/yithcompare.321dev.ch\/fr\/produit\/aeropress-original\/\"> l&rsquo;Aeropress<\/a>. L&rsquo;a\u00e9ration facilitera ainsi l&rsquo;expression compl\u00e8te des parfums d\u00e9licats. Les amateurs de pr\u00e9parations plus lentes et savoureuses pourront se tourner vers une<a href=\"https:\/\/www.esperanza.fr\/collections\/cafetiere-a-piston\"> cafeti\u00e8re \u00e0 piston<\/a> ou une<a href=\"https:\/\/yithcompare.321dev.ch\/fr\/produit\/cafetiere-hario-cold-brew\/\"> cafeti\u00e8re Cold Brew<\/a> par exemple.<\/p><p>Pour affiner son palais, il est essentiel de comparer un caf\u00e9 \u00e0 forte teneur en caf\u00e9ine avec son \u00e9quivalent d\u00e9caf\u00e9in\u00e9. C&rsquo;est dans la capture de ces subtiles diff\u00e9rences que r\u00e9side l&rsquo;art de d\u00e9couvrir la profondeur et l&rsquo;\u00e9l\u00e9gance des saveurs dans le caf\u00e9 d\u00e9caf\u00e9in\u00e9.<\/p><div style=\"height:19px\" aria-hidden=\"true\" class=\"wp-block-spacer\"><\/div><div class=\"wp-block-image\"><figure class=\"aligncenter size-large is-resized\"><a href=\"https:\/\/yithcompare.321dev.ch\/wp-content\/uploads\/2024\/04\/AdobeStock_404258734-scaled.jpeg\"><img loading=\"lazy\" decoding=\"async\" width=\"1400\" height=\"787\" src=\"https:\/\/yithcompare.321dev.ch\/wp-content\/uploads\/2024\/04\/AdobeStock_404258734-1400x787.jpeg\" alt=\"recettes caf\u00e9 sans caf\u00e9ine\" class=\"wp-image-48941\" style=\"width:850px\" srcset=\"https:\/\/yithcompare.321dev.ch\/wp-content\/uploads\/2024\/04\/AdobeStock_404258734-1400x787.jpeg 1400w, https:\/\/yithcompare.321dev.ch\/wp-content\/uploads\/2024\/04\/AdobeStock_404258734-711x400.jpeg 711w, https:\/\/yithcompare.321dev.ch\/wp-content\/uploads\/2024\/04\/AdobeStock_404258734-768x432.jpeg 768w, https:\/\/yithcompare.321dev.ch\/wp-content\/uploads\/2024\/04\/AdobeStock_404258734-1536x864.jpeg 1536w, https:\/\/yithcompare.321dev.ch\/wp-content\/uploads\/2024\/04\/AdobeStock_404258734-scaled.jpeg 2048w, https:\/\/yithcompare.321dev.ch\/wp-content\/uploads\/2024\/04\/AdobeStock_404258734-510x287.jpeg 510w\" sizes=\"auto, (max-width: 1400px) 100vw, 1400px\" \/><\/a><\/figure><\/div><div style=\"height:19px\" aria-hidden=\"true\" class=\"wp-block-spacer\"><\/div><h2 class=\"wp-block-heading\"><strong>Plaisir gustatif et sant\u00e9 : le tout sans caf\u00e9ine<\/strong><\/h2><p>Au-del\u00e0 de la curiosit\u00e9 gustative, le d\u00e9caf\u00e9in\u00e9 est aussi une bonne alternative pour les amateurs de caf\u00e9 souhaitant diminuer leur consommation de caf\u00e9ine, souvent pour des<strong> <\/strong>raisons de sant\u00e9.&nbsp;<\/p><p>Les avanc\u00e9es technologiques permettent aujourd&rsquo;hui de r\u00e9duire significativement les effets stimulants de la caf\u00e9ine, sans alt\u00e9rer les ar\u00f4mes du caf\u00e9. Ce processus pr\u00e9serve le plaisir olfactif d&rsquo;un d\u00e9ca de qualit\u00e9 exceptionnelle, tout en prot\u00e9geant la sant\u00e9 du consommateur. Cela offre l&rsquo;opportunit\u00e9 de savourer un caf\u00e9 artisanal de premier choix \u00e0 n&rsquo;importe quel moment de la journ\u00e9e, sans subir les effets ind\u00e9sirables de la caf\u00e9ine sur notre organisme.<\/p><p>Alors n&rsquo;ayez plus de pr\u00e9jug\u00e9s et partez \u00e0 la d\u00e9couverte des multiples facettes des caf\u00e9s d\u00e9caf\u00e9in\u00e9s. Laissez-vous surprendre par cette riche palette des saveurs, \u00e0 la crois\u00e9e du fruit\u00e9, du torr\u00e9fi\u00e9 et de l&rsquo;\u00e9pic\u00e9. Une toute nouvelle exp\u00e9rience gustative vous attend !<\/p><p>Envie d&rsquo;un caf\u00e9 d\u00e9ca de qualit\u00e9\u202f? D\u00e9couvrez chez<a href=\"https:\/\/yithcompare.321dev.ch\/fr\/categorie-produit\/cafe\/decafeines\/?&amp;pm=0&amp;px=32&amp;orderby=orders&amp;s=&amp;post_type=product\"> Esperanza<\/a> une gamme exquise de caf\u00e9s fra\u00eechement moulus et en grains, id\u00e9aux pour sublimer votre espresso ou lungo doux.<\/p>","protected":false},"excerpt":{"rendered":"<p>Le caf\u00e9 d\u00e9caf\u00e9in\u00e9, souvent injustement jug\u00e9 comme une option terne et sans saveur, m\u00e9rite qu&rsquo;on lui accorde un nouveau regard. Contre toute attente, il dissimule une richesse aromatique complexe et d\u00e9licate. Qu&rsquo;il soit fruit\u00e9, floral, bois\u00e9, musqu\u00e9 ou \u00e9pic\u00e9, l&rsquo;\u00e9ventail des saveurs qu&rsquo;il propose se d\u00e9ploie avec une finesse remarquable. La m\u00e9thode de d\u00e9caf\u00e9ination employ\u00e9e, [&hellip;]<\/p>\n","protected":false},"author":6990,"featured_media":48945,"comment_status":"open","ping_status":"open","sticky":false,"template":"","format":"standard","meta":{"footnotes":""},"categories":[1],"tags":[],"class_list":["post-48933","post","type-post","status-publish","format-standard","has-post-thumbnail","hentry","category-news-esperanza"],"_links":{"self":[{"href":"https:\/\/yithcompare.321dev.ch\/fr\/wp-json\/wp\/v2\/posts\/48933","targetHints":{"allow":["GET"]}}],"collection":[{"href":"https:\/\/yithcompare.321dev.ch\/fr\/wp-json\/wp\/v2\/posts"}],"about":[{"href":"https:\/\/yithcompare.321dev.ch\/fr\/wp-json\/wp\/v2\/types\/post"}],"author":[{"embeddable":true,"href":"https:\/\/yithcompare.321dev.ch\/fr\/wp-json\/wp\/v2\/users\/6990"}],"replies":[{"embeddable":true,"href":"https:\/\/yithcompare.321dev.ch\/fr\/wp-json\/wp\/v2\/comments?post=48933"}],"version-history":[{"count":0,"href":"https:\/\/yithcompare.321dev.ch\/fr\/wp-json\/wp\/v2\/posts\/48933\/revisions"}],"wp:featuredmedia":[{"embeddable":true,"href":"https:\/\/yithcompare.321dev.ch\/fr\/wp-json\/wp\/v2\/media\/48945"}],"wp:attachment":[{"href":"https:\/\/yithcompare.321dev.ch\/fr\/wp-json\/wp\/v2\/media?parent=48933"}],"wp:term":[{"taxonomy":"category","embeddable":true,"href":"https:\/\/yithcompare.321dev.ch\/fr\/wp-json\/wp\/v2\/categories?post=48933"},{"taxonomy":"post_tag","embeddable":true,"href":"https:\/\/yithcompare.321dev.ch\/fr\/wp-json\/wp\/v2\/tags?post=48933"}],"curies":[{"name":"wp","href":"https:\/\/api.w.org\/{rel}","templated":true}]}}