{"id":48414,"date":"2024-02-27T17:41:08","date_gmt":"2024-02-27T15:41:08","guid":{"rendered":"https:\/\/esperanza.ch\/?p=48414"},"modified":"2025-01-17T16:17:36","modified_gmt":"2025-01-17T14:17:36","slug":"agroforesterie-avenir-durable-du-cafe","status":"publish","type":"post","link":"https:\/\/yithcompare.321dev.ch\/fr\/agroforesterie-avenir-durable-du-cafe\/","title":{"rendered":"L&rsquo;agroforesterie, l&rsquo;avenir durable du caf\u00e9 ?"},"content":{"rendered":"<p>Face aux nombreux d\u00e9fis environnementaux actuels, repenser les syst\u00e8mes de monocultures intensives de caf\u00e9iers est devenu un imp\u00e9ratif. N&rsquo;oublions pas que le caf\u00e9 est avant tout un arbre !<\/p><p>Dans les r\u00e9gions caf\u00e9icoles d&rsquo;Am\u00e9rique latine comme le Nicaragua, le Guatemala ou le Mexique, une approche \u00e9cologique et durable gagne du terrain : l&rsquo;agroforesterie. Cette pratique ancestrale consiste \u00e0 cultiver les caf\u00e9iers au sein d&rsquo;\u00e9cosyst\u00e8mes forestiers naturels ou reconstitu\u00e9s, plut\u00f4t que dans des monocultures intensives. Pr\u00e9servation de la biodiversit\u00e9, s\u00e9questration du carbone, protection des sols\u2026 Les b\u00e9n\u00e9fices sont multiples.<\/p><p>Le caf\u00e9 devient plus qu&rsquo;un simple breuvage, il devient le trait d&rsquo;union entre traditions paysannes et avant-garde \u00e9cologique. Une harmonie que tout passionn\u00e9 du caf\u00e9 se doit de d\u00e9couvrir et de soutenir !<\/p><h2 class=\"wp-block-heading\"><strong>Qu&rsquo;est-ce que l&rsquo;agroforesterie du caf\u00e9 ?<\/strong><\/h2><p>L&rsquo;agroforesterie repr\u00e9sente l&rsquo;antith\u00e8se d&rsquo;immenses \u00e9tendues de caf\u00e9iers cultiv\u00e9s de mani\u00e8re intensive et d\u00e9nud\u00e9e, trop souvent sources de d\u00e9forestation massive. Les producteurs ici choisissent d&rsquo;implanter leurs caf\u00e9iers au c\u0153ur de parcelles foresti\u00e8res, en symbiose avec d&rsquo;autres esp\u00e8ces v\u00e9g\u00e9tales et animales.<\/p><p>Loin d&rsquo;\u00eatre une nouveaut\u00e9, cette approche \u00e9tait d\u00e9j\u00e0 utilis\u00e9e par les peuples mayas et azt\u00e8ques il y a des si\u00e8cles. Mais, avec l&rsquo;av\u00e8nement de l&rsquo;agriculture industrielle, ces pratiques respectueuses de l&rsquo;environnement ont \u00e9t\u00e9 largement d\u00e9laiss\u00e9es au profit de monocultures intensives.<\/p><p>Aujourd&rsquo;hui, face aux d\u00e9r\u00e8glements climatiques et \u00e0 l&rsquo;\u00e9puisement des ressources naturelles, l&rsquo;agroforesterie caf\u00e9i\u00e8re gagne en popularit\u00e9 aupr\u00e8s des agriculteurs soucieux de l&rsquo;environnement et de la rentabilit\u00e9 \u00e0 long terme. Les syst\u00e8mes agroforestiers modernes proposent une alternative durable \u00e0 l&rsquo;exploitation intensive des terres, tout en pr\u00e9servant les ressources naturelles essentielles \u00e0 la production des caf\u00e9s extra qualitatifs.<\/p><div style=\"height:19px\" aria-hidden=\"true\" class=\"wp-block-spacer\"><\/div><div class=\"wp-block-image\"><figure class=\"aligncenter size-full\"><a href=\"https:\/\/yithcompare.321dev.ch\/wp-content\/uploads\/2024\/04\/5324912746_dc170c8af1_c-1.jpg\"><img loading=\"lazy\" decoding=\"async\" width=\"800\" height=\"600\" src=\"https:\/\/yithcompare.321dev.ch\/wp-content\/uploads\/2024\/04\/5324912746_dc170c8af1_c-1.jpg\" alt=\"agroforesterie du caf\u00e9\" class=\"wp-image-48588\" srcset=\"https:\/\/yithcompare.321dev.ch\/wp-content\/uploads\/2024\/04\/5324912746_dc170c8af1_c-1.jpg 800w, https:\/\/yithcompare.321dev.ch\/wp-content\/uploads\/2024\/04\/5324912746_dc170c8af1_c-1-533x400.jpg 533w, https:\/\/yithcompare.321dev.ch\/wp-content\/uploads\/2024\/04\/5324912746_dc170c8af1_c-1-768x576.jpg 768w, https:\/\/yithcompare.321dev.ch\/wp-content\/uploads\/2024\/04\/5324912746_dc170c8af1_c-1-510x383.jpg 510w\" sizes=\"auto, (max-width: 800px) 100vw, 800px\" \/><\/a><\/figure><\/div><div style=\"height:19px\" aria-hidden=\"true\" class=\"wp-block-spacer\"><\/div><h2 class=\"wp-block-heading\"><strong>Pourquoi le caf\u00e9 agroforestier est un r\u00e9gal pour les papilles ?<\/strong><\/h2><p>Pour les amateurs de caf\u00e9, la recherche de la qualit\u00e9 sup\u00e9rieure est une d\u00e9marche constante. Et, si le chemin vers cette excellence passait par l&rsquo;agroforesterie ?<\/p><p>L&rsquo;agroforesterie apporte une dimension \u00e9cologique essentielle \u00e0 la production de caf\u00e9, en soutenant un syst\u00e8me de culture qui respecte et tire parti des cycles naturels. Cette approche se traduit par un caf\u00e9 de for\u00eat de meilleure qualit\u00e9, avec des profils aromatiques plus riches et vari\u00e9s.<\/p><h3 class=\"wp-block-heading\"><strong>Un lent m\u00fbrissement, une explosion de saveurs<\/strong><\/h3><p>Contrairement aux id\u00e9es re\u00e7ues, le caf\u00e9 cultiv\u00e9 \u00e0 l&rsquo;ombre poss\u00e8de de nombreux atouts pour les amateurs de cette boisson. En effet, l&rsquo;ombrage mod\u00e9r\u00e9 apport\u00e9 par les arbres permet de r\u00e9guler les conditions microclimatiques de la plantation. Les f\u00e8ves m\u00fbrissent lentement avec plus de sucres et d&rsquo;ar\u00f4mes qui se d\u00e9veloppent. Le r\u00e9sultat ? Un caf\u00e9 d&rsquo;une richesse et d&rsquo;une profondeur de saveurs uniques.<\/p><div style=\"height:19px\" aria-hidden=\"true\" class=\"wp-block-spacer\"><\/div><div class=\"wp-block-image\"><figure class=\"aligncenter size-full\"><a href=\"https:\/\/yithcompare.321dev.ch\/wp-content\/uploads\/2024\/04\/429630168_566e899b45_c-1.jpg\"><img loading=\"lazy\" decoding=\"async\" width=\"800\" height=\"600\" src=\"https:\/\/yithcompare.321dev.ch\/wp-content\/uploads\/2024\/04\/429630168_566e899b45_c-1.jpg\" alt=\"caf\u00e9 cultiv\u00e9 \u00e0 l'ombre\" class=\"wp-image-48590\" srcset=\"https:\/\/yithcompare.321dev.ch\/wp-content\/uploads\/2024\/04\/429630168_566e899b45_c-1.jpg 800w, https:\/\/yithcompare.321dev.ch\/wp-content\/uploads\/2024\/04\/429630168_566e899b45_c-1-533x400.jpg 533w, https:\/\/yithcompare.321dev.ch\/wp-content\/uploads\/2024\/04\/429630168_566e899b45_c-1-768x576.jpg 768w, https:\/\/yithcompare.321dev.ch\/wp-content\/uploads\/2024\/04\/429630168_566e899b45_c-1-510x383.jpg 510w\" sizes=\"auto, (max-width: 800px) 100vw, 800px\" \/><\/a><\/figure><\/div><div style=\"height:19px\" aria-hidden=\"true\" class=\"wp-block-spacer\"><\/div><h3 class=\"wp-block-heading\"><strong>Un \u00e9crin de fra\u00eecheur pour des f\u00e8ves d&rsquo;exception<\/strong><\/h3><p>L&rsquo;ombrage naturel des arbres prot\u00e8ge \u00e9galement les caf\u00e9iers des stress hydriques et thermiques extr\u00eames, deux facteurs cl\u00e9s pour pr\u00e9server la qualit\u00e9 des f\u00e8ves. Les variations de temp\u00e9ratures trop importantes, souvent rencontr\u00e9es dans les champs d\u00e9couverts, sont n\u00e9fastes pour le d\u00e9veloppement harmonieux du caf\u00e9. Avec l&rsquo;agroforesterie, chaque f\u00e8ve est dorlot\u00e9 dans des conditions microclimatiques optimales.<\/p><h3 class=\"wp-block-heading\"><strong>Des sols fertiles, une complexit\u00e9 aromatique<\/strong><strong><s> <\/s><\/strong><strong>incomparable<\/strong><\/h3><p>L&rsquo;agroforesterie nourrit litt\u00e9ralement les sols gr\u00e2ce \u00e0 l&rsquo;apport constant de mati\u00e8re organique des arbres environnants. Cette fertilit\u00e9 naturelle favorise une vie microbienne riche et diversifi\u00e9e, offrant aux caf\u00e9iers tous les nutriments n\u00e9cessaires pour exprimer pleinement leurs ar\u00f4mes. Le r\u00e9sultat est un caf\u00e9 d&rsquo;une complexit\u00e9 aromatique et d&rsquo;un corps exceptionnels, faisant le bonheur des palais les plus exigeants.<\/p><p>En choisissant un caf\u00e9 issu de l&rsquo;agroforesterie, vous optez autant pour un produit respectueux de l&rsquo;environnement, que pour une exp\u00e9rience gustative hors du commun.<\/p><h2 class=\"wp-block-heading\"><strong>Le caf\u00e9 agroforestier : les multiples b\u00e9n\u00e9fices \u00e9cologiques<\/strong><\/h2><p>Au-del\u00e0 de la qualit\u00e9 gustative, l&rsquo;agroforesterie apporte de nombreux b\u00e9n\u00e9fices environnementaux qui participent \u00e0 la durabilit\u00e9 de la fili\u00e8re caf\u00e9 dans son ensemble. En imitant les \u00e9cosyst\u00e8mes forestiers, cette pratique favorise une diversit\u00e9 biologique qui nourrit la sant\u00e9 de l&rsquo;\u00e9cosyst\u00e8me. Elle sauvegarde les habitats fauniques, optimise la s\u00e9questration du carbone et r\u00e9gule l&rsquo;hydrologie, limitant l&rsquo;\u00e9rosion et enrichissant les sols.<\/p><p>Les arbres, agissant comme des brise-vents, prot\u00e8gent \u00e9galement contre l&rsquo;\u00e9rosion, surtout en haute altitude, et r\u00e9duisent le recours aux produits chimiques, pr\u00e9servant ainsi les ressources en eau et la sant\u00e9 des communaut\u00e9s. Ensemble, ces avantages font du caf\u00e9 agroforestier une voie prometteuse vers une production de caf\u00e9 plus durable et respectueuse de l&rsquo;environnement.<\/p><div style=\"height:19px\" aria-hidden=\"true\" class=\"wp-block-spacer\"><\/div><div class=\"wp-block-image\"><figure class=\"aligncenter size-full\"><a href=\"https:\/\/yithcompare.321dev.ch\/wp-content\/uploads\/2024\/04\/2798731671_dfcf29b620_c.jpg\"><img loading=\"lazy\" decoding=\"async\" width=\"800\" height=\"600\" src=\"https:\/\/yithcompare.321dev.ch\/wp-content\/uploads\/2024\/04\/2798731671_dfcf29b620_c.jpg\" alt=\"r\u00e9colte caf\u00e9 agroforestier\" class=\"wp-image-48598\" srcset=\"https:\/\/yithcompare.321dev.ch\/wp-content\/uploads\/2024\/04\/2798731671_dfcf29b620_c.jpg 800w, https:\/\/yithcompare.321dev.ch\/wp-content\/uploads\/2024\/04\/2798731671_dfcf29b620_c-533x400.jpg 533w, https:\/\/yithcompare.321dev.ch\/wp-content\/uploads\/2024\/04\/2798731671_dfcf29b620_c-768x576.jpg 768w, https:\/\/yithcompare.321dev.ch\/wp-content\/uploads\/2024\/04\/2798731671_dfcf29b620_c-510x383.jpg 510w\" sizes=\"auto, (max-width: 800px) 100vw, 800px\" \/><\/a><\/figure><\/div><div style=\"height:19px\" aria-hidden=\"true\" class=\"wp-block-spacer\"><\/div><h2 class=\"wp-block-heading\"><strong>L&rsquo;agroforesterie, gage d&rsquo;un commerce \u00e9quitable et durable<\/strong><\/h2><p>L&rsquo;agroforesterie est aussi un levier de d\u00e9veloppement \u00e9conomique durable pour les producteurs. En diversifiant leurs cultures au sein des syst\u00e8mes agroforestiers, les caf\u00e9iculteurs acqui\u00e8rent une r\u00e9silience face aux chocs climatiques et aux fluctuations des cours du caf\u00e9. Gr\u00e2ce aux revenus compl\u00e9mentaires issus des arbres fruitiers, du bois ou d&rsquo;autres productions, leur d\u00e9pendance au caf\u00e9 s&rsquo;all\u00e8ge, renfor\u00e7ant leur s\u00e9curit\u00e9 financi\u00e8re. L&rsquo;agroforesterie allie ainsi pr\u00e9servation des ressources et progr\u00e8s \u00e9conomique des communaut\u00e9s paysannes.<\/p><p>C&rsquo;est pourquoi de nombreuses coop\u00e9ratives de commerce \u00e9quitable encouragent l&rsquo;adoption de ces pratiques vertueuses aupr\u00e8s des petits producteurs. En garantissant des prix r\u00e9mun\u00e9rateurs et stables, le commerce \u00e9quitable permet aux caf\u00e9iculteurs d&rsquo;investir sur le long terme pour la transition vers l&rsquo;agroforesterie.<\/p><p>Une d\u00e9marche gagnant-gagnant autant pour les producteurs, les consommateurs que l&rsquo;environnement. Chez Esperanza, nous sommes fiers de proposer une gamme de <a href=\"https:\/\/yithcompare.321dev.ch\/fr\/categorie-produit\/cafe\/\" target=\"_blank\" rel=\"noreferrer noopener\">caf\u00e9s labellis\u00e9s commerce \u00e9quitable<\/a>.<\/p><div style=\"height:19px\" aria-hidden=\"true\" class=\"wp-block-spacer\"><\/div><div class=\"wp-block-image\"><figure class=\"aligncenter size-full is-resized\"><a href=\"https:\/\/yithcompare.321dev.ch\/wp-content\/uploads\/2024\/04\/24872178174_22dffbcfed_c.jpg\"><img loading=\"lazy\" decoding=\"async\" width=\"799\" height=\"533\" src=\"https:\/\/yithcompare.321dev.ch\/wp-content\/uploads\/2024\/04\/24872178174_22dffbcfed_c.jpg\" alt=\"grains de caf\u00e9\" class=\"wp-image-48593\" style=\"width:825px;height:auto\" srcset=\"https:\/\/yithcompare.321dev.ch\/wp-content\/uploads\/2024\/04\/24872178174_22dffbcfed_c.jpg 799w, https:\/\/yithcompare.321dev.ch\/wp-content\/uploads\/2024\/04\/24872178174_22dffbcfed_c-600x400.jpg 600w, https:\/\/yithcompare.321dev.ch\/wp-content\/uploads\/2024\/04\/24872178174_22dffbcfed_c-768x512.jpg 768w, https:\/\/yithcompare.321dev.ch\/wp-content\/uploads\/2024\/04\/24872178174_22dffbcfed_c-510x340.jpg 510w\" sizes=\"auto, (max-width: 799px) 100vw, 799px\" \/><\/a><\/figure><\/div><div style=\"height:19px\" aria-hidden=\"true\" class=\"wp-block-spacer\"><\/div><h2 class=\"wp-block-heading\"><strong>Agroforestry for Europe : un mod\u00e8le \u00e0 suivre<\/strong><\/h2><p>Conscients des nombreux avantages de l&rsquo;agroforesterie, de plus en plus d&rsquo;agriculteurs et d&rsquo;organisations embrassent cette approche durable. C&rsquo;est le cas notamment d&rsquo;<a href=\"https:\/\/euraf.isa.utl.pt\/welcome\" target=\"_blank\" rel=\"noreferrer noopener\">Agroforestry for Europe<\/a>, un projet ambitieux soutenu par l&rsquo;Union europ\u00e9enne, qui vise \u00e0 promouvoir et \u00e0 d\u00e9velopper les pratiques agroforesti\u00e8res \u00e0 travers le continent.<\/p><h2 class=\"wp-block-heading\"><strong>L&rsquo;agroforesterie face aux obstacles : Le chemin vers une caf\u00e9iculture durable<\/strong><\/h2><p>Malgr\u00e9 tous ces atouts, quelques freins persistent encore \u00e0 une adoption g\u00e9n\u00e9ralis\u00e9e de l&rsquo;agroforesterie. Faute d&rsquo;intrants chimiques, ses rendements peuvent parfois \u00eatre l\u00e9g\u00e8rement inf\u00e9rieurs aux monocultures intensives. Elle n\u00e9cessite aussi de lourds investissements initiaux en main d&rsquo;\u0153uvre et des comp\u00e9tences techniques aiguis\u00e9es.<\/p><p>Le manque de formations et d&rsquo;accompagnement sp\u00e9cialis\u00e9 sur ces syst\u00e8mes complexes reste un d\u00e9fi de taille. De m\u00eame que les processus de certifications, au cahier des charges parfois difficile \u00e0 respecter. Enfin, les producteurs souhaitant exporter leurs r\u00e9coltes font encore face \u00e0 certaines barri\u00e8res commerciales et r\u00e9glementaires.<\/p><p>Mais face \u00e0 l&rsquo;urgence climatique, repenser nos mod\u00e8les agricoles n&rsquo;est plus une option. L&rsquo;agroforesterie, en mariant production et pr\u00e9servation des \u00e9cosyst\u00e8mes naturels, pourrait bien repr\u00e9senter l&rsquo;avenir vertueux de la caf\u00e9iculture. \u00c0 nous, consommateurs, d&rsquo;encourager et de valoriser ces d\u00e9marches \u00e0 chaque tasse d\u00e9gust\u00e9e.<\/p><p>Une chose est s\u00fbre, derri\u00e8re chaque caf\u00e9 issu de ces parcelles agroforesti\u00e8res, c&rsquo;est tout un monde de biodiversit\u00e9 qui s&rsquo;\u00e9panouit dans votre tasse !<\/p><h2 class=\"wp-block-heading\"><strong>Caf\u00e9 r\u00e9volutionnaire : saveur et durabilit\u00e9 gr\u00e2ce \u00e0 l&rsquo;agroforesterie<\/strong><\/h2><p>Plongez dans une exp\u00e9rience caf\u00e9 o\u00f9 la saveur rencontre l&rsquo;\u00e9thique : <a href=\"https:\/\/yithcompare.321dev.ch\/fr\/categorie-produit\/cafe\/cafes-bio\/\" target=\"_blank\" rel=\"noreferrer noopener\">des grains biologiques<\/a>, issus du commerce \u00e9quitables et cultiv\u00e9s en agroforesterie. Chez Esperanza.ch, chaque grain est le symbole d&rsquo;un avenir durable\u202f!<\/p><p>Explorez notre s\u00e9lection unique de <a href=\"http:\/\/speranza.ch\/fr\/\" target=\"_blank\" rel=\"noreferrer noopener\">caf\u00e9s<\/a> et engagez-vous \u00e0 nos c\u00f4t\u00e9s pour une consommation plus consciente.<\/p>","protected":false},"excerpt":{"rendered":"<p>Face aux nombreux d\u00e9fis environnementaux actuels, repenser les syst\u00e8mes de monocultures intensives de caf\u00e9iers est devenu un imp\u00e9ratif. N&rsquo;oublions pas que le caf\u00e9 est avant tout un arbre ! Dans les r\u00e9gions caf\u00e9icoles d&rsquo;Am\u00e9rique latine comme le Nicaragua, le Guatemala ou le Mexique, une approche \u00e9cologique et durable gagne du terrain : l&rsquo;agroforesterie. Cette pratique [&hellip;]<\/p>\n","protected":false},"author":6990,"featured_media":48947,"comment_status":"open","ping_status":"open","sticky":false,"template":"","format":"standard","meta":{"footnotes":""},"categories":[1],"tags":[],"class_list":["post-48414","post","type-post","status-publish","format-standard","has-post-thumbnail","hentry","category-news-esperanza"],"_links":{"self":[{"href":"https:\/\/yithcompare.321dev.ch\/fr\/wp-json\/wp\/v2\/posts\/48414","targetHints":{"allow":["GET"]}}],"collection":[{"href":"https:\/\/yithcompare.321dev.ch\/fr\/wp-json\/wp\/v2\/posts"}],"about":[{"href":"https:\/\/yithcompare.321dev.ch\/fr\/wp-json\/wp\/v2\/types\/post"}],"author":[{"embeddable":true,"href":"https:\/\/yithcompare.321dev.ch\/fr\/wp-json\/wp\/v2\/users\/6990"}],"replies":[{"embeddable":true,"href":"https:\/\/yithcompare.321dev.ch\/fr\/wp-json\/wp\/v2\/comments?post=48414"}],"version-history":[{"count":0,"href":"https:\/\/yithcompare.321dev.ch\/fr\/wp-json\/wp\/v2\/posts\/48414\/revisions"}],"wp:featuredmedia":[{"embeddable":true,"href":"https:\/\/yithcompare.321dev.ch\/fr\/wp-json\/wp\/v2\/media\/48947"}],"wp:attachment":[{"href":"https:\/\/yithcompare.321dev.ch\/fr\/wp-json\/wp\/v2\/media?parent=48414"}],"wp:term":[{"taxonomy":"category","embeddable":true,"href":"https:\/\/yithcompare.321dev.ch\/fr\/wp-json\/wp\/v2\/categories?post=48414"},{"taxonomy":"post_tag","embeddable":true,"href":"https:\/\/yithcompare.321dev.ch\/fr\/wp-json\/wp\/v2\/tags?post=48414"}],"curies":[{"name":"wp","href":"https:\/\/api.w.org\/{rel}","templated":true}]}}