{"id":48316,"date":"2024-02-07T18:12:56","date_gmt":"2024-02-07T16:12:56","guid":{"rendered":"https:\/\/esperanza.ch\/?p=48316"},"modified":"2024-11-07T16:20:46","modified_gmt":"2024-11-07T14:20:46","slug":"cafe-de-guatemala","status":"publish","type":"post","link":"https:\/\/yithcompare.321dev.ch\/fr\/cafe-de-guatemala\/","title":{"rendered":"Le caf\u00e9 du Guatemala, un h\u00e9ritage de saveur"},"content":{"rendered":"<p>Le Guatemala, un petit pays d&rsquo;Am\u00e9rique centrale situ\u00e9 entre le Mexique, le Belize, le Honduras et le Salvador, regorge de saveurs insoup\u00e7onn\u00e9es pour les amateurs de caf\u00e9. Riche d&rsquo;une tradition caf\u00e9i\u00e8re s\u00e9culaire et de terroirs d&rsquo;exception, il propose une incroyable diversit\u00e9 de profils aromatiques \u00e0 explorer.<\/p><h2 class=\"wp-block-heading\"><strong>L&rsquo;h\u00e9ritage s\u00e9culaire du caf\u00e9 Guat\u00e9malt\u00e8que<\/strong><\/h2><p>L&rsquo;origine de l&rsquo;importance du caf\u00e9 au Guatemala remonte \u00e0 la moiti\u00e9 du XIXe si\u00e8cle, p\u00e9riode durant laquelle les instances dirigeantes du pays ont promu la transformation des plantations traditionnelles de cacao en cultures caf\u00e9i\u00e8res modernes et productives. Cette initiative survient dans un contexte o\u00f9 les caf\u00e9s provenant d&rsquo;<a href=\"https:\/\/yithcompare.321dev.ch\/fr\/tresors-cafeiers-amerique-latine\/\" target=\"_blank\" rel=\"noreferrer noopener\">Am\u00e9rique latine<\/a> jouissaient d\u00e9j\u00e0 d&rsquo;une grande renomm\u00e9e sur les march\u00e9s internationaux, notamment ceux issus des nations voisines telles que le <a href=\"https:\/\/yithcompare.321dev.ch\/fr\/lexcellence-du-cafe-mexicain-un-engagement-bio-et-equitable\/\">Mexi<\/a><a href=\"https:\/\/yithcompare.321dev.ch\/fr\/lexcellence-du-cafe-mexicain-un-engagement-bio-et-equitable\/\" target=\"_blank\" rel=\"noreferrer noopener\">q<\/a><a href=\"https:\/\/yithcompare.321dev.ch\/fr\/lexcellence-du-cafe-mexicain-un-engagement-bio-et-equitable\/\">ue<\/a> et le <a href=\"https:\/\/yithcompare.321dev.ch\/fr\/cafe-bresilien-le-geant-de-lindustrie-cafeiere\/\" target=\"_blank\" rel=\"noreferrer noopener\">Br\u00e9sil<\/a>. C&rsquo;est dans ce cadre que la tradition du caf\u00e9 au Guatemala a pris racine et s&rsquo;est d\u00e9velopp\u00e9e.<\/p><p>Aujourd&rsquo;hui, le pays est le 5\u00e8me exportateur mondial de caf\u00e9 et le 11\u00e8me producteur de caf\u00e9 vert au niveau mondial. Le caf\u00e9 repr\u00e9sente \u00e9galement un pilier \u00e9conomique majeur pour le Guatemala, avec plus de 125 000 producteurs et 280 000 hectares de plantations r\u00e9parties sur l&rsquo;ensemble du territoire.<\/p><div style=\"height:19px\" aria-hidden=\"true\" class=\"wp-block-spacer\"><\/div><div class=\"wp-block-image\"><figure class=\"aligncenter size-full is-resized\"><a href=\"https:\/\/yithcompare.321dev.ch\/wp-content\/uploads\/2024\/04\/33073823371_6ebc56a1cc_c.jpg\"><img loading=\"lazy\" decoding=\"async\" width=\"799\" height=\"533\" src=\"https:\/\/yithcompare.321dev.ch\/wp-content\/uploads\/2024\/04\/33073823371_6ebc56a1cc_c.jpg\" alt=\"caf\u00e9 Guat\u00e9malt\u00e8que\" class=\"wp-image-48325\" style=\"width:750px\" srcset=\"https:\/\/yithcompare.321dev.ch\/wp-content\/uploads\/2024\/04\/33073823371_6ebc56a1cc_c.jpg 799w, https:\/\/yithcompare.321dev.ch\/wp-content\/uploads\/2024\/04\/33073823371_6ebc56a1cc_c-600x400.jpg 600w, https:\/\/yithcompare.321dev.ch\/wp-content\/uploads\/2024\/04\/33073823371_6ebc56a1cc_c-768x512.jpg 768w, https:\/\/yithcompare.321dev.ch\/wp-content\/uploads\/2024\/04\/33073823371_6ebc56a1cc_c-510x340.jpg 510w\" sizes=\"auto, (max-width: 799px) 100vw, 799px\" \/><\/a><\/figure><\/div><div style=\"height:19px\" aria-hidden=\"true\" class=\"wp-block-spacer\"><\/div><h2 class=\"wp-block-heading\"><strong>Le terroir id\u00e9al pour l&rsquo;excellence de l&rsquo;arabica<\/strong><\/h2><p>Le Guatemala se distingue comme un environnement exceptionnel pour la culture du caf\u00e9 arabica. Gr\u00e2ce \u00e0 ses conditions naturelles uniques, ce pays d&rsquo;Am\u00e9rique centrale produit des grains de caf\u00e9 d&rsquo;une qualit\u00e9 et d&rsquo;une richesse aromatique hors pair. La fertilit\u00e9 de ses sols volcaniques, riches en min\u00e9raux comme le potassium, le phosphore et le calcium, garanti une alimentation saine aux caf\u00e9iers, favorisant ainsi le d\u00e9veloppement des ar\u00f4mes complexes dans chaque grain.<\/p><p>En plus de son sol riche, le Guatemala b\u00e9n\u00e9ficie d&rsquo;un climat des hautes terres optimal, caract\u00e9ris\u00e9 par une humidit\u00e9 mod\u00e9r\u00e9e et des temp\u00e9ratures fra\u00eeches. Cette combinaison unique de facteurs, incluant des r\u00e9gions caf\u00e9i\u00e8res renomm\u00e9es comme Antigua, Huehuetenango et Atitlan, cr\u00e9e des microclimats parfaits pour la culture de l&rsquo;arabica. Ces conditions ensemble assurent la production de caf\u00e9s aux profils gustatifs exceptionnels, rendant le terroir guat\u00e9malt\u00e8que v\u00e9ritablement id\u00e9al pour l&rsquo;arabica.<\/p><h3 class=\"wp-block-heading\"><strong>Altitude et maturation : le secret des grains de caf\u00e9 du Guatemala<\/strong><\/h3><p>Les plantations guat\u00e9malt\u00e8ques, perch\u00e9es entre 1300 et 1700 m\u00e8tres d&rsquo;altitude, offrent un terrain propice \u00e0 une maturation lente et soign\u00e9e des cerises de caf\u00e9. Cette altitude, conjugu\u00e9e \u00e0 la dualit\u00e9 climatique de journ\u00e9es chaudes suivies par des nuits fra\u00eeches, favorise une maturation qui se fait attendre, permettant ainsi aux ar\u00f4mes de s&rsquo;infuser pleinement dans chaque grain.<\/p><div style=\"height:19px\" aria-hidden=\"true\" class=\"wp-block-spacer\"><\/div><div class=\"wp-block-image\"><figure class=\"aligncenter size-full is-resized\"><a href=\"https:\/\/yithcompare.321dev.ch\/wp-content\/uploads\/2024\/04\/5324912746_dc170c8af1_c.jpg\"><img loading=\"lazy\" decoding=\"async\" width=\"800\" height=\"600\" src=\"https:\/\/yithcompare.321dev.ch\/wp-content\/uploads\/2024\/04\/5324912746_dc170c8af1_c.jpg\" alt=\"grains de caf\u00e9 du Guatemala\" class=\"wp-image-48356\" style=\"width:750px\" srcset=\"https:\/\/yithcompare.321dev.ch\/wp-content\/uploads\/2024\/04\/5324912746_dc170c8af1_c.jpg 800w, https:\/\/yithcompare.321dev.ch\/wp-content\/uploads\/2024\/04\/5324912746_dc170c8af1_c-533x400.jpg 533w, https:\/\/yithcompare.321dev.ch\/wp-content\/uploads\/2024\/04\/5324912746_dc170c8af1_c-768x576.jpg 768w, https:\/\/yithcompare.321dev.ch\/wp-content\/uploads\/2024\/04\/5324912746_dc170c8af1_c-510x383.jpg 510w\" sizes=\"auto, (max-width: 800px) 100vw, 800px\" \/><\/a><\/figure><\/div><div style=\"height:19px\" aria-hidden=\"true\" class=\"wp-block-spacer\"><\/div><p>Cet environnement particulier, de la riche terre volcanique au microclimat unique en altitude, dote le caf\u00e9 du Guatemala de profils gustatifs d&rsquo;une richesse incomparable. Que vous ayez un faible pour les saveurs profond\u00e9ment chocolat\u00e9es, les touches fruit\u00e9es vivifiantes ou les d\u00e9licates notes \u00e9pic\u00e9es, le caf\u00e9 guat\u00e9malt\u00e8que promet une exp\u00e9rience gustative capable de ravir les palais les plus exigeants.<\/p><p>Laissez-vous tenter par cette d\u00e9gustation exceptionnelle, et d\u00e9couvrez les tr\u00e9sors que le Guatemala a \u00e0 offrir..<\/p><h2 class=\"wp-block-heading\"><strong>&nbsp;La culture durable du caf\u00e9&nbsp;<\/strong><\/h2><p>La culture du caf\u00e9 au Guatemala se distingue par son engagement croissant pour la durabilit\u00e9 et la responsabilit\u00e9 environnementale et sociale. Les m\u00e9thodes de culture telles que la r\u00e9colte manuelle et l&rsquo;agriculture sous ombrage jouent un r\u00f4le important autant dans le maintien de la qualit\u00e9 sup\u00e9rieure du caf\u00e9, que dans la protection et la pr\u00e9servation des \u00e9cosyst\u00e8mes locaux.<\/p><p>&nbsp;Cette harmonie entre innovation et tradition, o\u00f9 des techniques agricoles ancestrales se m\u00ealent \u00e0 des pratiques modernes de gestion des ressources, souligne l&rsquo;effort du pays pour optimiser la production tout en respectant son patrimoine.<\/p><p>L&rsquo;impact de l&rsquo;industrie du caf\u00e9 sur l&rsquo;\u00e9conomie guat\u00e9malt\u00e8que est important, car il soutient directement de nombreuses familles dans les communaut\u00e9s rurales. Au-del\u00e0 de son r\u00f4le \u00e9conomique, la fili\u00e8re caf\u00e9 favorise un mod\u00e8le de commerce \u00e9quitable, assurant des conditions de travail justes et une r\u00e9mun\u00e9ration correcte pour les producteurs.&nbsp;<\/p><p>Ces initiatives de commerce \u00e9quitable et de pratiques agricoles responsables renforcent le bien-\u00eatre des <a href=\"https:\/\/www.anacafe.org\/\" target=\"_blank\" rel=\"noreferrer noopener\">communaut\u00e9s productrices<\/a> et mettent en lumi\u00e8re l&rsquo;importance du respect des principes \u00e9thiques et environnementaux dans la production de caf\u00e9.<\/p><p>En d\u00e9veloppant davantage le secteur sous l&rsquo;angle du <a href=\"https:\/\/yithcompare.321dev.ch\/fr\/cafe-equitable\/\" target=\"_blank\" rel=\"noreferrer noopener\">commerce \u00e9quitable<\/a> et de la durabilit\u00e9, le Guatemala s&rsquo;engage \u00e0 am\u00e9liorer la qualit\u00e9 de vie des producteurs et \u00e0 garantir la p\u00e9rennit\u00e9 de son h\u00e9ritage caf\u00e9ier.&nbsp;<\/p><div style=\"height:19px\" aria-hidden=\"true\" class=\"wp-block-spacer\"><\/div><div class=\"wp-block-image\"><figure class=\"aligncenter size-full is-resized\"><a href=\"https:\/\/yithcompare.321dev.ch\/wp-content\/uploads\/2024\/04\/40603025670_6df9a2c552_c.jpg\"><img loading=\"lazy\" decoding=\"async\" width=\"800\" height=\"450\" src=\"https:\/\/yithcompare.321dev.ch\/wp-content\/uploads\/2024\/04\/40603025670_6df9a2c552_c.jpg\" alt=\"culture durable du caf\u00e9 Guat\u00e9malt\u00e8que\" class=\"wp-image-48327\" style=\"width:750px\" srcset=\"https:\/\/yithcompare.321dev.ch\/wp-content\/uploads\/2024\/04\/40603025670_6df9a2c552_c.jpg 800w, https:\/\/yithcompare.321dev.ch\/wp-content\/uploads\/2024\/04\/40603025670_6df9a2c552_c-711x400.jpg 711w, https:\/\/yithcompare.321dev.ch\/wp-content\/uploads\/2024\/04\/40603025670_6df9a2c552_c-768x432.jpg 768w, https:\/\/yithcompare.321dev.ch\/wp-content\/uploads\/2024\/04\/40603025670_6df9a2c552_c-510x287.jpg 510w\" sizes=\"auto, (max-width: 800px) 100vw, 800px\" \/><\/a><\/figure><\/div><div style=\"height:19px\" aria-hidden=\"true\" class=\"wp-block-spacer\"><\/div><h2 class=\"wp-block-heading\"><strong>Vers un avenir prometteur<\/strong><\/h2><p>Avec un engagement pour la qualit\u00e9, la durabilit\u00e9 et la justice sociale, le secteur caf\u00e9ier du Guatemala est bien positionn\u00e9 pour faire face aux d\u00e9fis futurs. L&rsquo;innovation continue, l&rsquo;adaptation au changement climatique et l&rsquo;attention port\u00e9e \u00e0 la conservation des vari\u00e9t\u00e9s traditionnelles sont essentielles pour pr\u00e9server l&rsquo;h\u00e9ritage unique du caf\u00e9 guat\u00e9malt\u00e8que pour les g\u00e9n\u00e9rations futures.<\/p><p>En d\u00e9gustant une tasse de caf\u00e9 du Guatemala, vous savourez non seulement un breuvage exceptionnel, mais vous participez \u00e9galement \u00e0 une riche histoire de culture et de tradition. Contribuant ainsi \u00e0 un avenir durable pour les communaut\u00e9s qui d\u00e9pendent de cette pr\u00e9cieuse r\u00e9colte.<\/p><div style=\"height:19px\" aria-hidden=\"true\" class=\"wp-block-spacer\"><\/div><div class=\"wp-block-image\"><figure class=\"aligncenter size-large is-resized\"><a href=\"https:\/\/yithcompare.321dev.ch\/wp-content\/uploads\/2024\/04\/AdobeStock_96915330-scaled.jpeg\"><img loading=\"lazy\" decoding=\"async\" width=\"1317\" height=\"800\" src=\"https:\/\/yithcompare.321dev.ch\/wp-content\/uploads\/2024\/04\/AdobeStock_96915330-1317x800.jpeg\" alt=\"tasse caf\u00e9 guatemala espresso\" class=\"wp-image-48408\" style=\"width:750px\" srcset=\"https:\/\/yithcompare.321dev.ch\/wp-content\/uploads\/2024\/04\/AdobeStock_96915330-1317x800.jpeg 1317w, https:\/\/yithcompare.321dev.ch\/wp-content\/uploads\/2024\/04\/AdobeStock_96915330-658x400.jpeg 658w, https:\/\/yithcompare.321dev.ch\/wp-content\/uploads\/2024\/04\/AdobeStock_96915330-768x467.jpeg 768w, https:\/\/yithcompare.321dev.ch\/wp-content\/uploads\/2024\/04\/AdobeStock_96915330-1536x933.jpeg 1536w, https:\/\/yithcompare.321dev.ch\/wp-content\/uploads\/2024\/04\/AdobeStock_96915330-scaled.jpeg 2048w, https:\/\/yithcompare.321dev.ch\/wp-content\/uploads\/2024\/04\/AdobeStock_96915330-510x310.jpeg 510w\" sizes=\"auto, (max-width: 1317px) 100vw, 1317px\" \/><\/a><\/figure><\/div><div style=\"height:19px\" aria-hidden=\"true\" class=\"wp-block-spacer\"><\/div><h2 class=\"wp-block-heading\"><strong>Savourez le meilleur caf\u00e9 du Guatemala avec Esperanza !<\/strong><\/h2><p>D\u00e9couvrez la qualit\u00e9 sup\u00e9rieure des <a href=\"https:\/\/yithcompare.321dev.ch\/fr\/categorie-produit\/cafe\/guatemala\/\">caf\u00e9s 100% Arabica d&rsquo;E<\/a><a href=\"https:\/\/yithcompare.321dev.ch\/fr\/categorie-produit\/cafe\/guatemala\/\" target=\"_blank\" rel=\"noreferrer noopener\">s<\/a><a href=\"https:\/\/yithcompare.321dev.ch\/fr\/categorie-produit\/cafe\/guatemala\/\">peranza<\/a>, soigneusement s\u00e9lectionn\u00e9s pour vous offrir l&rsquo;essence pure du Guatemala. Nos produits, disponibles en grains ou moulus, sont sp\u00e9cialement con\u00e7us pour ceux qui recherchent une exp\u00e9rience de d\u00e9gustation raffin\u00e9e et subtile. Avec une faible teneur en caf\u00e9ine, ils sont parfaits pour tous les moments de la journ\u00e9e.<\/p><p>Esperanza vous propose une exploration des saveurs uniques du Guatemala, mettant en avant des caf\u00e9s cultiv\u00e9s avec passion et savoir-faire.<\/p><p>Profitez d&rsquo;une pause-caf\u00e9 de qualit\u00e9 et d\u00e9couvrez les nuances aromatiques propres aux terroirs guat\u00e9malt\u00e8ques. Acheter <a href=\"https:\/\/yithcompare.321dev.ch\/fr\/\" target=\"_blank\" rel=\"noreferrer noopener\">votre caf\u00e9<\/a> chez nous, c&rsquo;est choisir un caf\u00e9 qui allie go\u00fbt exceptionnel et soutien aux communaut\u00e9s de cultivateurs, pour une exp\u00e9rience authentique et responsable.<\/p>","protected":false},"excerpt":{"rendered":"<p>Le Guatemala, un petit pays d&rsquo;Am\u00e9rique centrale situ\u00e9 entre le Mexique, le Belize, le Honduras et le Salvador, regorge de saveurs insoup\u00e7onn\u00e9es pour les amateurs de caf\u00e9. Riche d&rsquo;une tradition caf\u00e9i\u00e8re s\u00e9culaire et de terroirs d&rsquo;exception, il propose une incroyable diversit\u00e9 de profils aromatiques \u00e0 explorer. L&rsquo;h\u00e9ritage s\u00e9culaire du caf\u00e9 Guat\u00e9malt\u00e8que L&rsquo;origine de l&rsquo;importance du [&hellip;]<\/p>\n","protected":false},"author":6990,"featured_media":48329,"comment_status":"open","ping_status":"open","sticky":false,"template":"","format":"standard","meta":{"footnotes":""},"categories":[1],"tags":[],"class_list":["post-48316","post","type-post","status-publish","format-standard","has-post-thumbnail","hentry","category-news-esperanza"],"_links":{"self":[{"href":"https:\/\/yithcompare.321dev.ch\/fr\/wp-json\/wp\/v2\/posts\/48316","targetHints":{"allow":["GET"]}}],"collection":[{"href":"https:\/\/yithcompare.321dev.ch\/fr\/wp-json\/wp\/v2\/posts"}],"about":[{"href":"https:\/\/yithcompare.321dev.ch\/fr\/wp-json\/wp\/v2\/types\/post"}],"author":[{"embeddable":true,"href":"https:\/\/yithcompare.321dev.ch\/fr\/wp-json\/wp\/v2\/users\/6990"}],"replies":[{"embeddable":true,"href":"https:\/\/yithcompare.321dev.ch\/fr\/wp-json\/wp\/v2\/comments?post=48316"}],"version-history":[{"count":0,"href":"https:\/\/yithcompare.321dev.ch\/fr\/wp-json\/wp\/v2\/posts\/48316\/revisions"}],"wp:featuredmedia":[{"embeddable":true,"href":"https:\/\/yithcompare.321dev.ch\/fr\/wp-json\/wp\/v2\/media\/48329"}],"wp:attachment":[{"href":"https:\/\/yithcompare.321dev.ch\/fr\/wp-json\/wp\/v2\/media?parent=48316"}],"wp:term":[{"taxonomy":"category","embeddable":true,"href":"https:\/\/yithcompare.321dev.ch\/fr\/wp-json\/wp\/v2\/categories?post=48316"},{"taxonomy":"post_tag","embeddable":true,"href":"https:\/\/yithcompare.321dev.ch\/fr\/wp-json\/wp\/v2\/tags?post=48316"}],"curies":[{"name":"wp","href":"https:\/\/api.w.org\/{rel}","templated":true}]}}