{"id":46977,"date":"2024-01-05T17:34:21","date_gmt":"2024-01-05T15:34:21","guid":{"rendered":"https:\/\/esperanza.ch\/?p=46977"},"modified":"2025-01-21T12:05:09","modified_gmt":"2025-01-21T10:05:09","slug":"cafes-du-perou-tradition-bio-et-ethique-a-savourer","status":"publish","type":"post","link":"https:\/\/yithcompare.321dev.ch\/fr\/cafes-du-perou-tradition-bio-et-ethique-a-savourer\/","title":{"rendered":"Les caf\u00e9s du P\u00e9rou &#8211; une tradition bio et \u00e9thique \u00e0 savourer !"},"content":{"rendered":"<p>\u00cates-vous un amateur de caf\u00e9 ? Alors, vous avez sans doute savour\u00e9 les nuances des <a href=\"https:\/\/yithcompare.321dev.ch\/fr\/categorie-produit\/cafe\/brasil\/\" target=\"_blank\" rel=\"noreferrer noopener\">caf\u00e9s du Br\u00e9sil<\/a>, de <a href=\"https:\/\/yithcompare.321dev.ch\/fr\/categorie-produit\/cafe\/colombie\/\" target=\"_blank\" rel=\"noreferrer noopener\">Colombie<\/a>, ou m\u00eame du <a href=\"https:\/\/yithcompare.321dev.ch\/fr\/categorie-produit\/cafe\/mexico\/\" target=\"_blank\" rel=\"noreferrer noopener\">Mexique<\/a>. Mais, qu&rsquo;en est-il du caf\u00e9 p\u00e9ruvien ? Moins connu, mais tout aussi d\u00e9licieux, il offre une explosion de saveurs d\u00e8s la premi\u00e8re gorg\u00e9e. Ses notes fines et sa richesse aromatique le classent parmi les incontournables, une tasse \u00e0 savourer pour les aventuriers du go\u00fbt \u00e0 la recherche d&rsquo;authenticit\u00e9.<\/p><p>Mais, quels sont les secrets de ce breuvage sud-am\u00e9ricain qui lui valent une telle renomm\u00e9e mondiale\u202f? Il est temps d&rsquo;en savoir plus.<\/p><h2 class=\"wp-block-heading\"><strong>Le P\u00e9rou, terre de caf\u00e9<\/strong><\/h2><p>Au c\u0153ur des Andes, le P\u00e9rou tisse sa l\u00e9gende dans l&rsquo;univers du caf\u00e9. Sa production, bien que modeste face aux g\u00e9ants du caf\u00e9, brille par une qualit\u00e9 sans \u00e9quivalent. Le secret ?&nbsp;<\/p><p>Un engagement constant pour des pratiques agricoles respectueuses de l&rsquo;environnement et une vari\u00e9t\u00e9 de grains qui conf\u00e8rent \u00e0 chaque tasse une richesse de saveurs, empreinte d&rsquo;\u00e9thique. Cette excellence est l&rsquo;\u00e9cho d&rsquo;un h\u00e9ritage riche, m\u00ealant traditions s\u00e9culaires et innovations constantes, le tout port\u00e9 par un engagement pour la qualit\u00e9 et la durabilit\u00e9.<\/p><h3 class=\"wp-block-heading\"><strong>Un peu d&rsquo;histoire\u2026<\/strong><\/h3><p>L&rsquo;histoire du caf\u00e9 p\u00e9ruvien remonte au milieu du XVIIIe si\u00e8cle, ce qui en fait l&rsquo;une des premi\u00e8res r\u00e9gions d&rsquo;Am\u00e9rique centrale et du sud \u00e0 cultiver du caf\u00e9. \u00c0 l&rsquo;\u00e9poque, la production \u00e9tait principalement destin\u00e9e \u00e0 la consommation locale. Cependant, tout a chang\u00e9 \u00e0 la fin du XIXe si\u00e8cle lorsque la rouille du caf\u00e9 a ravag\u00e9 les plantations en Indon\u00e9sie, principal fournisseur de caf\u00e9 pour l&rsquo;Europe. Les investisseurs europ\u00e9ens se sont alors tourn\u00e9s vers le P\u00e9rou en qu\u00eate de nouvelles sources de caf\u00e9. Les Anglais ont notamment investi dans environ 2 millions d&rsquo;hectares de terres p\u00e9ruviennes, ce qui a permis \u00e0 l&rsquo;industrie caf\u00e9i\u00e8re du pays de conna\u00eetre une croissance significative longtemps, jusqu&rsquo;aux ann\u00e9es qui ont suivi les deux guerres mondiales.<br><br>\u00c0 partir de ce moment-l\u00e0, l&rsquo;industrie du caf\u00e9 p\u00e9ruvienne a cess\u00e9 de cro\u00eetre. Bien s\u00fbr, d&rsquo;autres facteurs sont venus s&rsquo;ajouter \u00e0 la crise, tels que le manque d&rsquo;infrastructures, la chute des prix sur le march\u00e9, les conditions climatiques et la guerre de gu\u00e9rilla \u00e0 l&rsquo;\u00e9poque.<\/p><h3 class=\"wp-block-heading\"><strong>Le renouveau du caf\u00e9 p\u00e9ruvien<\/strong><\/h3><p>Le P\u00e9rou, aujourd\u2019hui le septi\u00e8me plus grand producteur de caf\u00e9, se d\u00e9marque dans un domaine domin\u00e9 par des g\u00e9ants tels que le Br\u00e9sil, la Colombie, le Honduras et le Mexique. Cette ascension refl\u00e8te un renouveau significatif du secteur caf\u00e9ier p\u00e9ruvien, stimul\u00e9 en grande partie par l&rsquo;essor du caf\u00e9 biologique,<\/p><p>Cette dynamique positive est le reflet d&rsquo;une industrie en pleine \u00e9volution, d\u00e9sormais compar\u00e9e \u00e0 l&rsquo;excellence de sa cuisine. Fort de plus de 200 000 producteurs, le pays excelle par sa vari\u00e9t\u00e9 d&rsquo;arabicas et ses m\u00e9thodes de culture respectueuses de l&rsquo;environnement. Depuis la crise de 2013, une innovation constante a permis d&rsquo;am\u00e9liorer significativement la qualit\u00e9 du caf\u00e9 p\u00e9ruvien, le distinguant sur la sc\u00e8ne internationale.<\/p><h2 class=\"wp-block-heading\"><strong>La culture du caf\u00e9 p\u00e9ruvien<\/strong><\/h2><p>Au P\u00e9rou, le caf\u00e9 est cultiv\u00e9 selon une tradition ancestrale, privil\u00e9giant des m\u00e9thodes de culture biologiques et respectueuses de l&rsquo;environnement. Environ 70% de la production de caf\u00e9 au P\u00e9rou est biologique, ce qui en fait l&rsquo;un des plus grands producteurs de <a href=\"https:\/\/yithcompare.321dev.ch\/fr\/categorie-produit\/defaultcafe\/cafes-bio\/\">caf\u00e9 bio<\/a> au monde. De plus, de nombreux caf\u00e9s p\u00e9ruviens sont \u00e9galement issus du commerce \u00e9quitable, garantissant ainsi une r\u00e9mun\u00e9ration \u00e9quitable pour les producteurs.<\/p><p>La culture du caf\u00e9 au P\u00e9rou se concentre principalement dans les zones les plus foresti\u00e8res des Andes. Ces r\u00e9gions offrent des conditions climatiques id\u00e9ales, avec une altitude \u00e9lev\u00e9e, une humidit\u00e9 ad\u00e9quate et une ombre naturelle fournie par les for\u00eats environnantes. Ces facteurs contribuent \u00e0 la croissance lente des cerises de caf\u00e9, ce qui conf\u00e8re au caf\u00e9 p\u00e9ruvien son ar\u00f4me complexe et sa l\u00e9g\u00e8re acidit\u00e9 caract\u00e9ristique.<\/p><div class=\"wp-block-image\"><figure class=\"aligncenter size-large\"><a href=\"https:\/\/yithcompare.321dev.ch\/wp-content\/uploads\/2024\/03\/AdobeStock_580856843-scaled.jpeg\"><img loading=\"lazy\" decoding=\"async\" width=\"1400\" height=\"800\" src=\"https:\/\/yithcompare.321dev.ch\/wp-content\/uploads\/2024\/03\/AdobeStock_580856843-1400x800.jpeg\" alt=\"caf\u00e9 p\u00e9ruvien\" class=\"wp-image-46997\" srcset=\"https:\/\/yithcompare.321dev.ch\/wp-content\/uploads\/2024\/03\/AdobeStock_580856843-1400x800.jpeg 1400w, https:\/\/yithcompare.321dev.ch\/wp-content\/uploads\/2024\/03\/AdobeStock_580856843-700x400.jpeg 700w, https:\/\/yithcompare.321dev.ch\/wp-content\/uploads\/2024\/03\/AdobeStock_580856843-768x439.jpeg 768w, https:\/\/yithcompare.321dev.ch\/wp-content\/uploads\/2024\/03\/AdobeStock_580856843-1536x878.jpeg 1536w, https:\/\/yithcompare.321dev.ch\/wp-content\/uploads\/2024\/03\/AdobeStock_580856843-scaled.jpeg 2048w, https:\/\/yithcompare.321dev.ch\/wp-content\/uploads\/2024\/03\/AdobeStock_580856843-510x291.jpeg 510w\" sizes=\"auto, (max-width: 1400px) 100vw, 1400px\" \/><\/a><\/figure><\/div><div style=\"height:50px\" aria-hidden=\"true\" class=\"wp-block-spacer\"><\/div><h2 class=\"wp-block-heading\"><strong>Ar\u00f4mes et saveurs uniques du caf\u00e9 du P\u00e9rou<\/strong><\/h2><p>Les notes de saveur des grains de caf\u00e9 p\u00e9ruvien varient grandement selon l&rsquo;altitude et la r\u00e9gion de culture. En haute altitude, la maturation lente des cerises conf\u00e8re au caf\u00e9 des profils gustatifs sophistiqu\u00e9s, tandis qu&rsquo;en basse altitude, les saveurs tendent vers des notes plus douces et sucr\u00e9es. Cette richesse aromatique fait du caf\u00e9 p\u00e9ruvien un favori pour les amateurs de caf\u00e9 d\u00e9sireux de d\u00e9couvrir des go\u00fbts authentiques et vari\u00e9s.&nbsp;&nbsp;<\/p><p>Les caf\u00e9s p\u00e9ruviens les plus appr\u00e9ci\u00e9s proviennent des r\u00e9gions de Cusco, Norte, Punto et Chanchamayo. Mais, qu&rsquo;est-ce qui conf\u00e8re \u00e0 ces grains de caf\u00e9 p\u00e9ruvien leur caract\u00e8re exceptionnel ? Eh bien, c&rsquo;est une s\u00e9rie de facteurs g\u00e9ographiques et climatiques.<\/p><h2 class=\"wp-block-heading\"><strong>Les r\u00e9gions de culture du caf\u00e9 P\u00e9ruvien<\/strong><\/h2><p>Le P\u00e9rou est un pays aux multiples r\u00e9gions de production de caf\u00e9. Chacune de ces r\u00e9gions a ses propres caract\u00e9ristiques et conditions climatiques uniques qui contribuent \u00e0 la diversit\u00e9 des saveurs et des profils de caf\u00e9.<\/p><p>Voici quelques-unes des principales r\u00e9gions de production de caf\u00e9 au P\u00e9rou :<\/p><h3 class=\"wp-block-heading\"><strong>Caf\u00e9 du Cajamarca<\/strong><\/h3><p>La r\u00e9gion de Cajamarca, situ\u00e9e dans le nord du P\u00e9rou, est r\u00e9put\u00e9e pour produire des caf\u00e9s au profil de saveurs exceptionnelles. Les fermes de cette r\u00e9gion b\u00e9n\u00e9ficient d&rsquo;un climat id\u00e9al pour la culture du caf\u00e9, avec des temp\u00e9ratures mod\u00e9r\u00e9es et des pr\u00e9cipitations suffisantes.<br><br>Les provinces de San Ignacio et Ja\u00e9n sont particuli\u00e8rement renomm\u00e9es pour leurs grains de caf\u00e9 d\u00e9licieux et de haute qualit\u00e9. Les caf\u00e9s de Cajamarca offrent des notes de fruits de la passion, de baies et une texture soyeuse, ce qui en fait un excellent choix pour les m\u00e9thodes d&rsquo;infusion douce ou l&rsquo;espresso.<\/p><h3 class=\"wp-block-heading\"><strong>Caf\u00e9 de Chanchamayo<\/strong><\/h3><p>Le caf\u00e9 Chanchamayo est cultiv\u00e9 dans la r\u00e9gion centrale du pays, sur les pentes ouest des montagnes des Andes. Les caf\u00e9iers de Chanchamayo poussent dans une vall\u00e9e verte et montagneuse, \u00e0 une altitude d&rsquo;environ 1200 m\u00e8tres et plus. Ce type de caf\u00e9 se distingue par son corps moyen \u00e0 l\u00e9ger, son acidit\u00e9 vive et ses ar\u00f4mes d\u00e9licieux. On y retrouve des notes de noix et de chocolat, ainsi qu&rsquo;une l\u00e9g\u00e8re touche d&rsquo;agrumes, ce qui en fait un choix parfait pour les amateurs de caf\u00e9 cors\u00e9.<\/p><h3 class=\"wp-block-heading\"><strong>Caf\u00e9 Amazonas<\/strong><\/h3><p>La r\u00e9gion d&rsquo;Amazonas est situ\u00e9e dans la partie nord-est du P\u00e9rou, pr\u00e8s de la fronti\u00e8re avec l&rsquo;\u00c9quateur. Cette r\u00e9gion est connue pour produire des grains de caf\u00e9 avec des saveurs complexes et une acidit\u00e9 \u00e9quilibr\u00e9e.&nbsp;<\/p><p>Les exploitations situ\u00e9es sur les pentes des montagnes des Andes offrent des grains d&rsquo;une grande saveur. Les caf\u00e9s d&rsquo;Amazonas ont des notes savoureuses de fruits tropicaux, de caramel et de chocolat, ce qui en fait un r\u00e9gal pour les papilles.<\/p><h3 class=\"wp-block-heading\"><strong>Caf\u00e9 Urubamba<\/strong><\/h3><p>Le caf\u00e9 Urubamba est cultiv\u00e9 dans la partie sud du pays, pr\u00e8s de Machu Picchu. Les grains du P\u00e9rou cultiv\u00e9s dans cette r\u00e9gion b\u00e9n\u00e9ficient de l&rsquo;altitude \u00e9lev\u00e9e et du climat frais des montagnes andines. Ce caf\u00e9 se distingue par son corps moyen, son acidit\u00e9 mod\u00e9r\u00e9e et ses ar\u00f4mes d\u00e9licats. On y retrouve des notes de noix et de chocolat, ainsi qu&rsquo;une l\u00e9g\u00e8re saveur d&rsquo;agrumes. C&rsquo;est un caf\u00e9 \u00e9quilibr\u00e9 et agr\u00e9able \u00e0 d\u00e9guster.<\/p><div class=\"wp-block-image\"><figure class=\"aligncenter size-large\"><a href=\"https:\/\/yithcompare.321dev.ch\/wp-content\/uploads\/2024\/03\/AdobeStock_288231546-scaled.jpeg\"><img loading=\"lazy\" decoding=\"async\" width=\"1201\" height=\"800\" src=\"https:\/\/yithcompare.321dev.ch\/wp-content\/uploads\/2024\/03\/AdobeStock_288231546-1201x800.jpeg\" alt=\"caf\u00e9 biologique au P\u00e9rou\" class=\"wp-image-46995\" srcset=\"https:\/\/yithcompare.321dev.ch\/wp-content\/uploads\/2024\/03\/AdobeStock_288231546-1201x800.jpeg 1201w, https:\/\/yithcompare.321dev.ch\/wp-content\/uploads\/2024\/03\/AdobeStock_288231546-600x400.jpeg 600w, https:\/\/yithcompare.321dev.ch\/wp-content\/uploads\/2024\/03\/AdobeStock_288231546-768x512.jpeg 768w, https:\/\/yithcompare.321dev.ch\/wp-content\/uploads\/2024\/03\/AdobeStock_288231546-1536x1023.jpeg 1536w, https:\/\/yithcompare.321dev.ch\/wp-content\/uploads\/2024\/03\/AdobeStock_288231546-scaled.jpeg 2048w, https:\/\/yithcompare.321dev.ch\/wp-content\/uploads\/2024\/03\/AdobeStock_288231546-510x340.jpeg 510w\" sizes=\"auto, (max-width: 1201px) 100vw, 1201px\" \/><\/a><\/figure><\/div><div style=\"height:50px\" aria-hidden=\"true\" class=\"wp-block-spacer\"><\/div><h2 class=\"wp-block-heading\"><strong>La production de caf\u00e9 biologique au P\u00e9rou<\/strong><\/h2><p>Une des raisons pour lesquelles le caf\u00e9 p\u00e9ruvien est si appr\u00e9ci\u00e9 est qu&rsquo;une grande partie de sa production est certifi\u00e9e biologique. Le P\u00e9rou est le plus grand exportateur de caf\u00e9 biologique au monde, et cela s&rsquo;explique par l&rsquo;engagement des agriculteurs \u00e0 cultiver leurs caf\u00e9iers de mani\u00e8re \u00e9cologique.<\/p><p>Les caf\u00e9iculteurs p\u00e9ruviens utilisent des m\u00e9thodes de culture respectueuses de l&rsquo;environnement, \u00e9vitant l&rsquo;utilisation de pesticides et d&rsquo;engrais chimiques. Ils favorisent la biodiversit\u00e9 en plantant d&rsquo;autres cultures \u00e0 c\u00f4t\u00e9 des caf\u00e9iers, ce qui contribue \u00e0 la sant\u00e9 des sols et \u00e0 la protection de la faune et de la flore locales.&nbsp;<\/p><h2 class=\"wp-block-heading\"><strong>La durabilit\u00e9 dans l\u2019industrie du caf\u00e9 p\u00e9ruvien<\/strong><\/h2><p>Le P\u00e9rou s&rsquo;engage activement dans la promotion d&rsquo;une production de caf\u00e9 durable. Les producteurs p\u00e9ruviens font face \u00e0 de nombreux d\u00e9fis, notamment le r\u00e9chauffement climatique, l&rsquo;\u00e9puisement des sols et l&rsquo;augmentation des co\u00fbts de main-d&rsquo;\u0153uvre. Pour faire face \u00e0 ces d\u00e9fis, des initiatives ont \u00e9t\u00e9 mises en place pour soutenir les producteurs et promouvoir des pratiques agricoles durables.<\/p><p>Certaines coop\u00e9ratives, telles que C\u00e8dres, Union y Fe la Coipa, Los \u00c1ngeles Coffee, Jumarp et <a href=\"https:\/\/ubiriki.com.pe\/wordpress\/48-2\" target=\"_blank\" rel=\"noreferrer noopener\">Valle Ubiriki<\/a>, travaillent en \u00e9troite collaboration avec des organisations telles qu&rsquo;Envol Vert pour promouvoir l&rsquo;<a href=\"https:\/\/yithcompare.321dev.ch\/fr\/agroforesterie-avenir-durable-du-cafe\/\" target=\"_blank\" rel=\"noreferrer noopener\">agroforesterie<\/a> et la fertilisation durable. Ces projets visent \u00e0 maximiser les b\u00e9n\u00e9fices \u00e9conomiques et \u00e9cologiques des producteurs de caf\u00e9, en favorisant la reforestation et la diversification des cultures.<\/p><h2 class=\"wp-block-heading\"><strong>O\u00f9 acheter le meilleur caf\u00e9 en grain ou moulu du P\u00e9rou&nbsp; ?<\/strong><\/h2><p>Maintenant que vous connaissez l&rsquo;histoire et les nuances gustatives uniques du caf\u00e9 p\u00e9ruvien, vous pouvez vous procurer ces grains d\u00e9licieux chez Esperanza. Offrant une s\u00e9lection riche et diversifi\u00e9e de <a href=\"https:\/\/yithcompare.321dev.ch\/fr\/categorie-produit\/cafe\/peru\/\" target=\"_blank\" rel=\"noreferrer noopener\">caf\u00e9s p\u00e9ruviens 100% Arabica<\/a>, y compris des <a href=\"https:\/\/yithcompare.321dev.ch\/fr\/categorie-produit\/cafe\/decafeines\/\" target=\"_blank\" rel=\"noreferrer noopener\">options d\u00e9caf\u00e9in\u00e9es<\/a> de qualit\u00e9 et <a href=\"https:\/\/yithcompare.321dev.ch\/fr\/le-cafe-fairtrade-une-tasse-de-saveurs-et-dequite\/\" target=\"_blank\" rel=\"noreferrer noopener\">certifi\u00e9s Fairtrade<\/a>, Esperanza garanti l&rsquo;excellence \u00e0 chaque instant.<\/p><p>D\u00e9couvrez le tr\u00e9sor des Andes avec Esperanza et laissez vous transporter par l&rsquo;excellence du caf\u00e9 p\u00e9ruvien.&nbsp;<\/p>","protected":false},"excerpt":{"rendered":"<p>\u00cates-vous un amateur de caf\u00e9 ? Alors, vous avez sans doute savour\u00e9 les nuances des caf\u00e9s du Br\u00e9sil, de Colombie, ou m\u00eame du Mexique. Mais, qu&rsquo;en est-il du caf\u00e9 p\u00e9ruvien ? Moins connu, mais tout aussi d\u00e9licieux, il offre une explosion de saveurs d\u00e8s la premi\u00e8re gorg\u00e9e. Ses notes fines et sa richesse aromatique le [&hellip;]<\/p>\n","protected":false},"author":6990,"featured_media":47021,"comment_status":"open","ping_status":"open","sticky":false,"template":"","format":"standard","meta":{"footnotes":""},"categories":[1],"tags":[],"class_list":["post-46977","post","type-post","status-publish","format-standard","has-post-thumbnail","hentry","category-news-esperanza"],"_links":{"self":[{"href":"https:\/\/yithcompare.321dev.ch\/fr\/wp-json\/wp\/v2\/posts\/46977","targetHints":{"allow":["GET"]}}],"collection":[{"href":"https:\/\/yithcompare.321dev.ch\/fr\/wp-json\/wp\/v2\/posts"}],"about":[{"href":"https:\/\/yithcompare.321dev.ch\/fr\/wp-json\/wp\/v2\/types\/post"}],"author":[{"embeddable":true,"href":"https:\/\/yithcompare.321dev.ch\/fr\/wp-json\/wp\/v2\/users\/6990"}],"replies":[{"embeddable":true,"href":"https:\/\/yithcompare.321dev.ch\/fr\/wp-json\/wp\/v2\/comments?post=46977"}],"version-history":[{"count":0,"href":"https:\/\/yithcompare.321dev.ch\/fr\/wp-json\/wp\/v2\/posts\/46977\/revisions"}],"wp:featuredmedia":[{"embeddable":true,"href":"https:\/\/yithcompare.321dev.ch\/fr\/wp-json\/wp\/v2\/media\/47021"}],"wp:attachment":[{"href":"https:\/\/yithcompare.321dev.ch\/fr\/wp-json\/wp\/v2\/media?parent=46977"}],"wp:term":[{"taxonomy":"category","embeddable":true,"href":"https:\/\/yithcompare.321dev.ch\/fr\/wp-json\/wp\/v2\/categories?post=46977"},{"taxonomy":"post_tag","embeddable":true,"href":"https:\/\/yithcompare.321dev.ch\/fr\/wp-json\/wp\/v2\/tags?post=46977"}],"curies":[{"name":"wp","href":"https:\/\/api.w.org\/{rel}","templated":true}]}}