{"id":45552,"date":"2023-12-27T13:25:20","date_gmt":"2023-12-27T11:25:20","guid":{"rendered":"https:\/\/esperanza.ch\/?p=45552"},"modified":"2025-01-17T16:14:59","modified_gmt":"2025-01-17T14:14:59","slug":"le-cafe-fairtrade-une-tasse-de-saveurs-et-dequite","status":"publish","type":"post","link":"https:\/\/yithcompare.321dev.ch\/fr\/le-cafe-fairtrade-une-tasse-de-saveurs-et-dequite\/","title":{"rendered":"Le caf\u00e9 Fairtrade : une tasse de saveurs et d&rsquo;\u00e9quit\u00e9"},"content":{"rendered":"<p>Dans un monde de plus en plus conscient des enjeux environnementaux et sociaux, le caf\u00e9 Fairtrade se pr\u00e9sente comme une lueur d&rsquo;espoir et de progr\u00e8s. Ce caf\u00e9, cultiv\u00e9 et vendu selon des principes \u00e9thiques, ne se contente pas d&rsquo;offrir une exp\u00e9rience gustative exceptionnelle ; il joue un r\u00f4le crucial dans l&rsquo;am\u00e9lioration des conditions de vie des agriculteurs. Mais, qu&rsquo;est-ce qui rend ce caf\u00e9 si unique et essentiel dans le march\u00e9 mondial ?<\/p><h2 class=\"wp-block-heading\"><strong>Histoire et origine du caf\u00e9 Fairtrade<\/strong><\/h2><p>L&rsquo;histoire du caf\u00e9 certifi\u00e9 Fairtrade est une v\u00e9ritable aventure marqu\u00e9e par la recherche de justice et d&rsquo;\u00e9quit\u00e9. Le mouvement <a href=\"https:\/\/www.fairtrademaxhavelaar.ch\/fr\">Fairtrade<\/a> a vu le jour dans les ann\u00e9es 1940 comme une r\u00e9ponse aux in\u00e9galit\u00e9s criantes du commerce international, affectant particuli\u00e8rement les petits producteurs des pays en d\u00e9veloppement. C&rsquo;est durant les ann\u00e9es 1980 que le mouvement a pris son d\u00e9veloppement, marqu\u00e9 par l&rsquo;introduction des premiers labels Fairtrade.&nbsp;<\/p><p>Le caf\u00e9 a \u00e9t\u00e9 l&rsquo;une des premi\u00e8res denr\u00e9es \u00e0 b\u00e9n\u00e9ficier de cette certification, devenant ainsi un embl\u00e8me du commerce \u00e9quitable. Cette \u00e9volution s&rsquo;est produite \u00e0 un moment d\u00e9cisif dans l&rsquo;histoire du march\u00e9 du caf\u00e9. Jusqu&rsquo;\u00e0 la fin des ann\u00e9es 1980, le march\u00e9 du caf\u00e9 vert, non torr\u00e9fi\u00e9, \u00e9tait rigoureusement r\u00e9gul\u00e9, contribuant \u00e0 une stabilit\u00e9 relative des prix. Cependant, ces r\u00e9gulations se sont av\u00e9r\u00e9es insuffisantes pour assurer une r\u00e9mun\u00e9ration \u00e9quitable aux petits producteurs, qui \u00e9taient souvent les plus touch\u00e9s par les fluctuations des prix du caf\u00e9.<\/p><h2 class=\"wp-block-heading\"><strong>Le r\u00f4le de Fairtrade dans la tra\u00e7abilit\u00e9 et le contr\u00f4le du caf\u00e9<\/strong><\/h2><p>Fairtrade intervient en proposant une approche globale qui soutient les familles de petits producteurs et productrices \u00e0 sortir de cette spirale. Gr\u00e2ce \u00e0 la tra\u00e7abilit\u00e9 facile du caf\u00e9, chaque grain peut \u00eatre attribu\u00e9 \u00e0 une coop\u00e9rative sp\u00e9cifique, assurant ainsi une transparence totale dans la cha\u00eene d&rsquo;approvisionnement.<\/p><p>L\u2019arriv\u00e9e du Fairtrade a donc apport\u00e9 une dimension suppl\u00e9mentaire dans le commerce du caf\u00e9. En mettant l&rsquo;accent sur des prix justes et un partenariat direct avec les producteurs, celui-ci a cherch\u00e9 \u00e0 att\u00e9nuer les effets de ces fluctuations et \u00e0 proposer une meilleure s\u00e9curit\u00e9 \u00e9conomique aux cultivateurs de caf\u00e9. Ainsi, le caf\u00e9 Fairtrade est devenu non seulement un produit de consommation, mais \u00e9galement un outil de changement social, symbolisant la lutte contre les in\u00e9galit\u00e9s dans le commerce mondial.<\/p><h2 class=\"wp-block-heading\"><strong>Les standards Fairtrade appliqu\u00e9s au caf\u00e9<\/strong><\/h2><p>Le caf\u00e9 fairtrade est soumis \u00e0 des standards rigoureux qui garantissent une r\u00e9mun\u00e9ration juste pour les agriculteurs et le respect de l&rsquo;environnement. Ces standards comprennent le paiement d&rsquo;un prix minimum garanti et une prime suppl\u00e9mentaire destin\u00e9e aux projets communautaires. De plus, ils encouragent des m\u00e9thodes de culture durables et respectueuses de l&rsquo;environnement. Ces exigences jouent un r\u00f4le essentiel dans la pr\u00e9servation des \u00e9cosyst\u00e8mes locaux et dans la promotion de la biodiversit\u00e9.<\/p><h2 class=\"wp-block-heading\"><strong>L&rsquo;importance du caf\u00e9 Fairtrade<\/strong><\/h2><p>Le caf\u00e9 \u00e9quitable offre de nombreux avantages tant aux producteurs qu&rsquo;aux consommateurs.&nbsp;<\/p><h3 class=\"wp-block-heading\"><strong>La qualit\u00e9 au c\u0153ur de chaque grain<\/strong><\/h3><p>Les grains du caf\u00e9 Fairtrade sont souvent r\u00e9colt\u00e9s \u00e0 la main, assurant une s\u00e9lection des meilleurs fruits. Cette attention m\u00e9ticuleuse se traduit par un caf\u00e9 plus pur, sans les d\u00e9fauts fr\u00e9quemment associ\u00e9s aux m\u00e9thodes de r\u00e9colte m\u00e9canis\u00e9e.<\/p><h3 class=\"wp-block-heading\"><strong>Un go\u00fbt incomparable : l&rsquo;exp\u00e9rience unique du caf\u00e9 Fairtrade<\/strong><\/h3><p>Ce caf\u00e9 propose une exp\u00e9rience gustative unique, marqu\u00e9e par des saveurs riches et vari\u00e9es. Ces nuances de go\u00fbt sont le fruit de m\u00e9thodes de culture respectueuses de l&rsquo;environnement et d&rsquo;une s\u00e9lection rigoureuse des grains.&nbsp;<\/p><p>Des chiffres qui parlent : selon une \u00e9tude r\u00e9cente, environ 30% des consommateurs suisses privil\u00e9gient les produits Fairtrade. Cette tendance croissante t\u00e9moigne de l&rsquo;engagement des Suisses pour des choix de consommation responsables.<\/p><p>Choisir le caf\u00e9 Fairtrade, c&rsquo;est opter pour une qualit\u00e9 sup\u00e9rieure et une satisfaction profonde.<\/p><h3 class=\"wp-block-heading\"><strong>Soutien \u00e0 la durabilit\u00e9 environnementale<\/strong><\/h3><p>Le caf\u00e9 Fairtrade est \u00e9galement un choix en faveur de la durabilit\u00e9 environnementale. Les m\u00e9thodes de culture utilis\u00e9es dans la production de ce caf\u00e9 favorisent la conservation des sols, la protection de la biodiversit\u00e9 et la r\u00e9duction de l&#8217;empreinte carbone.&nbsp;<\/p><h3 class=\"wp-block-heading\"><strong>Un prix juste<\/strong><\/h3><p>Le prix minimum Fairtrade, bien plus qu&rsquo;un simple chiffre, est le fondement d&rsquo;un commerce \u00e9quitable et responsable. Il garantit aux producteurs de caf\u00e9 une r\u00e9mun\u00e9ration \u00e9quitable, couvrant au moins leurs co\u00fbts de production, et leur offre ainsi une stabilit\u00e9 financi\u00e8re vitale. Ce m\u00e9canisme joue un r\u00f4le crucial, particuli\u00e8rement dans un march\u00e9 sujet \u00e0 des fluctuations impr\u00e9visibles. Plus qu&rsquo;une simple aide financi\u00e8re, ce prix minimum permet aux producteurs d&rsquo;investir dans leurs communaut\u00e9s, d&rsquo;am\u00e9liorer leurs m\u00e9thodes de production, et de cultiver un caf\u00e9 de qualit\u00e9 sup\u00e9rieure. En choisissant des produits Fairtrade, les consommateurs participent activement \u00e0 la construction d&rsquo;un avenir plus durable pour les producteurs et leurs communaut\u00e9s, tout en d\u00e9gustant un caf\u00e9 exceptionnel.<\/p><h2 class=\"wp-block-heading\"><strong>Le processus de production du caf\u00e9 fairtrade<\/strong><\/h2><p>Le caf\u00e9 Fairtrade, symbole de qualit\u00e9 et d&rsquo;\u00e9quit\u00e9, est le fruit d&rsquo;un processus de production rigoureux et respectueux, d\u00e9butant bien avant la r\u00e9colte.<\/p><h3 class=\"wp-block-heading\"><strong>De la graine \u00e0 la tasse: un d\u00e9but choisi avec soin<\/strong><\/h3><p>Tout commence par la s\u00e9lection m\u00e9ticuleuse des vari\u00e9t\u00e9s de caf\u00e9iers, notamment l&rsquo;Arabica et le Robusta, choisies pour leur adaptation optimale au climat et au sol local. Cette \u00e9tape cruciale assure non seulement la sant\u00e9 et la vigueur des plants, mais influence \u00e9galement le profil gustatif du caf\u00e9. Les agriculteurs Fairtrade, souvent regroup\u00e9s en coop\u00e9ratives, adoptent des m\u00e9thodes de culture mixte, int\u00e9grant les caf\u00e9iers dans un \u00e9cosyst\u00e8me diversifi\u00e9. Cultiv\u00e9s \u00e0 l&rsquo;ombre d&rsquo;autres arbres, les caf\u00e9iers b\u00e9n\u00e9ficient d&rsquo;un microclimat id\u00e9al, tout en contribuant \u00e0 la pr\u00e9servation de la biodiversit\u00e9 et \u00e0 la protection des sols face aux changements climatiques.<\/p><div class=\"wp-block-image\"><figure class=\"aligncenter size-large\"><a href=\"https:\/\/yithcompare.321dev.ch\/wp-content\/uploads\/2024\/01\/AdobeStock_231002296-scaled.jpeg\"><img loading=\"lazy\" decoding=\"async\" width=\"1200\" height=\"800\" src=\"https:\/\/yithcompare.321dev.ch\/wp-content\/uploads\/2024\/01\/AdobeStock_231002296-1200x800.jpeg\" alt=\"Le processus de production du caf\u00e9 fairtrade\" class=\"wp-image-45618\" srcset=\"https:\/\/yithcompare.321dev.ch\/wp-content\/uploads\/2024\/01\/AdobeStock_231002296-1200x800.jpeg 1200w, https:\/\/yithcompare.321dev.ch\/wp-content\/uploads\/2024\/01\/AdobeStock_231002296-600x400.jpeg 600w, https:\/\/yithcompare.321dev.ch\/wp-content\/uploads\/2024\/01\/AdobeStock_231002296-768x512.jpeg 768w, https:\/\/yithcompare.321dev.ch\/wp-content\/uploads\/2024\/01\/AdobeStock_231002296-1536x1024.jpeg 1536w, https:\/\/yithcompare.321dev.ch\/wp-content\/uploads\/2024\/01\/AdobeStock_231002296-scaled.jpeg 2048w, https:\/\/yithcompare.321dev.ch\/wp-content\/uploads\/2024\/01\/AdobeStock_231002296-510x340.jpeg 510w\" sizes=\"auto, (max-width: 1200px) 100vw, 1200px\" \/><\/a><\/figure><\/div><div style=\"height:50px\" aria-hidden=\"true\" class=\"wp-block-spacer\"><\/div><h3 class=\"wp-block-heading\"><strong>R\u00e9colte manuelle : la qu\u00eate de la perfection<\/strong><\/h3><p>La r\u00e9colte, effectu\u00e9e avec soin \u00e0 la main, est un art en soi. Les cueilleurs exp\u00e9riment\u00e9s parcourent les plantations, choisissant avec discernement les cerises de caf\u00e9 \u00e0 parfaite maturit\u00e9. Cette s\u00e9lection minutieuse garantit non seulement une qualit\u00e9 constante, mais permet aussi de capturer l&rsquo;essence m\u00eame des ar\u00f4mes et des saveurs uniques du caf\u00e9, qu&rsquo;il soit Arabica ou Robusta. Chaque cerise cueillie est un gage de qualit\u00e9, refl\u00e9tant l&rsquo;engagement des producteurs pour l&rsquo;excellence.<\/p><div class=\"wp-block-image\"><figure class=\"aligncenter size-large\"><a href=\"https:\/\/yithcompare.321dev.ch\/wp-content\/uploads\/2024\/01\/AdobeStock_562919007-scaled.jpeg\"><img loading=\"lazy\" decoding=\"async\" width=\"1213\" height=\"800\" src=\"https:\/\/yithcompare.321dev.ch\/wp-content\/uploads\/2024\/01\/AdobeStock_562919007-1213x800.jpeg\" alt=\"r\u00e9colte manuelle des grains de caf\u00e9\" class=\"wp-image-45604\" srcset=\"https:\/\/yithcompare.321dev.ch\/wp-content\/uploads\/2024\/01\/AdobeStock_562919007-1213x800.jpeg 1213w, https:\/\/yithcompare.321dev.ch\/wp-content\/uploads\/2024\/01\/AdobeStock_562919007-606x400.jpeg 606w, https:\/\/yithcompare.321dev.ch\/wp-content\/uploads\/2024\/01\/AdobeStock_562919007-768x507.jpeg 768w, https:\/\/yithcompare.321dev.ch\/wp-content\/uploads\/2024\/01\/AdobeStock_562919007-1536x1013.jpeg 1536w, https:\/\/yithcompare.321dev.ch\/wp-content\/uploads\/2024\/01\/AdobeStock_562919007-scaled.jpeg 2048w, https:\/\/yithcompare.321dev.ch\/wp-content\/uploads\/2024\/01\/AdobeStock_562919007-510x336.jpeg 510w\" sizes=\"auto, (max-width: 1213px) 100vw, 1213px\" \/><\/a><\/figure><\/div><div style=\"height:50px\" aria-hidden=\"true\" class=\"wp-block-spacer\"><\/div><h3 class=\"wp-block-heading\"><strong>Traitement et pr\u00e9paration des grains de caf\u00e9<\/strong><\/h3><p>Apr\u00e8s la r\u00e9colte, les grains de caf\u00e9 entament un parcours m\u00e9ticuleux de traitement, o\u00f9 ils sont soigneusement nettoy\u00e9s, s\u00e9ch\u00e9s et, selon la vari\u00e9t\u00e9, ferment\u00e9s. Cette phase est d\u00e9terminante, car elle fa\u00e7onne le profil aromatique distinctif du caf\u00e9, qu&rsquo;il s&rsquo;agisse de l&rsquo;Arabica ou du Robusta. Les m\u00e9thodes employ\u00e9es sont rigoureusement align\u00e9es sur les normes du commerce \u00e9quitable, assurant des pratiques \u00e9thiques et respectueuses tant de l&rsquo;environnement que des travailleurs.<\/p><p>En plus, le commerce \u00e9quitable garantit un prix minimum aux producteurs, garantissant une s\u00e9curit\u00e9 financi\u00e8re en cas de fluctuations des prix du march\u00e9. Cela permet non seulement d&rsquo;am\u00e9liorer les conditions de vie des producteurs, mais \u00e9galement de maintenir la qualit\u00e9 et la durabilit\u00e9 de la production de caf\u00e9 face aux d\u00e9fis des changements climatiques.<\/p><figure class=\"wp-block-image size-large\"><a href=\"https:\/\/yithcompare.321dev.ch\/wp-content\/uploads\/2024\/01\/AdobeStock_579801880-scaled.jpeg\"><img loading=\"lazy\" decoding=\"async\" width=\"1200\" height=\"800\" src=\"https:\/\/yithcompare.321dev.ch\/wp-content\/uploads\/2024\/01\/AdobeStock_579801880-1200x800.jpeg\" alt=\"traitement des grains de caf\u00e9 selon les standards Fairtrade\" class=\"wp-image-45614\" srcset=\"https:\/\/yithcompare.321dev.ch\/wp-content\/uploads\/2024\/01\/AdobeStock_579801880-1200x800.jpeg 1200w, https:\/\/yithcompare.321dev.ch\/wp-content\/uploads\/2024\/01\/AdobeStock_579801880-600x400.jpeg 600w, https:\/\/yithcompare.321dev.ch\/wp-content\/uploads\/2024\/01\/AdobeStock_579801880-768x512.jpeg 768w, https:\/\/yithcompare.321dev.ch\/wp-content\/uploads\/2024\/01\/AdobeStock_579801880-1536x1024.jpeg 1536w, https:\/\/yithcompare.321dev.ch\/wp-content\/uploads\/2024\/01\/AdobeStock_579801880-scaled.jpeg 2048w, https:\/\/yithcompare.321dev.ch\/wp-content\/uploads\/2024\/01\/AdobeStock_579801880-510x340.jpeg 510w\" sizes=\"auto, (max-width: 1200px) 100vw, 1200px\" \/><\/a><\/figure><div style=\"height:50px\" aria-hidden=\"true\" class=\"wp-block-spacer\"><\/div><h3 class=\"wp-block-heading\"><strong>Le caf\u00e9 d&rsquo;ombre du Mexique : exemple de durabilit\u00e9 et de commerce \u00e9quitable<\/strong><\/h3><p>Un exemple remarquable de pratiques durables dans la production de caf\u00e9 Fairtrade est <a href=\"https:\/\/yithcompare.321dev.ch\/fr\/lexcellence-du-cafe-mexicain-un-engagement-bio-et-equitable\/\">le caf\u00e9 d&rsquo;ombre du Mexique<\/a>. Dans ces syst\u00e8mes agroforestiers, les caf\u00e9iers sont cultiv\u00e9s sous la canop\u00e9e des arbres, cr\u00e9ant un microclimat id\u00e9al pour la croissance des plants de caf\u00e9. Cette m\u00e9thode de culture d&rsquo;ombre contribue \u00e0 la biodiversit\u00e9, prot\u00e8ge les sols de l&rsquo;\u00e9rosion et garanti un habitat pour la faune locale. De plus, les grains de caf\u00e9 cultiv\u00e9s \u00e0 l&rsquo;ombre d\u00e9veloppent des profils de saveur plus complexes et sont souvent consid\u00e9r\u00e9s comme de qualit\u00e9 sup\u00e9rieure. Le s\u00e9chage de ces grains suit les m\u00eames principes de qualit\u00e9 et de respect de l&rsquo;environnement, assurant un produit final exceptionnel.<\/p><h2 class=\"wp-block-heading\"><strong>Certification et r\u00e9glementation du caf\u00e9 fairtrade<\/strong><\/h2><p>Pour qu&rsquo;un caf\u00e9 soit certifi\u00e9 fairtrade, il doit passer par un processus de certification rigoureux. Ce processus assure que toutes les \u00e9tapes de la production, de la r\u00e9colte \u00e0 la vente, respectent les normes \u00e9thiques \u00e9tablies par Fairtrade International. Cette certification est plus qu&rsquo;un label ; c&rsquo;est une promesse de qualit\u00e9 et d&rsquo;int\u00e9grit\u00e9.<\/p><h3 class=\"wp-block-heading\"><strong>Processus de certification<\/strong><\/h3><p>Pour obtenir la certification fairtrade, les producteurs de caf\u00e9 doivent se conformer \u00e0 un ensemble de crit\u00e8res stricts. Ces crit\u00e8res couvrent divers aspects, allant des conditions de travail et des salaires \u00e9quitables \u00e0 l&rsquo;utilisation de pratiques agricoles durables. Le processus de certification implique des audits r\u00e9guliers et une \u00e9valuation continue pour s&rsquo;assurer que ces normes sont respect\u00e9es.<\/p><h3 class=\"wp-block-heading\"><strong>R\u00f4le des organismes de certification<\/strong><\/h3><p>Des organismes ind\u00e9pendants jouent un r\u00f4le important dans le processus de certification fairtrade. Ils sont responsables de l&rsquo;\u00e9valuation et de la v\u00e9rification que les producteurs respectent bien les standards \u00e9tablis. Ces organismes garantissent l&rsquo;int\u00e9grit\u00e9 et la cr\u00e9dibilit\u00e9 du<a href=\"https:\/\/yithcompare.321dev.ch\/fr\/cafe-equitable\/\"> label fairtrade<\/a>.<\/p><h2 class=\"wp-block-heading\"><strong>L&rsquo;Europe : un march\u00e9 cl\u00e9 pour le caf\u00e9 Fairtrade<\/strong><\/h2><p>L&rsquo;Europe repr\u00e9sente un march\u00e9 crucial pour l&rsquo;exportation du caf\u00e9 Fairtrade. Les consommateurs europ\u00e9ens, de plus en plus conscients des enjeux \u00e9thiques et environnementaux, sont attir\u00e9s par la promesse d&rsquo;un caf\u00e9 de qualit\u00e9 sup\u00e9rieure produit dans le respect des principes du commerce \u00e9quitable. Les pays europ\u00e9ens, notamment la Suisse, avec leur forte demande en caf\u00e9 de qualit\u00e9 et leur engagement pour des pratiques de consommation responsables, garantissent un march\u00e9 vaste et en croissance pour les caf\u00e9s Fairtrade.<\/p><h2 class=\"wp-block-heading\"><strong>O\u00f9 acheter du caf\u00e9 \u00e9quitable en Suisse ?<\/strong><\/h2><p>Pour les amateurs de caf\u00e9 en Suisse, Esperanza.ch est la destination incontournable. Proposant une s\u00e9lection exquise de caf\u00e9s Fairtrade, chaque achat soutient des pratiques agricoles durables et \u00e9quitables. <\/p><p>Chez Esperanza, vous \u00eates invit\u00e9s \u00e0 d\u00e9couvrir une gamme exclusive de caf\u00e9s \u00e9quitables et biologiques, tous 100 % Arabica, issus des terroirs les plus r\u00e9put\u00e9s du Br\u00e9sil, du Mexique, <a href=\"https:\/\/yithcompare.321dev.ch\/fr\/les-cafes-du-perou-une-tradition-bio-et-ethique-a-savourer\/\">du P\u00e9rou<\/a>, de l&rsquo;\u00c9thiopie, de l&rsquo;Indon\u00e9sie et du <a href=\"https:\/\/yithcompare.321dev.ch\/fr\/cafe-de-guatemala\/\" target=\"_blank\" rel=\"noreferrer noopener\">Guatemala<\/a>. Chaque grain s\u00e9lectionn\u00e9 raconte l&rsquo;histoire unique de sa terre d&rsquo;origine, privil\u00e9giant une exp\u00e9rience gustative riche et authentique.<\/p><p>Visitez Esperanza.ch pour transformer votre rituel de caf\u00e9 en un acte de soutien significatif pour les producteurs du monde entier.<\/p>","protected":false},"excerpt":{"rendered":"<p>Dans un monde de plus en plus conscient des enjeux environnementaux et sociaux, le caf\u00e9 Fairtrade se pr\u00e9sente comme une lueur d&rsquo;espoir et de progr\u00e8s. Ce caf\u00e9, cultiv\u00e9 et vendu selon des principes \u00e9thiques, ne se contente pas d&rsquo;offrir une exp\u00e9rience gustative exceptionnelle ; il joue un r\u00f4le crucial dans l&rsquo;am\u00e9lioration des conditions de vie [&hellip;]<\/p>\n","protected":false},"author":6990,"featured_media":45621,"comment_status":"open","ping_status":"open","sticky":false,"template":"","format":"standard","meta":{"footnotes":""},"categories":[1],"tags":[],"class_list":["post-45552","post","type-post","status-publish","format-standard","has-post-thumbnail","hentry","category-news-esperanza"],"_links":{"self":[{"href":"https:\/\/yithcompare.321dev.ch\/fr\/wp-json\/wp\/v2\/posts\/45552","targetHints":{"allow":["GET"]}}],"collection":[{"href":"https:\/\/yithcompare.321dev.ch\/fr\/wp-json\/wp\/v2\/posts"}],"about":[{"href":"https:\/\/yithcompare.321dev.ch\/fr\/wp-json\/wp\/v2\/types\/post"}],"author":[{"embeddable":true,"href":"https:\/\/yithcompare.321dev.ch\/fr\/wp-json\/wp\/v2\/users\/6990"}],"replies":[{"embeddable":true,"href":"https:\/\/yithcompare.321dev.ch\/fr\/wp-json\/wp\/v2\/comments?post=45552"}],"version-history":[{"count":0,"href":"https:\/\/yithcompare.321dev.ch\/fr\/wp-json\/wp\/v2\/posts\/45552\/revisions"}],"wp:featuredmedia":[{"embeddable":true,"href":"https:\/\/yithcompare.321dev.ch\/fr\/wp-json\/wp\/v2\/media\/45621"}],"wp:attachment":[{"href":"https:\/\/yithcompare.321dev.ch\/fr\/wp-json\/wp\/v2\/media?parent=45552"}],"wp:term":[{"taxonomy":"category","embeddable":true,"href":"https:\/\/yithcompare.321dev.ch\/fr\/wp-json\/wp\/v2\/categories?post=45552"},{"taxonomy":"post_tag","embeddable":true,"href":"https:\/\/yithcompare.321dev.ch\/fr\/wp-json\/wp\/v2\/tags?post=45552"}],"curies":[{"name":"wp","href":"https:\/\/api.w.org\/{rel}","templated":true}]}}