{"id":45549,"date":"2023-12-15T10:51:50","date_gmt":"2023-12-15T08:51:50","guid":{"rendered":"https:\/\/esperanza.ch\/?p=45549"},"modified":"2024-11-11T15:54:18","modified_gmt":"2024-11-11T13:54:18","slug":"lexcellence-du-cafe-mexicain-un-engagement-bio-et-equitable","status":"publish","type":"post","link":"https:\/\/yithcompare.321dev.ch\/fr\/lexcellence-du-cafe-mexicain-un-engagement-bio-et-equitable\/","title":{"rendered":"L&rsquo;excellence du caf\u00e9 mexicain : un engagement bio et \u00e9quitable"},"content":{"rendered":"<p>Le Mexique est un acteur majeur dans l\u2019industrie caf\u00e9i\u00e8re mondiale. Produisant annuellement des tonnes de caf\u00e9, le pays se classe parmi les plus grands producteurs mondiaux du secteur. Reconnu pour la qualit\u00e9 sup\u00e9rieure de son caf\u00e9, souvent class\u00e9 parmi les meilleurs au niveau international, le Mexique se d\u00e9marque \u00e9galement par sa production significative de caf\u00e9 biologique et \u00e9quitable. Il d\u00e9tient environ 20,5 % du march\u00e9 mondial du caf\u00e9 biologique. Cette excellence est le r\u00e9sultat d&rsquo;une combinaison de facteurs : un terroir exceptionnel, un climat id\u00e9al, et surtout, les m\u00e9thodes de torr\u00e9faction traditionnelles et les pratiques agricoles strictes des producteurs mexicains.<\/p><p>Ce savoir-faire, transmis de g\u00e9n\u00e9ration en g\u00e9n\u00e9ration, fait du caf\u00e9 mexicain un produit de choix sur le march\u00e9 mondial pour les amoureux de saveurs intenses.<\/p><h2 class=\"wp-block-heading\"><strong>Les d\u00e9buts du caf\u00e9 mexicain<\/strong><\/h2><p>L&rsquo;histoire du caf\u00e9 au Mexique remonte au XVIIIe si\u00e8cle, lorsque les Espagnols ont introduit la plante de caf\u00e9 en provenance de Cuba et de la R\u00e9publique dominicaine. La culture commerciale du caf\u00e9 a toutefois d\u00e9but\u00e9 plus tard, avec l&rsquo;arriv\u00e9e d&rsquo;immigrants allemands et italiens en provenance du <a href=\"https:\/\/yithcompare.321dev.ch\/fr\/cafe-de-guatemala\/\" target=\"_blank\" rel=\"noreferrer noopener\">Guatemala<\/a> et d&rsquo;autres pays d&rsquo;Am\u00e9rique centrale. Ces immigrants ont apport\u00e9 avec eux des connaissances et des techniques avanc\u00e9es en mati\u00e8re de culture du caf\u00e9, ce qui a permis d&rsquo;am\u00e9liorer la qualit\u00e9 des grains de caf\u00e9 produits au Mexique. Cependant, ce n&rsquo;est qu&rsquo;\u00e0 partir du XIXe si\u00e8cle, apr\u00e8s l&rsquo;ind\u00e9pendance du pays, que la production de caf\u00e9 mexicain a v\u00e9ritablement pris son essor.&nbsp;<\/p><h2 class=\"wp-block-heading\"><strong>La cr\u00e9ation de l&rsquo;Institut national du caf\u00e9 du Mexique (INMECAFE)<\/strong><\/h2><p>Dans les ann\u00e9es 1970, le gouvernement mexicain a reconnu le potentiel du caf\u00e9 comme produit d&rsquo;exportation et a cr\u00e9\u00e9 l&rsquo;Institut national du caf\u00e9 du Mexique (INMECAFE) en 1973. L&rsquo;INMECAFE avait pour mission d&rsquo;apporter un soutien technique et financier aux petits producteurs de caf\u00e9. Gr\u00e2ce \u00e0 cet appui, la production de caf\u00e9 a connu une p\u00e9riode de croissance importante entre 1973 et 1990.<\/p><p>Cependant, malgr\u00e9 les efforts de l&rsquo;INMECAFE, l&rsquo;industrie du caf\u00e9 mexicaine a connu des difficult\u00e9s dans les ann\u00e9es 1980 et 1990. La dissolution de l&rsquo;INMECAFE en 1989, combin\u00e9e \u00e0 la crise de l&rsquo;accord international sur le caf\u00e9 et \u00e0 la propagation de la rouille du caf\u00e9, a entra\u00een\u00e9 une baisse de la qualit\u00e9 et de la rentabilit\u00e9 de la production de caf\u00e9 au Mexique.<\/p><h2 class=\"wp-block-heading\"><strong>Le renouveau de la caf\u00e9iculture mexicaine<\/strong><\/h2><p>Malgr\u00e9 ces difficult\u00e9s, la caf\u00e9iculture mexicaine a su se renouveler et se r\u00e9inventer au fil des ann\u00e9es. Les petits producteurs se sont regroup\u00e9s en coop\u00e9ratives pour b\u00e9n\u00e9ficier d&rsquo;un soutien mutuel et am\u00e9liorer la qualit\u00e9 de leur caf\u00e9. De plus, de nombreuses fermes de caf\u00e9 au Mexique ont obtenu des certifications biologiques, ce qui a permis de mettre en avant la production de caf\u00e9 biologique et \u00e9quitable du pays.<\/p><p>Aujourd&rsquo;hui, le Mexique est l&rsquo;un des principaux producteurs de caf\u00e9 au monde, avec une production principalement concentr\u00e9e dans les r\u00e9gions du sud et du sud-est du pays, telles que Veracruz, Oaxaca et Chiapas. La caf\u00e9iculture mexicaine se distingue par sa production d&rsquo;Arabica de haute qualit\u00e9, avec des ar\u00f4mes doux, des saveurs complexes et des nuances fruit\u00e9es.<\/p><div class=\"wp-block-image\"><figure class=\"aligncenter size-large\"><a href=\"https:\/\/yithcompare.321dev.ch\/wp-content\/uploads\/2024\/01\/AdobeStock_446181013-scaled.jpeg\"><img loading=\"lazy\" decoding=\"async\" width=\"1200\" height=\"800\" src=\"https:\/\/yithcompare.321dev.ch\/wp-content\/uploads\/2024\/01\/AdobeStock_446181013-1200x800.jpeg\" alt=\"traditions mexicaine\" class=\"wp-image-45596\" srcset=\"https:\/\/yithcompare.321dev.ch\/wp-content\/uploads\/2024\/01\/AdobeStock_446181013-1200x800.jpeg 1200w, https:\/\/yithcompare.321dev.ch\/wp-content\/uploads\/2024\/01\/AdobeStock_446181013-600x400.jpeg 600w, https:\/\/yithcompare.321dev.ch\/wp-content\/uploads\/2024\/01\/AdobeStock_446181013-768x512.jpeg 768w, https:\/\/yithcompare.321dev.ch\/wp-content\/uploads\/2024\/01\/AdobeStock_446181013-1536x1024.jpeg 1536w, https:\/\/yithcompare.321dev.ch\/wp-content\/uploads\/2024\/01\/AdobeStock_446181013-scaled.jpeg 2048w, https:\/\/yithcompare.321dev.ch\/wp-content\/uploads\/2024\/01\/AdobeStock_446181013-510x340.jpeg 510w\" sizes=\"auto, (max-width: 1200px) 100vw, 1200px\" \/><\/a><\/figure><\/div><div style=\"height:50px\" aria-hidden=\"true\" class=\"wp-block-spacer\"><\/div><h2 class=\"wp-block-heading\"><strong>Le caf\u00e9 Mexicain : ar\u00f4mes et myst\u00e8res&nbsp;<\/strong><\/h2><h3 class=\"wp-block-heading\"><strong>Caract\u00e9ristiques uniques<\/strong><\/h3><p>Le caf\u00e9 mexicain, cultiv\u00e9 principalement \u00e0 l&rsquo;ombre, se distingue par un \u00e9quilibre parfait entre douceur et intensit\u00e9 aromatique. Les conditions climatiques et g\u00e9ographiques, avec des altitudes entre 800 et 1750 m\u00e8tres, favorisent la production de grains de haute qualit\u00e9. Selon la r\u00e9gion, ces caf\u00e9s proposent des notes vari\u00e9es allant du caramel au chocolat, en passant par les fruits secs et les ar\u00f4mes de noisette et d&rsquo;agrumes.<\/p><h3 class=\"wp-block-heading\"><strong>L&rsquo;avantage des hautes altitudes et des sols fertiles<\/strong><\/h3><p>Les hautes altitudes et les sols fertiles du Mexique sont des atouts majeurs pour la culture du caf\u00e9. Ces facteurs naturels contribuent \u00e0 la richesse des saveurs et des ar\u00f4mes, faisant des r\u00e9gions comme Chiapas, Veracruz et Oaxaca des zones de production renomm\u00e9es.<\/p><div class=\"wp-block-image\"><figure class=\"aligncenter size-large\"><a href=\"https:\/\/yithcompare.321dev.ch\/wp-content\/uploads\/2024\/01\/AdobeStock_584409394-scaled.jpeg\"><img loading=\"lazy\" decoding=\"async\" width=\"1400\" height=\"788\" src=\"https:\/\/yithcompare.321dev.ch\/wp-content\/uploads\/2024\/01\/AdobeStock_584409394-1400x788.jpeg\" alt=\"r\u00e9colte grains caf\u00e9 Mexicain\" class=\"wp-image-45587\" srcset=\"https:\/\/yithcompare.321dev.ch\/wp-content\/uploads\/2024\/01\/AdobeStock_584409394-1400x788.jpeg 1400w, https:\/\/yithcompare.321dev.ch\/wp-content\/uploads\/2024\/01\/AdobeStock_584409394-711x400.jpeg 711w, https:\/\/yithcompare.321dev.ch\/wp-content\/uploads\/2024\/01\/AdobeStock_584409394-768x432.jpeg 768w, https:\/\/yithcompare.321dev.ch\/wp-content\/uploads\/2024\/01\/AdobeStock_584409394-1536x864.jpeg 1536w, https:\/\/yithcompare.321dev.ch\/wp-content\/uploads\/2024\/01\/AdobeStock_584409394-scaled.jpeg 2048w, https:\/\/yithcompare.321dev.ch\/wp-content\/uploads\/2024\/01\/AdobeStock_584409394-510x287.jpeg 510w\" sizes=\"auto, (max-width: 1400px) 100vw, 1400px\" \/><\/a><\/figure><\/div><div style=\"height:50px\" aria-hidden=\"true\" class=\"wp-block-spacer\"><\/div><h3 class=\"wp-block-heading\"><strong>Le caf\u00e9 d&rsquo;ombre : une m\u00e9thode de culture durable<\/strong><\/h3><p>Le caf\u00e9 d&rsquo;ombre, majoritaire dans la production mexicaine, est une m\u00e9thode de culture durable. Sous les arbres, les grains de caf\u00e9 m\u00fbrissent lentement, enrichissant leurs saveurs. Cette technique favorise la biodiversit\u00e9 et prot\u00e8ge les \u00e9cosyst\u00e8mes, tout en produisant un caf\u00e9 de qualit\u00e9 sup\u00e9rieure.<\/p><h3 class=\"wp-block-heading\"><strong>Les bienfaits du caf\u00e9 d&rsquo;ombre pour l&rsquo;\u00e9cosyst\u00e8me<\/strong><\/h3><p>En plus de produire un caf\u00e9 exceptionnel, la culture du caf\u00e9 d&rsquo;ombre au Mexique soutient la sant\u00e9 des \u00e9cosyst\u00e8mes locaux. Elle offre un habitat vital pour la faune et contribue \u00e0 la conservation des sols et de l&rsquo;eau, renfor\u00e7ant ainsi la durabilit\u00e9 de l&rsquo;agriculture caf\u00e9i\u00e8re.<\/p><h3 class=\"wp-block-heading\"><strong>Pr\u00e9f\u00e9rences et tendances des consommateurs suisses<\/strong><\/h3><p>Les consommateurs suisses montrent un int\u00e9r\u00eat croissant pour les produits biologiques et les caf\u00e9s de sp\u00e9cialit\u00e9, y compris le caf\u00e9 d&rsquo;ombre. Cette tendance est soutenue par une prise de conscience des impacts environnementaux de la production de caf\u00e9 et une appr\u00e9ciation accrue pour la qualit\u00e9 et le go\u00fbt.<\/p><h2 class=\"wp-block-heading\"><strong>Pratiques durables dans la production de caf\u00e9 au Mexique<\/strong><\/h2><p>Le Mexique se distingue par son engagement pour des pratiques de production de caf\u00e9 durables. Les producteurs mexicains adoptent des m\u00e9thodes respectueuses de l&rsquo;environnement, telles que l&rsquo;<a href=\"https:\/\/yithcompare.321dev.ch\/fr\/lagroforesterie-avenir-durable-du-cafe\/\" target=\"_blank\" rel=\"noreferrer noopener\">agroforesterie<\/a>, qui non seulement pr\u00e9servent la biodiversit\u00e9, mais am\u00e9liorent \u00e9galement la qualit\u00e9 du caf\u00e9. Cette approche \u00e9co-responsable contribue \u00e0 la protection des \u00e9cosyst\u00e8mes locaux tout en assurant la p\u00e9rennit\u00e9 de la culture du caf\u00e9.<\/p><h2 class=\"wp-block-heading\"><strong>Le mouvement du commerce \u00e9quitable<\/strong><\/h2><p>Le commerce \u00e9quitable joue un r\u00f4le crucial dans l&rsquo;industrie du caf\u00e9 mexicain. En favorisant des conditions de travail \u00e9quitables et une r\u00e9mun\u00e9ration juste pour les producteurs, ce mouvement renforce les communaut\u00e9s locales et assure une distribution plus \u00e9quitable des b\u00e9n\u00e9fices. Le Mexique, comme l&rsquo;un des leaders du <a href=\"https:\/\/yithcompare.321dev.ch\/fr\/le-defi-du-cafe-equitable-en-amerique-latine\/\">commerce \u00e9quitable<\/a>, montre l&rsquo;exemple en mati\u00e8re de production de caf\u00e9 responsable et \u00e9thique.<\/p><h2 class=\"wp-block-heading\"><strong>L&rsquo;excellence en tasse : secrets de d\u00e9gustation du caf\u00e9 mexicain<\/strong><\/h2><p>Maintenant que vous en savez plus sur le caf\u00e9 mexicain, vous \u00eates s\u00fbrement impatient de le d\u00e9guster ! Voici quelques conseils pour savourer pleinement votre tasse de caf\u00e9 mexicain :<\/p><ul class=\"wp-block-list\"><li>Choisissez des grains fra\u00eechement torr\u00e9fi\u00e9s : optez pour des <a href=\"https:\/\/yithcompare.321dev.ch\/fr\/categorie-produit\/cafe\/cafe-en-grains\/\">grains de caf\u00e9 torr\u00e9fi\u00e9s r\u00e9cemment<\/a>, de pr\u00e9f\u00e9rence dans les deux semaines pr\u00e9c\u00e9dant votre achat. Cela garantira une saveur et un ar\u00f4me optimaux.<br><\/li>\n\n<li>Privil\u00e9giez une mouture fra\u00eeche : pour une extraction optimale des saveurs, pr\u00e9f\u00e9rez moudre vos grains de caf\u00e9 juste avant la pr\u00e9paration. Une mouture moyenne \u00e0 grossi\u00e8re est g\u00e9n\u00e9ralement recommand\u00e9e pour les m\u00e9thodes de pr\u00e9paration telles que la cafeti\u00e8re \u00e0 piston ou <a href=\"https:\/\/yithcompare.321dev.ch\/fr\/chemex-lelegance-de-l-extraction-en-slow-coffee\/\">la m\u00e9thode Chemex<\/a>.<br><\/li>\n\n<li>Exp\u00e9rimentez avec les m\u00e9thodes de pr\u00e9paration : le caf\u00e9 mexicain peut \u00eatre appr\u00e9ci\u00e9 de diff\u00e9rentes mani\u00e8res, que ce soit avec une cafeti\u00e8re \u00e0 piston, une machine \u00e0 expresso ou une m\u00e9thode de pr\u00e9paration traditionnelle mexicaine comme le caf\u00e9 de Olla. Pensez \u00e0 exp\u00e9rimenter pour trouver la m\u00e9thode qui vous convient le mieux.<br><\/li>\n\n<li>Savourez les ar\u00f4mes et les saveurs : appr\u00e9ciez les ar\u00f4mes et les saveurs subtiles du caf\u00e9 mexicain. Vous pourriez d\u00e9couvrir des notes de chocolat, de noisette, d&rsquo;agrumes ou m\u00eame de caramel, selon la r\u00e9gion et les caract\u00e9ristiques du caf\u00e9 que vous avez choisi.<\/li><\/ul><p>Accompagnez votre caf\u00e9 d&rsquo;une gourmandise mexicaine : pour une exp\u00e9rience authentique, d\u00e9gustez votre caf\u00e9 mexicain avec une gourmandise traditionnelle mexicaine telle que le \u201c pan de muerto \u201c, un pain brioch\u00e9 d\u00e9licieux.<\/p><figure class=\"wp-block-image size-large\"><a href=\"https:\/\/yithcompare.321dev.ch\/wp-content\/uploads\/2024\/01\/AdobeStock_463507814-scaled.jpeg\"><img loading=\"lazy\" decoding=\"async\" width=\"1067\" height=\"800\" src=\"https:\/\/yithcompare.321dev.ch\/wp-content\/uploads\/2024\/01\/AdobeStock_463507814-1067x800.jpeg\" alt=\"caf\u00e9 mexicain aux traditions du Mexique pan de muerto\" class=\"wp-image-45562\" srcset=\"https:\/\/yithcompare.321dev.ch\/wp-content\/uploads\/2024\/01\/AdobeStock_463507814-1067x800.jpeg 1067w, https:\/\/yithcompare.321dev.ch\/wp-content\/uploads\/2024\/01\/AdobeStock_463507814-533x400.jpeg 533w, https:\/\/yithcompare.321dev.ch\/wp-content\/uploads\/2024\/01\/AdobeStock_463507814-768x576.jpeg 768w, https:\/\/yithcompare.321dev.ch\/wp-content\/uploads\/2024\/01\/AdobeStock_463507814-1536x1152.jpeg 1536w, https:\/\/yithcompare.321dev.ch\/wp-content\/uploads\/2024\/01\/AdobeStock_463507814-scaled.jpeg 2048w, https:\/\/yithcompare.321dev.ch\/wp-content\/uploads\/2024\/01\/AdobeStock_463507814-510x383.jpeg 510w\" sizes=\"auto, (max-width: 1067px) 100vw, 1067px\" \/><\/a><\/figure><div style=\"height:50px\" aria-hidden=\"true\" class=\"wp-block-spacer\"><\/div><h2 class=\"wp-block-heading\"><strong>Le caf\u00e9 de Olla : boisson traditionnelle du Mexique<\/strong><\/h2><p>Au c\u0153ur de la tradition caf\u00e9i\u00e8re mexicaine, le caf\u00e9 de Olla se distingue comme une v\u00e9ritable \u0153uvre d&rsquo;art culinaire. Pr\u00e9par\u00e9 avec soin dans un pot en terre cuite, ce caf\u00e9 est une c\u00e9l\u00e9bration de l&rsquo;histoire et de la culture mexicaines. Sa recette unique, qui allie les grains de caf\u00e9 finement moulus \u00e0 la cannelle et au piloncillo, cr\u00e9e une symphonie de saveurs qui \u00e9veille les sens et transporte les d\u00e9gustateurs dans un voyage \u00e0 travers le temps et l&rsquo;espace.<\/p><h2 class=\"wp-block-heading\"><strong>Le meilleur du caf\u00e9 mexicain chez Esperanza : profils aromatiques certifi\u00e9s et uniques<\/strong><\/h2><p>Pour vivre une exp\u00e9rience caf\u00e9i\u00e8re authentique et inoubliable, choisissez Esperanza. Notre s\u00e9lection de caf\u00e9s mexicains 100 % Arabica, certifi\u00e9s pour leur qualit\u00e9 exceptionnelle, vous plongera dans un univers de saveurs riches et diversifi\u00e9es, fid\u00e8les aux traditions uniques du Mexique. Chez Esperanza, chaque grain raconte une histoire, une invitation \u00e0 savourer l&rsquo;excellence et la passion du v\u00e9ritable caf\u00e9 mexicain, une boisson bio aux profils aromatiques uniques.<\/p><p><em>Alors, pr\u00e9parez-vous \u00e0 vous laisser s\u00e9duire par les ar\u00f4mes envo\u00fbtants et les saveurs d\u00e9licates de notre <a href=\"https:\/\/yithcompare.321dev.ch\/fr\/categorie-produit\/cafe\/mexico\/\">caf\u00e9 bio et \u00e9quitable du Mexique<\/a>, et n&rsquo;h\u00e9sitez pas \u00e0 commander votre exp\u00e9rience gustative d\u00e8s aujourd&rsquo;hui !<\/em><\/p>","protected":false},"excerpt":{"rendered":"<p>Le Mexique est un acteur majeur dans l\u2019industrie caf\u00e9i\u00e8re mondiale. Produisant annuellement des tonnes de caf\u00e9, le pays se classe parmi les plus grands producteurs mondiaux du secteur. Reconnu pour la qualit\u00e9 sup\u00e9rieure de son caf\u00e9, souvent class\u00e9 parmi les meilleurs au niveau international, le Mexique se d\u00e9marque \u00e9galement par sa production significative de caf\u00e9 [&hellip;]<\/p>\n","protected":false},"author":6990,"featured_media":45578,"comment_status":"open","ping_status":"open","sticky":false,"template":"","format":"standard","meta":{"footnotes":""},"categories":[1],"tags":[],"class_list":["post-45549","post","type-post","status-publish","format-standard","has-post-thumbnail","hentry","category-news-esperanza"],"_links":{"self":[{"href":"https:\/\/yithcompare.321dev.ch\/fr\/wp-json\/wp\/v2\/posts\/45549","targetHints":{"allow":["GET"]}}],"collection":[{"href":"https:\/\/yithcompare.321dev.ch\/fr\/wp-json\/wp\/v2\/posts"}],"about":[{"href":"https:\/\/yithcompare.321dev.ch\/fr\/wp-json\/wp\/v2\/types\/post"}],"author":[{"embeddable":true,"href":"https:\/\/yithcompare.321dev.ch\/fr\/wp-json\/wp\/v2\/users\/6990"}],"replies":[{"embeddable":true,"href":"https:\/\/yithcompare.321dev.ch\/fr\/wp-json\/wp\/v2\/comments?post=45549"}],"version-history":[{"count":0,"href":"https:\/\/yithcompare.321dev.ch\/fr\/wp-json\/wp\/v2\/posts\/45549\/revisions"}],"wp:featuredmedia":[{"embeddable":true,"href":"https:\/\/yithcompare.321dev.ch\/fr\/wp-json\/wp\/v2\/media\/45578"}],"wp:attachment":[{"href":"https:\/\/yithcompare.321dev.ch\/fr\/wp-json\/wp\/v2\/media?parent=45549"}],"wp:term":[{"taxonomy":"category","embeddable":true,"href":"https:\/\/yithcompare.321dev.ch\/fr\/wp-json\/wp\/v2\/categories?post=45549"},{"taxonomy":"post_tag","embeddable":true,"href":"https:\/\/yithcompare.321dev.ch\/fr\/wp-json\/wp\/v2\/tags?post=45549"}],"curies":[{"name":"wp","href":"https:\/\/api.w.org\/{rel}","templated":true}]}}