{"id":45517,"date":"2023-12-05T15:14:10","date_gmt":"2023-12-05T13:14:10","guid":{"rendered":"https:\/\/esperanza.ch\/?p=45517"},"modified":"2025-02-10T12:38:42","modified_gmt":"2025-02-10T10:38:42","slug":"cafe-bresilien-le-geant-de-lindustrie-cafeiere","status":"publish","type":"post","link":"https:\/\/yithcompare.321dev.ch\/fr\/cafe-bresilien-le-geant-de-lindustrie-cafeiere\/","title":{"rendered":"Caf\u00e9 br\u00e9silien : le g\u00e9ant de l&rsquo;industrie caf\u00e9i\u00e8re"},"content":{"rendered":"<p>Le Br\u00e9sil, leader du march\u00e9 mondial de la production du caf\u00e9, est un pilier incontestable dans l&rsquo;univers du caf\u00e9. Ce pays, riche de son expertise, propose une diversit\u00e9 remarquable, des arabicas d\u00e9licats aux robustas intenses. Chaque vari\u00e9t\u00e9 est une expression unique du terroir et de la tradition br\u00e9silienne, un savoir-faire cultiv\u00e9 de g\u00e9n\u00e9ration en g\u00e9n\u00e9ration. Le caf\u00e9 br\u00e9silien est le r\u00e9sultat d&rsquo;une symbiose entre climat, sol et savoir-faire. Cette union parfaite cr\u00e9e des caf\u00e9s aux profils gustatifs exceptionnels, qui ont conquis les palais du monde entier. Que ce soit dans un espresso riche ou un latte onctueux, chaque tasse est une invitation \u00e0 c\u00e9l\u00e9brer le Br\u00e9sil\u2026 Pays du football, de la samba et des ar\u00f4mes envo\u00fbtants.<\/p><p>Amateur de caf\u00e9, ne manquez pas cette exp\u00e9rience unique et savourez l&rsquo;exotisme br\u00e9silien !<\/p><h2 class=\"wp-block-heading\"><strong>Grains d&rsquo;histoire : l&rsquo;h\u00e9ritage du caf\u00e9 au Br\u00e9sil<\/strong><\/h2><p>L&rsquo;histoire du caf\u00e9 au Br\u00e9sil s&rsquo;\u00e9tend sur plus de deux si\u00e8cles. Selon la l\u00e9gende, Francisco de Melo Palheta a plant\u00e9 le premier caf\u00e9ier dans l&rsquo;\u00c9tat de Par\u00e1 en 1727, ce qui a marqu\u00e9 le d\u00e9but de l&rsquo;expansion de la culture du caf\u00e9 vers le sud du pays. \u00c0 l&rsquo;\u00e9poque, le Br\u00e9sil \u00e9tait principalement connu pour sa production de sucre, mais le caf\u00e9 a rapidement pris le dessus, tant pour la consommation locale que pour l&rsquo;exportation.<\/p><p>Au d\u00e9but du XIXe si\u00e8cle, avec l&rsquo;augmentation de la demande en <a href=\"https:\/\/yithcompare.321dev.ch\/fr\/tresors-cafeiers-amerique-latine\/\">Am\u00e9rique<\/a> et en Europe, les plantations de caf\u00e9 se sont multipli\u00e9es, notamment dans les \u00c9tats de Rio de Janeiro, S\u00e3o Paulo et Minas Gerais. Ces r\u00e9gions sont aujourd&rsquo;hui reconnues comme les c\u0153urs battants de la production de caf\u00e9 br\u00e9silienne.<\/p><p>Historiquement, le Br\u00e9sil a domin\u00e9 le march\u00e9 mondial du caf\u00e9 comme principal producteur, fournissant la majorit\u00e9 du caf\u00e9 consomm\u00e9 \u00e0 travers le monde. Cependant, cette p\u00e9riode de pr\u00e9dominance s&rsquo;est concentr\u00e9e davantage sur la production de masse que sur l&rsquo;excellence, cr\u00e9ant des caf\u00e9s g\u00e9n\u00e9ralement doux et l\u00e9gers, mais d\u00e9pourvus de complexit\u00e9 gustative. Toutefois, ces derni\u00e8res ann\u00e9es, le Br\u00e9sil a chang\u00e9 de cap et opt\u00e9 pour l&rsquo;excellence et la durabilit\u00e9 dans son industrie du caf\u00e9, mettant l&rsquo;accent sur la qualit\u00e9 et la diversit\u00e9 aromatique.<\/p><h2 class=\"wp-block-heading\"><strong>Caf\u00e9 du Br\u00e9sil : une r\u00e9volution vers la qualit\u00e9<\/strong><\/h2><p>Durant les derni\u00e8res d\u00e9cennies, une v\u00e9ritable r\u00e9volution s&rsquo;est produite dans l&rsquo;industrie du caf\u00e9 br\u00e9silien. Les producteurs ont commenc\u00e9 \u00e0 se tourner vers la qualit\u00e9 plut\u00f4t que vers la quantit\u00e9, en adoptant des techniques de culture et de traitement plus avanc\u00e9es. Cette transition a \u00e9t\u00e9 soutenue par des initiatives telles que l&rsquo;Association br\u00e9silienne du caf\u00e9 de sp\u00e9cialit\u00e9 (BSCA), qui promeut et encourage la production de caf\u00e9s de haute qualit\u00e9.<\/p><p>L&rsquo;un des pionniers de cette r\u00e9volution est Paulinho Almeida, un agriculteur biologique de Parais\u00f3polis dans l&rsquo;\u00c9tat du Minas Gerais. Il a \u00e9t\u00e9 l&rsquo;un des premiers \u00e0 mettre en \u0153uvre des pratiques de cueillette s\u00e9lective, de s\u00e9paration des lots et de s\u00e9chage sur des lits sur\u00e9lev\u00e9s. Son approche a inspir\u00e9 de nombreux autres agriculteurs et a contribu\u00e9 \u00e0 l&rsquo;\u00e9mergence d&rsquo;un mouvement ax\u00e9 sur le caf\u00e9 de sp\u00e9cialit\u00e9 au Br\u00e9sil.<\/p><h2 class=\"wp-block-heading\"><strong>La taille de l&rsquo;industrie du caf\u00e9 br\u00e9silienne<\/strong><\/h2><p>L&rsquo;industrie du caf\u00e9 au Br\u00e9sil est remarquablement avanc\u00e9e et structur\u00e9e, se positionnant comme le leader mondial en production et exportation. Cette industrie est un pilier \u00e9conomique majeur, g\u00e9n\u00e9rant un grand nombre d&#8217;emplois, majoritairement issus de petites exploitations et de fermes familiales. Tout en \u00e9tant un g\u00e9ant de la production caf\u00e9i\u00e8re, le Br\u00e9sil pr\u00e9serve une grande partie de sa v\u00e9g\u00e9tation indig\u00e8ne et d\u00e9die une fraction modeste de son territoire \u00e0 l&rsquo;agriculture. Les vastes plantations permettent une production efficace et en volume, soutenue par des technologies de pointe en mati\u00e8re de transformation et de r\u00e9colte, assurant une qualit\u00e9 constante. En parall\u00e8le, le pays s&rsquo;engage de plus en plus dans des pratiques durables et tra\u00e7ables, avec un int\u00e9r\u00eat croissant pour le caf\u00e9 biologique, t\u00e9moignant de son engagement pour une production respectueuse de l&rsquo;environnement et \u00e9thiquement responsable.<\/p><div class=\"wp-block-image\"><figure class=\"aligncenter size-large\"><a href=\"https:\/\/yithcompare.321dev.ch\/wp-content\/uploads\/2024\/01\/AdobeStock_468665534-1-scaled.jpeg\"><img loading=\"lazy\" decoding=\"async\" width=\"1200\" height=\"800\" src=\"https:\/\/yithcompare.321dev.ch\/wp-content\/uploads\/2024\/01\/AdobeStock_468665534-1-1200x800.jpeg\" alt=\"caf\u00e9 br\u00e9silienne\" class=\"wp-image-45529\" srcset=\"https:\/\/yithcompare.321dev.ch\/wp-content\/uploads\/2024\/01\/AdobeStock_468665534-1-1200x800.jpeg 1200w, https:\/\/yithcompare.321dev.ch\/wp-content\/uploads\/2024\/01\/AdobeStock_468665534-1-600x400.jpeg 600w, https:\/\/yithcompare.321dev.ch\/wp-content\/uploads\/2024\/01\/AdobeStock_468665534-1-768x512.jpeg 768w, https:\/\/yithcompare.321dev.ch\/wp-content\/uploads\/2024\/01\/AdobeStock_468665534-1-1536x1024.jpeg 1536w, https:\/\/yithcompare.321dev.ch\/wp-content\/uploads\/2024\/01\/AdobeStock_468665534-1-scaled.jpeg 2048w, https:\/\/yithcompare.321dev.ch\/wp-content\/uploads\/2024\/01\/AdobeStock_468665534-1-510x340.jpeg 510w\" sizes=\"auto, (max-width: 1200px) 100vw, 1200px\" \/><\/a><\/figure><\/div><div style=\"height:50px\" aria-hidden=\"true\" class=\"wp-block-spacer\"><\/div><h2 class=\"wp-block-heading\"><strong>La r\u00e9partition territoriale de la culture du caf\u00e9 au Br\u00e9sil<\/strong><\/h2><p>Les plantations de caf\u00e9 au Br\u00e9sil sont r\u00e9parties sur environ 27 000 km\u00b2 de terrain, principalement dans les \u00c9tats du sud du pays tels que Minas Gerais, S\u00e3o Paulo et Paran\u00e1. Ces r\u00e9gions garantissent des conditions id\u00e9ales en termes de climat et de sol pour la culture du caf\u00e9 :<\/p><ul class=\"wp-block-list\"><li><strong>Minas Gerais<\/strong> : c\u0153ur de la production br\u00e9silienne, cet \u00c9tat poss\u00e8de plus d&rsquo;un million d&rsquo;hectares de caf\u00e9iers, essentiellement pour la production s\u00e8che, dominant le march\u00e9 avec sa vaste \u00e9tendue et sa production abondante.<br><\/li>\n\n<li><strong>Bahia <\/strong>: reconnu pour son caf\u00e9 lav\u00e9 de haute qualit\u00e9, Bahia cultive surtout de l&rsquo;arabica, c\u00e9l\u00e8bre pour sa finesse et son excellence aromatique.<br><\/li>\n\n<li><strong>Espirito Santo<\/strong> : adapt\u00e9 aux robustas en raison de sa faible altitude, cet \u00c9tat se distingue par ses plantations robustes de robusta, offrant une vari\u00e9t\u00e9 unique dans le paysage caf\u00e9ier br\u00e9silien.<br><\/li>\n\n<li><strong>S\u00e3o Paulo<\/strong> : berceau historique du caf\u00e9 au Br\u00e9sil, S\u00e3o Paulo cultive ses plants en haute altitude et est le point de d\u00e9part de la fameuse route du caf\u00e9, menant au port de Santos, un symbole de l&rsquo;histoire caf\u00e9i\u00e8re du pays.<\/li><\/ul><p>D&rsquo;autres \u00c9tats tels que Paran\u00e1 et Rond\u00f4nia contribuent aussi \u00e0 la culture du caf\u00e9 au Br\u00e9sil, avec des variations dans les m\u00e9thodes de r\u00e9colte et les vari\u00e9t\u00e9s cultiv\u00e9es en fonction du terrain et de la taille des exploitations.<\/p><div class=\"wp-block-image\"><figure class=\"aligncenter size-large\"><a href=\"https:\/\/yithcompare.321dev.ch\/wp-content\/uploads\/2024\/01\/AdobeStock_613763581-scaled.jpeg\"><img loading=\"lazy\" decoding=\"async\" width=\"1200\" height=\"800\" src=\"https:\/\/yithcompare.321dev.ch\/wp-content\/uploads\/2024\/01\/AdobeStock_613763581-1200x800.jpeg\" alt=\"plantations de caf\u00e9 au Br\u00e9sil\" class=\"wp-image-45536\" srcset=\"https:\/\/yithcompare.321dev.ch\/wp-content\/uploads\/2024\/01\/AdobeStock_613763581-1200x800.jpeg 1200w, https:\/\/yithcompare.321dev.ch\/wp-content\/uploads\/2024\/01\/AdobeStock_613763581-600x400.jpeg 600w, https:\/\/yithcompare.321dev.ch\/wp-content\/uploads\/2024\/01\/AdobeStock_613763581-768x512.jpeg 768w, https:\/\/yithcompare.321dev.ch\/wp-content\/uploads\/2024\/01\/AdobeStock_613763581-1536x1024.jpeg 1536w, https:\/\/yithcompare.321dev.ch\/wp-content\/uploads\/2024\/01\/AdobeStock_613763581-scaled.jpeg 2048w, https:\/\/yithcompare.321dev.ch\/wp-content\/uploads\/2024\/01\/AdobeStock_613763581-510x340.jpeg 510w\" sizes=\"auto, (max-width: 1200px) 100vw, 1200px\" \/><\/a><\/figure><\/div><div style=\"height:50px\" aria-hidden=\"true\" class=\"wp-block-spacer\"><\/div><h2 class=\"wp-block-heading\"><strong>Les principales vari\u00e9t\u00e9s de caf\u00e9 cultiv\u00e9es au Br\u00e9sil<\/strong><\/h2><p>Le Br\u00e9sil cultive principalement deux esp\u00e8ces de caf\u00e9 : l&rsquo;arabica et le robusta.&nbsp;<\/p><h3 class=\"wp-block-heading\"><strong>Arabica \u2013 La finesse et la diversit\u00e9<\/strong><\/h3><p>Le Br\u00e9sil est renomm\u00e9 pour sa production d&rsquo;arabica, l&rsquo;esp\u00e8ce la plus r\u00e9pandue, c\u00e9l\u00e8bre pour ses grains fins et sa palette de saveurs vari\u00e9es. Parmi les vari\u00e9t\u00e9s d&rsquo;arabicas cultiv\u00e9s, le Typica, le Bourbon, le Caturra et le Maragogype se distinguent. Chacune poss\u00e8de des caract\u00e9ristiques uniques en termes de go\u00fbt et d&rsquo;ar\u00f4me, offrant une exp\u00e9rience gustative riche et diversifi\u00e9e.<\/p><h3 class=\"wp-block-heading\"><strong>Robusta \u2013 Richesse et caract\u00e8re<\/strong><\/h3><p>En parall\u00e8le, le robusta trouve sa place dans l&rsquo;\u00c9tat d&rsquo;Espirito Santo, favoris\u00e9 par sa faible altitude. La vari\u00e9t\u00e9 Conillon est la plus courante au Br\u00e9sil. Utilis\u00e9 souvent dans les m\u00e9langes avec l&rsquo;arabica, le robusta apporte une richesse et un caract\u00e8re distincts, enrichissant la complexit\u00e9 de la tasse de caf\u00e9.<\/p><h2 class=\"wp-block-heading\"><strong>Les m\u00e9thodes de pr\u00e9paration du caf\u00e9 au Br\u00e9sil<\/strong><\/h2><p>Au Br\u00e9sil, la pr\u00e9paration des grains de caf\u00e9 apr\u00e8s la r\u00e9colte peut varier en fonction de la taille des exploitations et de la r\u00e9gion dans laquelle elles sont situ\u00e9es. Les trois principales m\u00e9thodes de pr\u00e9paration utilis\u00e9es sont la voie s\u00e8che, la voie humide et la voie semi-humide.<\/p><ul class=\"wp-block-list\"><li>La m\u00e9thode de pr\u00e9paration \u00ab voie s\u00e8che \u00bb est la plus courante. Elle implique le s\u00e9chage des cerises de caf\u00e9 enti\u00e8res au soleil, puis le retrait de la pulpe pour r\u00e9v\u00e9ler les grains. Cette m\u00e9thode conf\u00e8re aux caf\u00e9s br\u00e9siliens une douceur et une complexit\u00e9 uniques.<\/li><\/ul><ul class=\"wp-block-list\"><li>La m\u00e9thode \u00ab voie humide \u00bb implique le d\u00e9pulpage des cerises de caf\u00e9 pour s\u00e9parer la pulpe des grains. Les grains sont ensuite lav\u00e9s et ferment\u00e9s avant d&rsquo;\u00eatre s\u00e9ch\u00e9s. Cette m\u00e9thode est souvent utilis\u00e9e pour produire des caf\u00e9s aux ar\u00f4mes plus l\u00e9gers et plus acides.<br><\/li>\n\n<li>Enfin, la m\u00e9thode \u00ab voie semi-humide \u00bb combine les deux pr\u00e9c\u00e9dentes. Les cerises de caf\u00e9 sont partiellement d\u00e9pulp\u00e9es avant d&rsquo;\u00eatre s\u00e9ch\u00e9es. Cette m\u00e9thode donne aux caf\u00e9s br\u00e9siliens un \u00e9quilibre entre douceur et acidit\u00e9.<\/li><\/ul><div class=\"wp-block-image\"><figure class=\"aligncenter size-large\"><a href=\"https:\/\/yithcompare.321dev.ch\/wp-content\/uploads\/2024\/01\/AdobeStock_487709279-1-scaled.jpeg\"><img loading=\"lazy\" decoding=\"async\" width=\"1176\" height=\"800\" src=\"https:\/\/yithcompare.321dev.ch\/wp-content\/uploads\/2024\/01\/AdobeStock_487709279-1-1176x800.jpeg\" alt=\"m\u00e9thodes de pr\u00e9paration du caf\u00e9 au Br\u00e9sil\" class=\"wp-image-45534\" srcset=\"https:\/\/yithcompare.321dev.ch\/wp-content\/uploads\/2024\/01\/AdobeStock_487709279-1-1176x800.jpeg 1176w, https:\/\/yithcompare.321dev.ch\/wp-content\/uploads\/2024\/01\/AdobeStock_487709279-1-588x400.jpeg 588w, https:\/\/yithcompare.321dev.ch\/wp-content\/uploads\/2024\/01\/AdobeStock_487709279-1-768x523.jpeg 768w, https:\/\/yithcompare.321dev.ch\/wp-content\/uploads\/2024\/01\/AdobeStock_487709279-1-1536x1045.jpeg 1536w, https:\/\/yithcompare.321dev.ch\/wp-content\/uploads\/2024\/01\/AdobeStock_487709279-1-scaled.jpeg 2048w, https:\/\/yithcompare.321dev.ch\/wp-content\/uploads\/2024\/01\/AdobeStock_487709279-1-510x347.jpeg 510w\" sizes=\"auto, (max-width: 1176px) 100vw, 1176px\" \/><\/a><\/figure><\/div><div style=\"height:50px\" aria-hidden=\"true\" class=\"wp-block-spacer\"><\/div><h2 class=\"wp-block-heading\"><strong>Le caf\u00e9 dans la culture br\u00e9silienne<\/strong><\/h2><p>Le caf\u00e9, bien plus qu&rsquo;une simple boisson quotidienne, occupe une place pr\u00e9pond\u00e9rante dans la culture br\u00e9silienne, influen\u00e7ant profond\u00e9ment les aspects sociaux, \u00e9conomiques et culturels du pays. En t\u00e9moigne l&rsquo;appellation du petit-d\u00e9jeuner au Br\u00e9sil, \u00ab caf\u00e9 da manh\u00e3\u201d, soulignant l&rsquo;importance du caf\u00e9 dans la routine quotidienne et la vie sociale des Br\u00e9siliens.<\/p><p>Au XIXe et XXe si\u00e8cle, le succ\u00e8s des plantations de caf\u00e9 dans la r\u00e9gion sud-est du Br\u00e9sil a jou\u00e9 un r\u00f4le essentiel dans le d\u00e9veloppement \u00e9conomique et la transformation industrielle du pays. S\u00e3o Paulo, comme premier \u00c9tat producteur de caf\u00e9, a attir\u00e9 de nombreux immigrants italiens qui ont contribu\u00e9 \u00e0 l&rsquo;expansion de l&rsquo;industrie du caf\u00e9. Aujourd&rsquo;hui encore, l&rsquo;influence de l&rsquo;immigration italienne se fait sentir dans les plantations de caf\u00e9 situ\u00e9es dans des r\u00e9gions telles que Minas Gerais, Esp\u00edrito Santo, Bahia et Paran\u00e1.<\/p><h2 class=\"wp-block-heading\"><strong>D\u00e9fis et perspectives : l&rsquo;avenir du caf\u00e9 Br\u00e9silien<\/strong><\/h2><p>Le caf\u00e9 br\u00e9silien, bien qu&rsquo;\u00e9tant un g\u00e9ant dans le monde de l&rsquo;ar\u00f4me et de la saveur, fait face \u00e0 des d\u00e9fis contemporains qui fa\u00e7onnent son avenir. Les pr\u00e9occupations environnementales, telles que le changement climatique, menacent les m\u00e9thodes traditionnelles de culture du caf\u00e9, incitant les producteurs \u00e0 innover et \u00e0 s&rsquo;adapter. De plus, la qu\u00eate de la durabilit\u00e9 devient de plus en plus centrale, les consommateurs mondiaux \u00e9tant davantage conscients de l&rsquo;impact \u00e9cologique de leur consommation de caf\u00e9.<\/p><p>Dans ce contexte, le Br\u00e9sil s&rsquo;impose non seulement comme un leader en termes de production, mais \u00e9galement comme un pr\u00e9curseur dans la qu\u00eate de solutions durables et \u00e9thiques. Des mesures visant \u00e0 r\u00e9duire l&#8217;empreinte carbone des plantations de caf\u00e9, \u00e0 am\u00e9liorer les conditions de vie des travailleurs du caf\u00e9, et \u00e0 maintenir une qualit\u00e9 sup\u00e9rieure tout en prot\u00e9geant l&rsquo;environnement, dessinent l&rsquo;avenir du caf\u00e9 br\u00e9silien. Parall\u00e8lement, des initiatives telles que la certification <a href=\"https:\/\/www.rainforest-alliance.org\/fr\/\">Rainforest Alliance<\/a> et <a href=\"https:\/\/yithcompare.321dev.ch\/fr\/le-defi-du-cafe-equitable-en-amerique-latine\/\">Fairtrade <\/a>sont de plus en plus importantes pour r\u00e9pondre aux attentes des consommateurs et promouvoir des pratiques agricoles durables.<\/p><h2 class=\"wp-block-heading\"><strong>D\u00e9couvrez notre s\u00e9lection de caf\u00e9s du Br\u00e9sil chez Esperanza<\/strong><\/h2><p>Pour ceux qui cherchent \u00e0 savourer l&rsquo;excellence du caf\u00e9 br\u00e9silien, Esperanza propose une s\u00e9lection raffin\u00e9e qui capture toute la richesse et la diversit\u00e9 de cette tradition caf\u00e9i\u00e8re. D\u00e9couvrez la richesse du caf\u00e9 br\u00e9silien \u00e0 travers notre s\u00e9lection exclusive. Chaque grain est un t\u00e9moignage de l&rsquo;excellence et de la diversit\u00e9 des caf\u00e9s du Br\u00e9sil. Pour une exp\u00e9rience gustative in\u00e9gal\u00e9e, nous vous invitons \u00e0 explorer notre <a href=\"https:\/\/yithcompare.321dev.ch\/fr\/categorie-produit\/cafe\/brasil\/\">collection<\/a>.<\/p><p><a href=\"https:\/\/yithcompare.321dev.ch\/fr\/\">Achetez votre caf\u00e9<\/a> d\u00e8s maintenant et laissez-vous transporter par les saveurs uniques et envo\u00fbtantes du Br\u00e9sil.<\/p>","protected":false},"excerpt":{"rendered":"<p>Le Br\u00e9sil, leader du march\u00e9 mondial de la production du caf\u00e9, est un pilier incontestable dans l&rsquo;univers du caf\u00e9. Ce pays, riche de son expertise, propose une diversit\u00e9 remarquable, des arabicas d\u00e9licats aux robustas intenses. Chaque vari\u00e9t\u00e9 est une expression unique du terroir et de la tradition br\u00e9silienne, un savoir-faire cultiv\u00e9 de g\u00e9n\u00e9ration en g\u00e9n\u00e9ration. [&hellip;]<\/p>\n","protected":false},"author":6990,"featured_media":45524,"comment_status":"open","ping_status":"open","sticky":false,"template":"","format":"standard","meta":{"footnotes":""},"categories":[1],"tags":[],"class_list":["post-45517","post","type-post","status-publish","format-standard","has-post-thumbnail","hentry","category-news-esperanza"],"_links":{"self":[{"href":"https:\/\/yithcompare.321dev.ch\/fr\/wp-json\/wp\/v2\/posts\/45517","targetHints":{"allow":["GET"]}}],"collection":[{"href":"https:\/\/yithcompare.321dev.ch\/fr\/wp-json\/wp\/v2\/posts"}],"about":[{"href":"https:\/\/yithcompare.321dev.ch\/fr\/wp-json\/wp\/v2\/types\/post"}],"author":[{"embeddable":true,"href":"https:\/\/yithcompare.321dev.ch\/fr\/wp-json\/wp\/v2\/users\/6990"}],"replies":[{"embeddable":true,"href":"https:\/\/yithcompare.321dev.ch\/fr\/wp-json\/wp\/v2\/comments?post=45517"}],"version-history":[{"count":0,"href":"https:\/\/yithcompare.321dev.ch\/fr\/wp-json\/wp\/v2\/posts\/45517\/revisions"}],"wp:featuredmedia":[{"embeddable":true,"href":"https:\/\/yithcompare.321dev.ch\/fr\/wp-json\/wp\/v2\/media\/45524"}],"wp:attachment":[{"href":"https:\/\/yithcompare.321dev.ch\/fr\/wp-json\/wp\/v2\/media?parent=45517"}],"wp:term":[{"taxonomy":"category","embeddable":true,"href":"https:\/\/yithcompare.321dev.ch\/fr\/wp-json\/wp\/v2\/categories?post=45517"},{"taxonomy":"post_tag","embeddable":true,"href":"https:\/\/yithcompare.321dev.ch\/fr\/wp-json\/wp\/v2\/tags?post=45517"}],"curies":[{"name":"wp","href":"https:\/\/api.w.org\/{rel}","templated":true}]}}