{"id":44732,"date":"2023-11-08T10:04:00","date_gmt":"2023-11-08T08:04:00","guid":{"rendered":"https:\/\/esperanza.ch\/?p=44732"},"modified":"2024-10-28T12:49:01","modified_gmt":"2024-10-28T10:49:01","slug":"tresors-cafeiers-amerique-latine","status":"publish","type":"post","link":"https:\/\/yithcompare.321dev.ch\/fr\/tresors-cafeiers-amerique-latine\/","title":{"rendered":"Tr\u00e9sors caf\u00e9iers d&rsquo;Am\u00e9rique latine : voyage culturel et gustatif"},"content":{"rendered":"<p>L&rsquo;Am\u00e9rique latine, carrefour de l&rsquo;industrie caf\u00e9i\u00e8re mondiale, est depuis longtemps synonyme de caf\u00e9 de qualit\u00e9 exceptionnelle. \u00c9tonnamment, bien que non originaire de ce continent, le caf\u00e9 y a trouv\u00e9 un terroir d&rsquo;exception. Des conditions climatiques id\u00e9ales et une terre fertile ont permis \u00e0 cette r\u00e9gion de devenir un bastion de la caf\u00e9iculture, produisant des vari\u00e9t\u00e9s de caf\u00e9 les plus exquises de la plan\u00e8te. Des arabicas parfum\u00e9s des hauts plateaux du Br\u00e9sil aux d\u00e9licates saveurs des vall\u00e9es fertiles du <a href=\"https:\/\/yithcompare.321dev.ch\/fr\/les-cafes-du-perou-une-tradition-bio-et-ethique-a-savourer\/\">P\u00e9rou<\/a> et de la Colombie, l&rsquo;Am\u00e9rique latine est la source majeure de caf\u00e9 de qualit\u00e9 au monde. Bien que repr\u00e9sentant plus de la moiti\u00e9 de la production mondiale, cette r\u00e9gion allie quantit\u00e9 et excellence.<br><\/p><p>Pour vous, les aficionados de caf\u00e9 en qu\u00eate des saveurs authentiques et profondes, nous vous invitons \u00e0 d\u00e9couvrir les tr\u00e9sors cach\u00e9s du caf\u00e9 latino-am\u00e9ricain.&nbsp;<\/p><h2 class=\"wp-block-heading\"><strong>L&rsquo;h\u00e9ritage du caf\u00e9 en Am\u00e9rique latine<\/strong><\/h2><h3 class=\"wp-block-heading\"><strong>Origines et d\u00e9veloppement historique<\/strong><\/h3><p>L&rsquo;aventure du caf\u00e9 en Am\u00e9rique latine commence au XVIIIe si\u00e8cle, marquant un tournant d\u00e9cisif dans l&rsquo;histoire \u00e9conomique et culturelle de la r\u00e9gion. Introduit initialement dans les Cara\u00efbes, le caf\u00e9 trouve rapidement un terrain fertile en Am\u00e9rique latine, particuli\u00e8rement au Br\u00e9sil et en Colombie. Ces pays, avec leurs climats id\u00e9aux et leurs terres fertiles, deviennent des acteurs majeurs de la production mondiale de caf\u00e9.<\/p><p>Au Br\u00e9sil, l&rsquo;arriv\u00e9e du caf\u00e9 co\u00efncide avec des changements socio-\u00e9conomiques significatifs, notamment l&rsquo;essor de l&rsquo;esclavage pour la gestion des plantations. En Colombie, le caf\u00e9 devient un symbole de r\u00e9silience et d&rsquo;innovation, avec de petits producteurs d\u00e9veloppant des techniques de culture uniques adapt\u00e9es aux montagnes andines. Avec le temps, la caf\u00e9iculture s&rsquo;est \u00e9tendue \u00e0 d&rsquo;autres pays en Am\u00e9rique latine, s&rsquo;enrichissant de pratiques et de traditions uniques.<\/p><figure class=\"wp-block-image size-large\"><a href=\"https:\/\/yithcompare.321dev.ch\/wp-content\/uploads\/2023\/12\/AdobeStock_285354391-scaled.jpeg\"><img loading=\"lazy\" decoding=\"async\" width=\"1202\" height=\"800\" src=\"https:\/\/yithcompare.321dev.ch\/wp-content\/uploads\/2023\/12\/AdobeStock_285354391-1202x800.jpeg\" alt=\"L'h\u00e9ritage du caf\u00e9 en Am\u00e9rique latine\" class=\"wp-image-44590\" srcset=\"https:\/\/yithcompare.321dev.ch\/wp-content\/uploads\/2023\/12\/AdobeStock_285354391-1202x800.jpeg 1202w, https:\/\/yithcompare.321dev.ch\/wp-content\/uploads\/2023\/12\/AdobeStock_285354391-601x400.jpeg 601w, https:\/\/yithcompare.321dev.ch\/wp-content\/uploads\/2023\/12\/AdobeStock_285354391-768x511.jpeg 768w, https:\/\/yithcompare.321dev.ch\/wp-content\/uploads\/2023\/12\/AdobeStock_285354391-1536x1022.jpeg 1536w, https:\/\/yithcompare.321dev.ch\/wp-content\/uploads\/2023\/12\/AdobeStock_285354391-scaled.jpeg 2048w, https:\/\/yithcompare.321dev.ch\/wp-content\/uploads\/2023\/12\/AdobeStock_285354391-510x339.jpeg 510w\" sizes=\"auto, (max-width: 1202px) 100vw, 1202px\" \/><\/a><\/figure><h3 class=\"wp-block-heading\"><strong>Impact culturel et social<\/strong><\/h3><p>Le caf\u00e9 transcende son go\u00fbt et ses ar\u00f4mes pour devenir un puissant symbole de continuit\u00e9 entre le pass\u00e9 et le pr\u00e9sent, incarnant l&rsquo;esprit de communaut\u00e9 et la cr\u00e9ativit\u00e9 qui fa\u00e7onnent l&rsquo;identit\u00e9 de cette r\u00e9gion vivante. Voici quelques aspects cl\u00e9s de cet impact :<\/p><ul class=\"wp-block-list\"><li><strong>Festivals et \u00e9v\u00e9nements :<\/strong> de nombreux pays latino-am\u00e9ricains c\u00e9l\u00e8brent leur h\u00e9ritage caf\u00e9ier \u00e0 travers des festivals et des \u00e9v\u00e9nements, tel que la \u00ab Feria Nacional del Caf\u00e9 \u00bb en Colombie, qui honorent la culture du caf\u00e9 et ses artisans.<br><\/li>\n\n<li><strong>Traditions et c\u00e9l\u00e9brations :<\/strong> dans de nombreux pays latino-am\u00e9ricains, le caf\u00e9 est plus qu&rsquo;une boisson ; il est un \u00e9l\u00e9ment central des rencontres sociales et des c\u00e9l\u00e9brations. Des rituels comme&nbsp; \u201cla pausa para el caf\u00e9 \u201c (pause-caf\u00e9) en Colombie refl\u00e8tent l&rsquo;importance du caf\u00e9 dans la vie quotidienne.<br><\/li>\n\n<li><strong>Impact artistique :<\/strong> le caf\u00e9 a inspir\u00e9 une riche tradition litt\u00e9raire et artistique en Am\u00e9rique latine. Des peintres, des \u00e9crivains et des musiciens ont puis\u00e9 dans les plantations de caf\u00e9, les caf\u00e9s urbains et la vie des travailleurs du caf\u00e9 pour cr\u00e9er des \u0153uvres embl\u00e9matiques qui refl\u00e8tent l&rsquo;\u00e2me de la r\u00e9gion.<\/li><\/ul><p>Avec son h\u00e9ritage culturel et son poids \u00e9conomique, le caf\u00e9 d&rsquo;Am\u00e9rique latine est essentiel sur le march\u00e9 global. Nous encourageons les amateurs de caf\u00e9 \u00e0 d\u00e9couvrir et \u00e0 savourer la diversit\u00e9 et l&rsquo;excellence des caf\u00e9s provenant de cette r\u00e9gion captivante.<\/p><figure class=\"wp-block-image size-large\"><a href=\"https:\/\/yithcompare.321dev.ch\/wp-content\/uploads\/2023\/12\/AdobeStock_629109940-scaled.jpeg\"><img loading=\"lazy\" decoding=\"async\" width=\"1200\" height=\"800\" src=\"https:\/\/yithcompare.321dev.ch\/wp-content\/uploads\/2023\/12\/AdobeStock_629109940-1200x800.jpeg\" alt=\"impact culturel du caf\u00e9 en am\u00e9rique latine\" class=\"wp-image-44468\" srcset=\"https:\/\/yithcompare.321dev.ch\/wp-content\/uploads\/2023\/12\/AdobeStock_629109940-1200x800.jpeg 1200w, https:\/\/yithcompare.321dev.ch\/wp-content\/uploads\/2023\/12\/AdobeStock_629109940-600x400.jpeg 600w, https:\/\/yithcompare.321dev.ch\/wp-content\/uploads\/2023\/12\/AdobeStock_629109940-768x512.jpeg 768w, https:\/\/yithcompare.321dev.ch\/wp-content\/uploads\/2023\/12\/AdobeStock_629109940-1536x1024.jpeg 1536w, https:\/\/yithcompare.321dev.ch\/wp-content\/uploads\/2023\/12\/AdobeStock_629109940-scaled.jpeg 2048w, https:\/\/yithcompare.321dev.ch\/wp-content\/uploads\/2023\/12\/AdobeStock_629109940-510x340.jpeg 510w\" sizes=\"auto, (max-width: 1200px) 100vw, 1200px\" \/><\/a><\/figure><h2 class=\"wp-block-heading\"><strong>Les pays producteurs du caf\u00e9 en Am\u00e9rique latine<\/strong><\/h2><h3 class=\"wp-block-heading\"><strong>Br\u00e9sil : le colosse du caf\u00e9<\/strong><\/h3><p>Le Br\u00e9sil se dresse majestueusement comme le leader mondial incontest\u00e9 de la production de caf\u00e9. La force de la production br\u00e9silienne r\u00e9side dans son approche \u00e0 grande \u00e9chelle et dans son efficacit\u00e9 remarquable. Le Br\u00e9sil, avec ses \u00e9tendues de plantations et ses techniques de production avanc\u00e9es, se positionne comme un pilier central de l&rsquo;industrie du caf\u00e9, en proposant une production abondante et de grande qualit\u00e9.<\/p><ul class=\"wp-block-list\"><li><strong>Volume de production :<\/strong> le Br\u00e9sil repr\u00e9sente environ un tiers de la production mondiale de caf\u00e9, ce qui en fait de loin le plus grand producteur de caf\u00e9 au monde. Cette quantit\u00e9 massive est le fruit d&rsquo;un mariage parfait entre un vaste territoire, des conditions climatiques id\u00e9ales, et une expertise agricole de pointe. Les plantations br\u00e9siliennes s&rsquo;\u00e9tendent sur des millions d&rsquo;hectares, principalement dans les r\u00e9gions du Minas Gerais, de S\u00e3o Paulo et de l&rsquo;Esp\u00edrito Santo.<br><\/li>\n\n<li><strong>Vari\u00e9t\u00e9s cultiv\u00e9es :<\/strong> la diversit\u00e9 est la cl\u00e9 de la supr\u00e9matie br\u00e9silienne. C\u00e9l\u00e8bre pour ses arabicas doux, souvent caract\u00e9ris\u00e9s par des notes de noisette et de chocolat, ainsi que pour ses robustas forts, appr\u00e9ci\u00e9s pour leur corps et leur intensit\u00e9. La combinaison de volume, de qualit\u00e9 et de diversit\u00e9 fait du <a href=\"https:\/\/yithcompare.321dev.ch\/fr\/cafe-bresilien-le-geant-de-lindustrie-cafeiere\/\">caf\u00e9 br\u00e9silien<\/a> un acteur incontournable sur le march\u00e9 du caf\u00e9 en Am\u00e9rique latine et au-del\u00e0.<\/li><\/ul><p>Cette production colossale ne se limite pas seulement \u00e0 satisfaire la demande mondiale, mais elle fa\u00e7onne \u00e9galement l&rsquo;\u00e9conomie et la culture du Br\u00e9sil, faisant du caf\u00e9 bien plus qu&rsquo;une culture de rente \u2013 c&rsquo;est un \u00e9l\u00e9ment central de l&rsquo;identit\u00e9 nationale br\u00e9silienne.<\/p><h3 class=\"wp-block-heading\"><strong>Colombie : l&rsquo;excellence du caf\u00e9<\/strong><\/h3><p>Nich\u00e9e au c\u0153ur des majestueuses montagnes andines, la Colombie est une terre b\u00e9nie pour les amateurs de caf\u00e9. Son climat, autant doux qu&rsquo;humide, cr\u00e9e un environnement parfait pour la culture d&rsquo;un caf\u00e9 d&rsquo;exception et de haute qualit\u00e9. Ces conditions g\u00e9ographiques particuli\u00e8res conf\u00e8rent aux <a href=\"https:\/\/yithcompare.321dev.ch\/fr\/cafe-colombien-saveurs-savoirs\/\">caf\u00e9s colombiens<\/a> des profils gustatifs riches, marqu\u00e9s par une acidit\u00e9 prononc\u00e9e et des notes fruit\u00e9es.<\/p><figure class=\"wp-block-image size-large\"><a href=\"https:\/\/yithcompare.321dev.ch\/wp-content\/uploads\/2023\/12\/AdobeStock_209488466-scaled.jpeg\"><img loading=\"lazy\" decoding=\"async\" width=\"1199\" height=\"800\" src=\"https:\/\/yithcompare.321dev.ch\/wp-content\/uploads\/2023\/12\/AdobeStock_209488466-1199x800.jpeg\" alt=\"Beautiful coffee plantation in Jerico, Colombia in the state of Antioquia.\" class=\"wp-image-44629\" srcset=\"https:\/\/yithcompare.321dev.ch\/wp-content\/uploads\/2023\/12\/AdobeStock_209488466-1199x800.jpeg 1199w, https:\/\/yithcompare.321dev.ch\/wp-content\/uploads\/2023\/12\/AdobeStock_209488466-599x400.jpeg 599w, https:\/\/yithcompare.321dev.ch\/wp-content\/uploads\/2023\/12\/AdobeStock_209488466-768x513.jpeg 768w, https:\/\/yithcompare.321dev.ch\/wp-content\/uploads\/2023\/12\/AdobeStock_209488466-1536x1025.jpeg 1536w, https:\/\/yithcompare.321dev.ch\/wp-content\/uploads\/2023\/12\/AdobeStock_209488466-scaled.jpeg 2048w, https:\/\/yithcompare.321dev.ch\/wp-content\/uploads\/2023\/12\/AdobeStock_209488466-510x340.jpeg 510w\" sizes=\"auto, (max-width: 1199px) 100vw, 1199px\" \/><\/a><\/figure><h4 class=\"wp-block-heading\">L&rsquo;Arabica de haute altitude : un tr\u00e9sor colombien<\/h4><ul class=\"wp-block-list\"><li><strong>Cultiv\u00e9 dans les nuages : <\/strong>l&rsquo;Arabica colombien prosp\u00e8re \u00e0 des altitudes o\u00f9 l&rsquo;air pur et la proximit\u00e9 du ciel conf\u00e8rent \u00e0 chaque grain un caract\u00e8re unique, souvent dans des r\u00e9gions surpassant les 1 200 m\u00e8tres d&rsquo;altitude.<br><\/li>\n\n<li><strong>Palette aromatique riche :<\/strong> ici, chaque grain de cet Arabica est une promesse de saveurs complexes. Les amateurs y d\u00e9c\u00e8lent des notes subtiles, allant des touches fruit\u00e9es et florales \u00e0 des nuances de caramel et de noix, le tout \u00e9quilibr\u00e9 par une acidit\u00e9 raffin\u00e9e et une douceur naturelle.<\/li><\/ul><p>La Colombie, avec son Arabica de haute altitude et ses pratiques de commerce \u00e9quitable, se positionne simultan\u00e9ment comme un leader dans la production de caf\u00e9 de qualit\u00e9, et comme un mod\u00e8le de durabilit\u00e9 et de respect de l&rsquo;environnement.&nbsp;<\/p><p><strong><em>D\u00e9couvrez la diversit\u00e9 et la richesse des saveurs colombiennes \u00e0 travers <a href=\"https:\/\/yithcompare.321dev.ch\/fr\/categorie-produit\/cafe\/colombie\/\">notre s\u00e9lection de caf\u00e9s colombiens<\/a>.<\/em><\/strong><\/p><h3 class=\"wp-block-heading\"><strong>Autres joyaux de la caf\u00e9iculture Latino-Am\u00e9ricaine<\/strong><\/h3><h4 class=\"wp-block-heading\"><strong>P\u00e9rou : l\u2019\u00e9den du caf\u00e9 biologique et \u00e9quitable<\/strong><\/h4><p>Le P\u00e9rou enrichit la caf\u00e9iculture latino-am\u00e9ricaine de sa topographie unique, compos\u00e9e de montagnes escarp\u00e9es et de vall\u00e9es secr\u00e8tes. C\u00e9l\u00e8bre pour sa production de <a href=\"https:\/\/yithcompare.321dev.ch\/fr\/categorie-produit\/cafe\/peru\/\">caf\u00e9 biologique<\/a> et son d\u00e9vouement au commerce \u00e9quitable, le pays est distingu\u00e9 pour ses caf\u00e9s aux saveurs naturellement douces, agr\u00e9ment\u00e9es de nuances fruit\u00e9es et de notes de noix. Ces qualit\u00e9s d\u00e9coulent d&rsquo;une agriculture \u00e9coresponsable et de m\u00e9thodes cultiv\u00e9es \u00e0 travers les \u00e2ges, rendant le caf\u00e9 p\u00e9ruvien particuli\u00e8rement attractif pour ceux qui recherchent des saveurs authentiques et respectueuses de l&rsquo;environnement.<\/p><h4 class=\"wp-block-heading\"><strong>Guatemala : le berceau de l&rsquo;Arabica de caract\u00e8re<\/strong><\/h4><p>Le Guatemala propose une mosa\u00efque de saveur aussi diversifi\u00e9e que son <a href=\"https:\/\/yithcompare.321dev.ch\/fr\/histoire-du-cafe-sa-diffusion-a-travers-le-monde\/\">histoire <\/a>gr\u00e2ce \u00e0 ses multiples microclimats. <a href=\"https:\/\/yithcompare.321dev.ch\/fr\/categorie-produit\/cafe\/guatemala\/\">Les caf\u00e9s de cette r\u00e9gion<\/a>, qui poussent en altitude, sont r\u00e9put\u00e9s pour leur riche complexit\u00e9 aromatique et leur acidit\u00e9 parfaitement \u00e9quilibr\u00e9e. Des r\u00e9gions telles qu&rsquo;Antigua, Huehuetenango et Atitl\u00e1n sont renomm\u00e9es pour produire des caf\u00e9s au go\u00fbt distinctif, qui refl\u00e8tent la richesse et la vari\u00e9t\u00e9 des sols guat\u00e9malt\u00e8ques.<\/p><h4 class=\"wp-block-heading\"><strong>Le Nicaragua : un tr\u00e9sor m\u00e9connu de l&rsquo;industrie caf\u00e9i\u00e8re<\/strong><\/h4><p>Moins c\u00e9l\u00e8bre que ses voisins, le Nicaragua se r\u00e9v\u00e8le \u00eatre un joyau discret dans l&rsquo;univers du caf\u00e9. Ses grains, cultiv\u00e9s dans les terres fertiles de Matagalpa et Jinotega, sont lou\u00e9s pour leur douceur et leur \u00e9quilibre parfait en bouche. Ce pays, mariant habilement tradition et innovation, produit des caf\u00e9s qui c\u00e9l\u00e8brent la richesse naturelle et la diversit\u00e9 culturelle de sa terre. Chaque nation d&rsquo;Am\u00e9rique latine apporte sa touche unique et ses m\u00e9thodes de culture sp\u00e9cifiques, contribuant ainsi \u00e0 l&rsquo;\u00e9ventail des saveurs que le caf\u00e9 mondial a \u00e0 offrir. Explorez notre s\u00e9lection exclusive de caf\u00e9s d&rsquo;Am\u00e9rique latine et laissez-vous emporter par les saveurs authentiques qui d\u00e9finissent cette r\u00e9gion ensoleill\u00e9e.<\/p><h2 class=\"wp-block-heading\"><strong>Vari\u00e9t\u00e9s de caf\u00e9 en Am\u00e9rique latine et leurs particularit\u00e9s<\/strong><\/h2><h3 class=\"wp-block-heading\"><strong>Arabica d&rsquo;Am\u00e9rique latine : un symbole de douceur et d&rsquo;ar\u00f4me&nbsp;<\/strong><\/h3><p>L&rsquo;Arabica, tr\u00e8s appr\u00e9ci\u00e9 en Am\u00e9rique latine, est reconnu pour sa douceur et ses ar\u00f4mes subtils. Cultiv\u00e9 dans les altitudes \u00e9lev\u00e9es de cette r\u00e9gion, il procure une palette de saveurs \u00e9l\u00e9gantes, des notes florales aux touches chocolat\u00e9es, repr\u00e9sentatives de la finesse des caf\u00e9s latino-am\u00e9ricains.<\/p><figure class=\"wp-block-image size-large\"><a href=\"https:\/\/yithcompare.321dev.ch\/wp-content\/uploads\/2023\/12\/AdobeStock_639547487-scaled.jpeg\"><img loading=\"lazy\" decoding=\"async\" width=\"1200\" height=\"800\" src=\"https:\/\/yithcompare.321dev.ch\/wp-content\/uploads\/2023\/12\/AdobeStock_639547487-1200x800.jpeg\" alt=\"Arabica d'Am\u00e9rique latine\" class=\"wp-image-44473\" srcset=\"https:\/\/yithcompare.321dev.ch\/wp-content\/uploads\/2023\/12\/AdobeStock_639547487-1200x800.jpeg 1200w, https:\/\/yithcompare.321dev.ch\/wp-content\/uploads\/2023\/12\/AdobeStock_639547487-600x400.jpeg 600w, https:\/\/yithcompare.321dev.ch\/wp-content\/uploads\/2023\/12\/AdobeStock_639547487-768x512.jpeg 768w, https:\/\/yithcompare.321dev.ch\/wp-content\/uploads\/2023\/12\/AdobeStock_639547487-1536x1024.jpeg 1536w, https:\/\/yithcompare.321dev.ch\/wp-content\/uploads\/2023\/12\/AdobeStock_639547487-scaled.jpeg 2048w, https:\/\/yithcompare.321dev.ch\/wp-content\/uploads\/2023\/12\/AdobeStock_639547487-510x340.jpeg 510w\" sizes=\"auto, (max-width: 1200px) 100vw, 1200px\" \/><\/a><\/figure><h3 class=\"wp-block-heading\"><strong>Robusta d&rsquo;Am\u00e9rique latine : force et caract\u00e8re<\/strong><\/h3><p>Le Robusta, cultiv\u00e9 dans les zones de basse altitude d&rsquo;Am\u00e9rique latine, est c\u00e9l\u00e8bre pour sa robustesse et sa richesse en caf\u00e9ine. Avec ses saveurs prononc\u00e9es et terreuses, il offre une exp\u00e9rience gustative intense, caract\u00e9ristique de la puissance des caf\u00e9s robusta de la r\u00e9gion.<\/p><h3 class=\"wp-block-heading\"><strong>Vari\u00e9t\u00e9s singuli\u00e8res d&rsquo;Am\u00e9rique latine : Caturra, Catimor, Maragogype<\/strong><\/h3><p>En Am\u00e9rique latine, des vari\u00e9t\u00e9s uniques comme le Caturra, le Catimor et le Maragogype enrichissent le paysage caf\u00e9ier. Chaque vari\u00e9t\u00e9, avec ses caract\u00e9ristiques propres, propose une exp\u00e9rience gustative distincte.<\/p><ul class=\"wp-block-list\"><li><strong>Caturra <\/strong>: issue d&rsquo;une mutation de l&rsquo;Arabica, cette vari\u00e9t\u00e9 est appr\u00e9ci\u00e9e pour son acidit\u00e9 prononc\u00e9e et ses notes fruit\u00e9es, souvent accompagn\u00e9es d&rsquo;une douceur sucr\u00e9e.<br><\/li>\n\n<li><strong>Catimor <\/strong>: hybride du Caturra et du Timor. Cette vari\u00e9t\u00e9 est pris\u00e9e pour sa robustesse face aux maladies, mais \u00e9galement pour son profil gustatif int\u00e9ressant, qui tend \u00e0 garantir un bon corps avec des notes l\u00e9g\u00e8rement \u00e9pic\u00e9es et une acidit\u00e9 mod\u00e9r\u00e9e.<br><\/li>\n\n<li><strong>Maragogype <\/strong>: surnomm\u00e9 \u00ab <strong>l&rsquo;\u00e9l\u00e9phant des caf\u00e9s \u00bb<\/strong> en raison de la taille exceptionnelle de ses grains est une mutation du Typica. Ce caf\u00e9 est c\u00e9l\u00e8bre pour son profil gustatif unique, proposant une tasse douce avec une faible acidit\u00e9, des ar\u00f4mes floraux et parfois des nuances de noisettes.<\/li><\/ul><p><a href=\"https:\/\/yithcompare.321dev.ch\/fr\/categorie-produit\/cafe\/\">Ces vari\u00e9t\u00e9s rares<\/a> offrent aux amateurs de caf\u00e9 du monde entier des saveurs uniques \u00e0 explorer et \u00e0 savourer.<\/p><h2 class=\"wp-block-heading\"><strong>Le caf\u00e9 et l&rsquo;\u00e9conomie en Am\u00e9rique latine<\/strong><\/h2><h3 class=\"wp-block-heading\"><strong>Source de revenus<\/strong><\/h3><p>En Am\u00e9rique latine, le caf\u00e9 est bien plus qu&rsquo;une boisson ; c&rsquo;est un moteur \u00e9conomique vital. Pour des pays comme le Br\u00e9sil, la Colombie, le P\u00e9rou et d&rsquo;autres nations caf\u00e9i\u00e8res, le caf\u00e9 repr\u00e9sente une part significative de leurs revenus nationaux. Par exemple, en Colombie, le caf\u00e9 constitue environ 6 % du PIB national, tandis que pour le Br\u00e9sil, les exportations de caf\u00e9 peuvent repr\u00e9senter jusqu&rsquo;\u00e0 4\u2009% de ses revenus d&rsquo;exportation totaux. Ces chiffres soulignent l&rsquo;importance cruciale du caf\u00e9 pour l&rsquo;\u00e9conomie des pays producteurs.<\/p><h3 class=\"wp-block-heading\"><strong>Emploi et d\u00e9veloppement&nbsp;<\/strong><\/h3><p>Le secteur du caf\u00e9 en Am\u00e9rique latine est un cr\u00e9ateur d&#8217;emploi majeur, soutenant directement ou indirectement la vie de millions de personnes. Des \u00e9tudes montrent que l&rsquo;industrie caf\u00e9i\u00e8re cr\u00e9e environ 5 millions d&#8217;emplois directs dans la r\u00e9gion, sans compter les emplois indirects dans les secteurs de la logistique, du marketing, et de la vente au d\u00e9tail.&nbsp;<\/p><p>Ce secteur joue donc un r\u00f4le cl\u00e9 dans le d\u00e9veloppement socio-\u00e9conomique des pays producteurs.<\/p><figure class=\"wp-block-image size-large\"><a href=\"https:\/\/yithcompare.321dev.ch\/wp-content\/uploads\/2023\/12\/AdobeStock_642649143-scaled.jpeg\"><img loading=\"lazy\" decoding=\"async\" width=\"1400\" height=\"785\" src=\"https:\/\/yithcompare.321dev.ch\/wp-content\/uploads\/2023\/12\/AdobeStock_642649143-1400x785.jpeg\" alt=\"secteur du caf\u00e9 en Am\u00e9rique latine\" class=\"wp-image-44470\" srcset=\"https:\/\/yithcompare.321dev.ch\/wp-content\/uploads\/2023\/12\/AdobeStock_642649143-1400x785.jpeg 1400w, https:\/\/yithcompare.321dev.ch\/wp-content\/uploads\/2023\/12\/AdobeStock_642649143-714x400.jpeg 714w, https:\/\/yithcompare.321dev.ch\/wp-content\/uploads\/2023\/12\/AdobeStock_642649143-768x430.jpeg 768w, https:\/\/yithcompare.321dev.ch\/wp-content\/uploads\/2023\/12\/AdobeStock_642649143-1536x861.jpeg 1536w, https:\/\/yithcompare.321dev.ch\/wp-content\/uploads\/2023\/12\/AdobeStock_642649143-scaled.jpeg 2048w, https:\/\/yithcompare.321dev.ch\/wp-content\/uploads\/2023\/12\/AdobeStock_642649143-510x286.jpeg 510w\" sizes=\"auto, (max-width: 1400px) 100vw, 1400px\" \/><\/a><\/figure><h2 class=\"wp-block-heading\"><strong>R\u00f4le du caf\u00e9 d&rsquo;Am\u00e9rique latine dans le commerce mondial<\/strong><\/h2><h3 class=\"wp-block-heading\"><strong>Une contribution majeure \u00e0 l&rsquo;\u00e9conomie mondiale<\/strong><\/h3><p>Sur la sc\u00e8ne du commerce mondial, l&rsquo;Am\u00e9rique latine joue un r\u00f4le pr\u00e9pond\u00e9rant. Cette r\u00e9gion est responsable de plus de 50\u2009% de la production mondiale de caf\u00e9, avec des pays comme le Br\u00e9sil et la Colombie en t\u00eate de liste des plus grands exportateurs mondiaux. Cette dominance dans la production et l&rsquo;exportation de caf\u00e9 place l&rsquo;Am\u00e9rique latine au centre des dynamiques \u00e9conomiques mondiales li\u00e9es \u00e0 cette industrie.<\/p><h3 class=\"wp-block-heading\"><strong>Influence sur les prix du march\u00e9<\/strong><\/h3><p>L&rsquo;Am\u00e9rique latine, comme leader dans la production de caf\u00e9, a un impact consid\u00e9rable sur les tendances des prix du march\u00e9 mondial. Les fluctuations de la production dans cette r\u00e9gion peuvent significativement influencer les prix du caf\u00e9 sur les march\u00e9s internationaux. Par exemple, une baisse de production au Br\u00e9sil due \u00e0 des conditions climatiques d\u00e9favorables peut entra\u00eener une hausse des prix du caf\u00e9 au niveau mondial.<\/p><h2 class=\"wp-block-heading\"><strong>L&rsquo;avenir du caf\u00e9 en Am\u00e9rique latine : vers un futur durable<\/strong><\/h2><p>Cette r\u00e9gion, riche en terres fertiles et en traditions caf\u00e9i\u00e8res, est \u00e0 l&rsquo;aube d&rsquo;une nouvelle \u00e8re, o\u00f9 le caf\u00e9 bio et les pratiques durables et \u00e9coresponsables deviennent des normes. La certification commerce \u00e9quitable, ou \u00ab\u00a0<a href=\"https:\/\/yithcompare.321dev.ch\/de\/cafe-equitable\/\"><strong>Fairtrade<\/strong><\/a>\u00ab\u00a0, est au c\u0153ur de cet engagement.<\/p><p><strong><em>Rejoignez-nous dans cette marche et savourez la richesse d&rsquo;une tasse responsable.&nbsp;<\/em><\/strong><\/p>","protected":false},"excerpt":{"rendered":"<p>L&rsquo;Am\u00e9rique latine, carrefour de l&rsquo;industrie caf\u00e9i\u00e8re mondiale, est depuis longtemps synonyme de caf\u00e9 de qualit\u00e9 exceptionnelle. \u00c9tonnamment, bien que non originaire de ce continent, le caf\u00e9 y a trouv\u00e9 un terroir d&rsquo;exception. Des conditions climatiques id\u00e9ales et une terre fertile ont permis \u00e0 cette r\u00e9gion de devenir un bastion de la caf\u00e9iculture, produisant des vari\u00e9t\u00e9s [&hellip;]<\/p>\n","protected":false},"author":6990,"featured_media":44637,"comment_status":"open","ping_status":"open","sticky":false,"template":"","format":"standard","meta":{"footnotes":""},"categories":[1],"tags":[],"class_list":["post-44732","post","type-post","status-publish","format-standard","has-post-thumbnail","hentry","category-news-esperanza"],"_links":{"self":[{"href":"https:\/\/yithcompare.321dev.ch\/fr\/wp-json\/wp\/v2\/posts\/44732","targetHints":{"allow":["GET"]}}],"collection":[{"href":"https:\/\/yithcompare.321dev.ch\/fr\/wp-json\/wp\/v2\/posts"}],"about":[{"href":"https:\/\/yithcompare.321dev.ch\/fr\/wp-json\/wp\/v2\/types\/post"}],"author":[{"embeddable":true,"href":"https:\/\/yithcompare.321dev.ch\/fr\/wp-json\/wp\/v2\/users\/6990"}],"replies":[{"embeddable":true,"href":"https:\/\/yithcompare.321dev.ch\/fr\/wp-json\/wp\/v2\/comments?post=44732"}],"version-history":[{"count":0,"href":"https:\/\/yithcompare.321dev.ch\/fr\/wp-json\/wp\/v2\/posts\/44732\/revisions"}],"wp:featuredmedia":[{"embeddable":true,"href":"https:\/\/yithcompare.321dev.ch\/fr\/wp-json\/wp\/v2\/media\/44637"}],"wp:attachment":[{"href":"https:\/\/yithcompare.321dev.ch\/fr\/wp-json\/wp\/v2\/media?parent=44732"}],"wp:term":[{"taxonomy":"category","embeddable":true,"href":"https:\/\/yithcompare.321dev.ch\/fr\/wp-json\/wp\/v2\/categories?post=44732"},{"taxonomy":"post_tag","embeddable":true,"href":"https:\/\/yithcompare.321dev.ch\/fr\/wp-json\/wp\/v2\/tags?post=44732"}],"curies":[{"name":"wp","href":"https:\/\/api.w.org\/{rel}","templated":true}]}}