{"id":44661,"date":"2023-11-29T11:41:43","date_gmt":"2023-11-29T09:41:43","guid":{"rendered":"https:\/\/esperanza.ch\/?p=44661"},"modified":"2024-03-14T11:25:44","modified_gmt":"2024-03-14T09:25:44","slug":"le-defi-du-cafe-equitable-en-amerique-latine","status":"publish","type":"post","link":"https:\/\/yithcompare.321dev.ch\/fr\/le-defi-du-cafe-equitable-en-amerique-latine\/","title":{"rendered":"Le d\u00e9fi du caf\u00e9 \u00e9quitable en Am\u00e9rique latine"},"content":{"rendered":"<p>L&rsquo;Am\u00e9rique latine, un pivot essentiel de l&rsquo;industrie caf\u00e9i\u00e8re mondiale, fait face \u00e0 des d\u00e9fis environnementaux et socio-\u00e9conomiques grandissants dus \u00e0 l&rsquo;expansion de la production de caf\u00e9. Face \u00e0 cette crise, une tendance \u00e9thique et durable se dessine, cherchant \u00e0 mettre en valeur les pratiques et les valeurs des communaut\u00e9s locales. Ce mouvement, incarn\u00e9 par le commerce \u00e9quitable, gagne en popularit\u00e9 en Europe et aux \u00c9tats-Unis. Il vise \u00e0 instaurer des prix justes et des relations commerciales plus \u00e9quilibr\u00e9es, red\u00e9finissant ainsi les standards de l&rsquo;industrie du caf\u00e9.<\/p><p>Ce mod\u00e8le ne se contente pas de r\u00e9pondre aux enjeux actuels de l&rsquo;industrie ; il sensibilise \u00e9galement les consommateurs \u00e0 l&rsquo;importance de payer un prix juste, tout en favorisant une production respectueuse et \u00e9quitable. Ce syst\u00e8me profite aux producteurs, pr\u00e9serve l&rsquo;environnement et assure une qualit\u00e9 sup\u00e9rieure du caf\u00e9.<\/p><p>Mais, les labels de commerce \u00e9quitable en Am\u00e9rique latine sont-ils vraiment la cl\u00e9 pour un achat consommateur conscient, des producteurs trait\u00e9s \u00e9quitablement et un environnement prot\u00e9g\u00e9 ? D\u00e9couvrez la r\u00e9ponse maintenant.<\/p><h2 class=\"wp-block-heading\"><strong>Qu&rsquo;est-ce que le commerce \u00e9quitable ?<\/strong><\/h2><p>Le commerce \u00e9quitable est une approche commerciale qui vise \u00e0 garantir des conditions de travail justes et \u00e9quitables pour les producteurs et les travailleurs, en particulier dans les pays en d\u00e9veloppement. Il met l&rsquo;accent sur la durabilit\u00e9 environnementale et sociale, en encourageant des pratiques commerciales respectueuses de l&rsquo;environnement et en garantissant des prix \u00e9quitables aux producteurs.<\/p><p>Le commerce \u00e9quitable offre par ailleurs une meilleure visibilit\u00e9 et transparence tout au long de la cha\u00eene d&rsquo;approvisionnement, ce qui permet aux consommateurs de faire des choix \u00e9clair\u00e9s et de soutenir des pratiques commerciales durables.<\/p><h2 class=\"wp-block-heading\"><strong>Le commerce \u00e9quitable en Am\u00e9rique latine<\/strong>&nbsp;<\/h2><p>L&rsquo;Am\u00e9rique latine, une des r\u00e9gions riches en ressources naturelles et en produits agricoles de qualit\u00e9, se trouve \u00e0 la crois\u00e9e des chemins. Confront\u00e9e \u00e0 des in\u00e9galit\u00e9s croissantes et face aux d\u00e9fis du changement climatique, qui menacent principalement la production agricole et la s\u00e9curit\u00e9 alimentaire, en particulier dans les pays en d\u00e9veloppement, l\u2019Am\u00e9rique latine se positionne comme un mod\u00e8le inspirant de commerce \u00e9quitable. Les petits agriculteurs de ces pays se trouvent en premi\u00e8re ligne, subissant de plein fouet les cons\u00e9quences de ces d\u00e9fis environnementaux et \u00e9conomiques : tels que la pollution de l&rsquo;eau, la perte de biodiversit\u00e9, l&rsquo;\u00e9rosion des sols et l&rsquo;exploitation du travail.<\/p><h2 class=\"wp-block-heading\"><strong>Le r\u00f4le du caf\u00e9 dans les pratiques du commerce \u00e9quitable<\/strong><\/h2><p>Le caf\u00e9, source de l&rsquo;\u00e9conomie agricole en Am\u00e9rique latine, est l\u2019un des produits phares du commerce \u00e9quitable dans la r\u00e9gion. Cette culture, essentielle pour de nombreux agriculteurs de caf\u00e9, est devenue un symbole de r\u00e9sistance face aux in\u00e9galit\u00e9s du march\u00e9 mondial. Dans le contexte d&rsquo;une industrie caf\u00e9i\u00e8re en pleine expansion, le commerce \u00e9quitable devient un outil important. Il soutient ces producteurs et travailleurs, \u00e0 la fois en am\u00e9liorant leur qualit\u00e9 de vie, et en renfor\u00e7ant leur autonomie \u00e9conomique, faisant ainsi du caf\u00e9 un symbole de r\u00e9silience et de progr\u00e8s \u00e9quitable.<\/p><p>Au-del\u00e0 de l&rsquo;aspect \u00e9conomique, le commerce \u00e9quitable s&rsquo;attache aussi \u00e0 la pr\u00e9servation des traditions et des cultures locales. Cela comprend l&rsquo;utilisation de m\u00e9thodes biologiques pour la protection des cultures, la gestion efficace de l&rsquo;eau et la pr\u00e9servation de la biodiversit\u00e9. En valorisant les pratiques agricoles ancestrales et les produits du terroir, il contribue \u00e0 maintenir la diversit\u00e9 biologique et culturelle de l&rsquo;Am\u00e9rique latine, assurant ainsi la p\u00e9rennit\u00e9 de son patrimoine naturel et culturel pour les g\u00e9n\u00e9rations futures.<\/p><div class=\"wp-block-image\"><figure class=\"aligncenter size-large\"><a href=\"https:\/\/yithcompare.321dev.ch\/wp-content\/uploads\/2023\/12\/AdobeStock_530147391-scaled.jpeg\"><img loading=\"lazy\" decoding=\"async\" width=\"1400\" height=\"788\" src=\"https:\/\/yithcompare.321dev.ch\/wp-content\/uploads\/2023\/12\/AdobeStock_530147391-1400x788.jpeg\" alt=\"commerce \u00e9quitable en Am\u00e9rique latine\u00a0\" class=\"wp-image-44670\" srcset=\"https:\/\/yithcompare.321dev.ch\/wp-content\/uploads\/2023\/12\/AdobeStock_530147391-1400x788.jpeg 1400w, https:\/\/yithcompare.321dev.ch\/wp-content\/uploads\/2023\/12\/AdobeStock_530147391-710x400.jpeg 710w, https:\/\/yithcompare.321dev.ch\/wp-content\/uploads\/2023\/12\/AdobeStock_530147391-768x432.jpeg 768w, https:\/\/yithcompare.321dev.ch\/wp-content\/uploads\/2023\/12\/AdobeStock_530147391-1536x865.jpeg 1536w, https:\/\/yithcompare.321dev.ch\/wp-content\/uploads\/2023\/12\/AdobeStock_530147391-scaled.jpeg 2048w, https:\/\/yithcompare.321dev.ch\/wp-content\/uploads\/2023\/12\/AdobeStock_530147391-510x287.jpeg 510w\" sizes=\"auto, (max-width: 1400px) 100vw, 1400px\" \/><\/a><\/figure><\/div><div style=\"height:50px\" aria-hidden=\"true\" class=\"wp-block-spacer\"><\/div><h2 class=\"wp-block-heading\"><strong>Les labels Fairtrade : garant de l&rsquo;\u00e9quit\u00e9 dans l&rsquo;industrie caf\u00e9i\u00e8re latino-Am\u00e9ricaine<\/strong><\/h2><p><a href=\"https:\/\/www.fairtrade.net\/\">Fairtrade International<\/a>, est une organisation internationale qui joue un r\u00f4le cl\u00e9 dans la certification du caf\u00e9 \u00e9quitable en Am\u00e9rique latine. Les standards Fairtrade garantissent un prix minimum et une prime Fairtrade, soutenant ainsi les producteurs face aux fluctuations du march\u00e9. Ces fonds sont investis dans des projets communautaires, am\u00e9liorant la qualit\u00e9 de vie locale.<\/p><p>L&rsquo;approche de <a href=\"http:\/\/esperanza.ch\/fr\/le-cafe-fairtrade-une-tasse-de-saveurs-et-dequite\/\">Fairtrade<\/a> inclut des partenariats commerciaux durables, favorisant la stabilit\u00e9 \u00e9conomique. Sur le plan environnemental, Fairtrade promeut des pratiques agricoles responsables, comme la gestion durable de l&rsquo;eau et la r\u00e9duction de l&rsquo;usage de pesticides. Socialement, Fairtrade exige des conditions de travail \u00e9quitables, interdit le travail forc\u00e9 et des enfants, et soutient l&rsquo;\u00e9ducation et la sant\u00e9 des communaut\u00e9s.<\/p><p>En r\u00e9sum\u00e9, Fairtrade est essentiel pour l&rsquo;\u00e9quit\u00e9 et la durabilit\u00e9 dans l&rsquo;<a href=\"https:\/\/yithcompare.321dev.ch\/fr\/tresors-cafeiers-amerique-latine\/\">industrie caf\u00e9i\u00e8re en Am\u00e9rique latine<\/a>, contribuant significativement au bien-\u00eatre social et environnemental des producteurs.<\/p><p><em>Choisissez <a href=\"https:\/\/yithcompare.321dev.ch\/fr\/le-cafe-fairtrade-une-tasse-de-saveurs-et-dequite\/\">Fairtrade<\/a>, soutenez un avenir durable.<\/em><\/p><div class=\"wp-block-image\"><figure class=\"aligncenter size-large\"><a href=\"https:\/\/yithcompare.321dev.ch\/wp-content\/uploads\/2023\/12\/AdobeStock_48307568-scaled.jpeg\"><img loading=\"lazy\" decoding=\"async\" width=\"1200\" height=\"800\" src=\"https:\/\/yithcompare.321dev.ch\/wp-content\/uploads\/2023\/12\/AdobeStock_48307568-1200x800.jpeg\" alt=\"labels Fairtrade\" class=\"wp-image-44680\" srcset=\"https:\/\/yithcompare.321dev.ch\/wp-content\/uploads\/2023\/12\/AdobeStock_48307568-1200x800.jpeg 1200w, https:\/\/yithcompare.321dev.ch\/wp-content\/uploads\/2023\/12\/AdobeStock_48307568-600x400.jpeg 600w, https:\/\/yithcompare.321dev.ch\/wp-content\/uploads\/2023\/12\/AdobeStock_48307568-768x512.jpeg 768w, https:\/\/yithcompare.321dev.ch\/wp-content\/uploads\/2023\/12\/AdobeStock_48307568-1536x1024.jpeg 1536w, https:\/\/yithcompare.321dev.ch\/wp-content\/uploads\/2023\/12\/AdobeStock_48307568-scaled.jpeg 2048w, https:\/\/yithcompare.321dev.ch\/wp-content\/uploads\/2023\/12\/AdobeStock_48307568-510x340.jpeg 510w\" sizes=\"auto, (max-width: 1200px) 100vw, 1200px\" \/><\/a><\/figure><\/div><div style=\"height:50px\" aria-hidden=\"true\" class=\"wp-block-spacer\"><\/div><h2 class=\"wp-block-heading\"><strong>Principes fondamentaux du commerce \u00e9quitable en Am\u00e9rique latine<\/strong><\/h2><p>La certification du commerce \u00e9quitable est un processus rigoureux qui garantit que les produits portant le label de commerce \u00e9quitable r\u00e9pondent aux normes \u00e9tablies par les organisations en question. Ces normes couvrent diff\u00e9rents aspects du commerce \u00e9quitable, tels que les conditions de travail, les pratiques agricoles durables, la transparence et la tra\u00e7abilit\u00e9 de la cha\u00eene d&rsquo;approvisionnement.&nbsp;<\/p><h3 class=\"wp-block-heading\"><strong>Paiement d&rsquo;un prix juste&nbsp;<\/strong><\/h3><p>Le principe du paiement d&rsquo;un prix juste est au c\u0153ur de la mission de Fairtrade. Cette organisation s&rsquo;engage \u00e0 garantir que les producteurs de caf\u00e9 en Am\u00e9rique latine re\u00e7oivent un prix qui va au-del\u00e0 de la simple couverture des co\u00fbts de production. Ce prix est soigneusement calcul\u00e9 pour assurer que les besoins fondamentaux des familles productrices \u2013 tels que la nourriture, le logement, l&rsquo;\u00e9ducation et les soins de sant\u00e9 \u2013 soient satisfaits.<\/p><p>Cette approche a un impact significatif sur la vie des producteurs. Par exemple, une \u00e9tude men\u00e9e par Fairtrade a r\u00e9v\u00e9l\u00e9 que les producteurs de caf\u00e9 certifi\u00e9s Fairtrade en Am\u00e9rique latine b\u00e9n\u00e9ficient de revenus plus \u00e9lev\u00e9s et de meilleures conditions de vie par rapport \u00e0 leurs homologues non certifi\u00e9s. En <a href=\"https:\/\/yithcompare.321dev.ch\/fr\/cafe-colombien-saveurs-savoirs\/\">Colombie<\/a>, les producteurs Fairtrade ont vu leurs revenus augmenter de 30\u2009% en moyenne.&nbsp;<\/p><p>En somme, le paiement d&rsquo;un prix juste par Fairtrade contribue non seulement \u00e0 une vie plus d\u00e9cente pour les familles productrices de caf\u00e9, mais encore \u00e0 la construction d&rsquo;une \u00e9conomie plus \u00e9quitable et stable dans les r\u00e9gions caf\u00e9i\u00e8res de l&rsquo;Am\u00e9rique latine.<\/p><h3 class=\"wp-block-heading\"><strong>Engagement pour la non-discrimination&nbsp;<\/strong><\/h3><p>Le commerce \u00e9quitable en Am\u00e9rique latine s&rsquo;engage fermement contre toute forme de discrimination dans le milieu agricole. Cet engagement se traduit par une politique stricte de non-discrimination \u00e0 tous les niveaux : embauche, r\u00e9mun\u00e9ration, formation, promotion, licenciement ou retraite. Aucune distinction n&rsquo;est faite sur la base de la race, de l&rsquo;origine nationale, de la religion, du handicap ou du sexe.<\/p><p>Cette approche inclusive assure que tous les acteurs, ind\u00e9pendamment de leur identit\u00e9 ou de leur situation, ont des opportunit\u00e9s \u00e9gales dans le secteur du caf\u00e9. Elle contribue \u00e0 cr\u00e9er un environnement de travail respectueux et \u00e9quitable, essentiel pour le d\u00e9veloppement durable de l&rsquo;industrie caf\u00e9i\u00e8re en Am\u00e9rique latine. En adoptant ces principes, le commerce \u00e9quitable renforce son r\u00f4le de moteur de progr\u00e8s social et d&rsquo;\u00e9quit\u00e9.<\/p><h3 class=\"wp-block-heading\"><strong>Bonnes conditions de travail&nbsp;<\/strong><\/h3><p>Une attention particuli\u00e8re est accord\u00e9e \u00e0 la cr\u00e9ation d&rsquo;un environnement de travail s\u00fbr et sain. Les exploitations certifi\u00e9es garantissent le respect des lois du travail et des conventions de l&rsquo;Organisation internationale du travail (OIT). Cette approche assure non seulement la s\u00e9curit\u00e9 et le bien-\u00eatre des employ\u00e9s, mais renforce \u00e9galement les pratiques de travail \u00e9thiques et durables dans l&rsquo;industrie caf\u00e9i\u00e8re.<\/p><div class=\"wp-block-image\"><figure class=\"aligncenter size-large\"><a href=\"https:\/\/yithcompare.321dev.ch\/wp-content\/uploads\/2023\/12\/AdobeStock_441629956-scaled.jpeg\"><img loading=\"lazy\" decoding=\"async\" width=\"1200\" height=\"800\" src=\"https:\/\/yithcompare.321dev.ch\/wp-content\/uploads\/2023\/12\/AdobeStock_441629956-1200x800.jpeg\" alt=\"industrie caf\u00e9i\u00e8re en am\u00e9rique latine\" class=\"wp-image-44685\" srcset=\"https:\/\/yithcompare.321dev.ch\/wp-content\/uploads\/2023\/12\/AdobeStock_441629956-1200x800.jpeg 1200w, https:\/\/yithcompare.321dev.ch\/wp-content\/uploads\/2023\/12\/AdobeStock_441629956-600x400.jpeg 600w, https:\/\/yithcompare.321dev.ch\/wp-content\/uploads\/2023\/12\/AdobeStock_441629956-768x512.jpeg 768w, https:\/\/yithcompare.321dev.ch\/wp-content\/uploads\/2023\/12\/AdobeStock_441629956-1536x1024.jpeg 1536w, https:\/\/yithcompare.321dev.ch\/wp-content\/uploads\/2023\/12\/AdobeStock_441629956-scaled.jpeg 2048w, https:\/\/yithcompare.321dev.ch\/wp-content\/uploads\/2023\/12\/AdobeStock_441629956-510x340.jpeg 510w\" sizes=\"auto, (max-width: 1200px) 100vw, 1200px\" \/><\/a><\/figure><\/div><div style=\"height:50px\" aria-hidden=\"true\" class=\"wp-block-spacer\"><\/div><h3 class=\"wp-block-heading\"><strong>Interdiction du travail des enfants&nbsp;<\/strong><\/h3><p>Le commerce \u00e9quitable interdit le travail des enfants conform\u00e9ment aux conventions internationales et aux normes de l&rsquo;Organisation internationale du travail (OIT). Cette approche garantit que les enfants ne sont pas employ\u00e9s dans les processus de production et qu&rsquo;ils sont prot\u00e9g\u00e9s contre l&rsquo;exploitation. Au lieu de travailler, les enfants b\u00e9n\u00e9ficient de l&rsquo;opportunit\u00e9 d&rsquo;acc\u00e9der \u00e0 l&rsquo;\u00e9ducation, contribuant ainsi \u00e0 un cycle vertueux de d\u00e9veloppement et d&rsquo;am\u00e9lioration des conditions de vie pour les g\u00e9n\u00e9rations futures. Ce principe est essentiel pour assurer une production de caf\u00e9 \u00e9thique et responsable en Am\u00e9rique latine.<\/p><figure class=\"wp-block-image size-full\"><a href=\"https:\/\/yithcompare.321dev.ch\/wp-content\/uploads\/2023\/12\/image-11.png\"><img loading=\"lazy\" decoding=\"async\" width=\"1000\" height=\"667\" src=\"https:\/\/yithcompare.321dev.ch\/wp-content\/uploads\/2023\/12\/image-11.png\" alt=\"Principes fondamentaux du commerce \u00e9quitable en Am\u00e9rique latine\" class=\"wp-image-44687\" srcset=\"https:\/\/yithcompare.321dev.ch\/wp-content\/uploads\/2023\/12\/image-11.png 1000w, https:\/\/yithcompare.321dev.ch\/wp-content\/uploads\/2023\/12\/image-11-600x400.png 600w, https:\/\/yithcompare.321dev.ch\/wp-content\/uploads\/2023\/12\/image-11-768x512.png 768w, https:\/\/yithcompare.321dev.ch\/wp-content\/uploads\/2023\/12\/image-11-510x340.png 510w\" sizes=\"auto, (max-width: 1000px) 100vw, 1000px\" \/><\/a><\/figure><div style=\"height:50px\" aria-hidden=\"true\" class=\"wp-block-spacer\"><\/div><h3 class=\"wp-block-heading\"><strong>Protection de l&rsquo;environnement<\/strong><\/h3><p>Les producteurs de caf\u00e9 certifi\u00e9s Fairtrade en Am\u00e9rique latine, face aux d\u00e9fis du changement climatique, adoptent des pratiques agricoles durables essentielles pour la protection de l&rsquo;environnement. Leur engagement pour l&rsquo;agriculture biologique et le reboisement joue un r\u00f4le cl\u00e9 dans la pr\u00e9servation de la biodiversit\u00e9 r\u00e9gionale. Gr\u00e2ce \u00e0 des formations et \u00e0 la prime de d\u00e9veloppement Fairtrade, ils renforcent leur r\u00e9silience contre les maladies du caf\u00e9ier et maintiennent des \u00e9cosyst\u00e8mes agroforestiers, typiques des zones montagneuses riches en biodiversit\u00e9. Ces pratiques, allant au-del\u00e0 de la simple production de caf\u00e9, adoptent une approche globale b\u00e9n\u00e9fique pour l&rsquo;environnement et les communaut\u00e9s locales.<\/p><h3 class=\"wp-block-heading\"><strong>Transparence et cr\u00e9dibilit\u00e9<\/strong><\/h3><p>Les organisations certifi\u00e9es s&rsquo;engagent \u00e0 fournir des informations claires et pr\u00e9cises sur leurs op\u00e9rations, impliquant activement employ\u00e9s et clients dans le processus. Cette transparence dans la gestion et les relations commerciales renforce la confiance et la clart\u00e9 des partenariats, permettant aux producteurs de mieux comprendre et s&rsquo;impliquer dans la cha\u00eene de valeur. Cela am\u00e9liore non seulement leur position sur le march\u00e9, mais assure \u00e9galement des pratiques commerciales \u00e9thiques et responsables.<\/p><h3 class=\"wp-block-heading\"><strong>Promotion active du commerce \u00e9quitable<\/strong><\/h3><p>Les organisations comme Fairtrade jouent un r\u00f4le important dans la promotion des produits \u00e9quitables. En payant une contribution pour la certification, les producteurs et importateurs soutiennent activement la diffusion des valeurs du commerce \u00e9quitable, augmentant ainsi la sensibilisation et la demande des consommateurs.<\/p><h2 class=\"wp-block-heading\"><strong>Impacts du label Fairtrade sur la production de caf\u00e9<\/strong><\/h2><p><a href=\"https:\/\/yithcompare.321dev.ch\/fr\/le-duo-cafe-certifie-et-labellise-lengagement-vers-lexcellence-ethique\/\">Le label Fairtrade<\/a> a transform\u00e9 la production de caf\u00e9, en mettant l&rsquo;accent sur la qualit\u00e9 et la durabilit\u00e9. Cette certification a entra\u00een\u00e9 une augmentation significative des revenus des producteurs, contribuant \u00e0 une plus grande stabilit\u00e9 \u00e9conomique dans les communaut\u00e9s caf\u00e9i\u00e8res. De nombreux exemples de succ\u00e8s illustrent comment la certification Fairtrade a permis de transformer les pratiques agricoles et commerciales, am\u00e9liorant ainsi les conditions de vie et de travail des producteurs.<\/p><p>Gr\u00e2ce au commerce \u00e9quitable, les agriculteurs ont acc\u00e8s \u00e9galement \u00e0 des formations et \u00e0 des techniques agricoles durables, ce qui leur permet d&rsquo;am\u00e9liorer la qualit\u00e9 de leur caf\u00e9 tout en pr\u00e9servant l&rsquo;environnement. Cette approche holistique ne se limite pas \u00e0 la production de caf\u00e9\u202f; elle englobe aussi le bien-\u00eatre des communaut\u00e9s, assurant ainsi un impact positif et durable sur l&rsquo;ensemble de l&rsquo;industrie caf\u00e9i\u00e8re.<\/p><div class=\"wp-block-image\"><figure class=\"aligncenter size-large\"><a href=\"https:\/\/yithcompare.321dev.ch\/wp-content\/uploads\/2023\/12\/AdobeStock_576594053-scaled.jpeg\"><img loading=\"lazy\" decoding=\"async\" width=\"1202\" height=\"800\" src=\"https:\/\/yithcompare.321dev.ch\/wp-content\/uploads\/2023\/12\/AdobeStock_576594053-1202x800.jpeg\" alt=\"Impacts du label Fairtrade sur la production de caf\u00e9\" class=\"wp-image-44690\" srcset=\"https:\/\/yithcompare.321dev.ch\/wp-content\/uploads\/2023\/12\/AdobeStock_576594053-1202x800.jpeg 1202w, https:\/\/yithcompare.321dev.ch\/wp-content\/uploads\/2023\/12\/AdobeStock_576594053-601x400.jpeg 601w, https:\/\/yithcompare.321dev.ch\/wp-content\/uploads\/2023\/12\/AdobeStock_576594053-768x511.jpeg 768w, https:\/\/yithcompare.321dev.ch\/wp-content\/uploads\/2023\/12\/AdobeStock_576594053-1536x1022.jpeg 1536w, https:\/\/yithcompare.321dev.ch\/wp-content\/uploads\/2023\/12\/AdobeStock_576594053-scaled.jpeg 2048w, https:\/\/yithcompare.321dev.ch\/wp-content\/uploads\/2023\/12\/AdobeStock_576594053-510x339.jpeg 510w\" sizes=\"auto, (max-width: 1202px) 100vw, 1202px\" \/><\/a><\/figure><\/div><div style=\"height:50px\" aria-hidden=\"true\" class=\"wp-block-spacer\"><\/div><h2 class=\"wp-block-heading\"><strong>Le commerce \u00e9quitable et le consommateur : un choix \u00e9thique et de qualit\u00e9<\/strong><\/h2><p>Chacun de nous d\u00e9tient le pouvoir de favoriser le commerce \u00e9quitable et les pratiques durables en Am\u00e9rique latine. En privil\u00e9giant l&rsquo;achat de produits estampill\u00e9s \u00e9quitables &#8211; du caf\u00e9 au cacao, en passant par le th\u00e9 et les textiles \u2013 nous faisons bien plus qu&rsquo;un simple achat. C&rsquo;est un engagement fort pour un avenir plus juste et durable, non seulement pour les communaut\u00e9s latino-am\u00e9ricaines, mais pour le monde entier.&nbsp;<\/p><p><strong><em>Soutenez le commerce \u00e9quitable et choisissez <a href=\"https:\/\/yithcompare.321dev.ch\/fr\/categorie-produit\/cafe\/\">des produits certifi\u00e9s \u00e9quitables<\/a> chaque fois que c&rsquo;est possible. Ensemble, nous pouvons cr\u00e9er un monde plus juste et durable.<\/em><\/strong><\/p>","protected":false},"excerpt":{"rendered":"<p>L&rsquo;Am\u00e9rique latine, un pivot essentiel de l&rsquo;industrie caf\u00e9i\u00e8re mondiale, fait face \u00e0 des d\u00e9fis environnementaux et socio-\u00e9conomiques grandissants dus \u00e0 l&rsquo;expansion de la production de caf\u00e9. Face \u00e0 cette crise, une tendance \u00e9thique et durable se dessine, cherchant \u00e0 mettre en valeur les pratiques et les valeurs des communaut\u00e9s locales. Ce mouvement, incarn\u00e9 par le [&hellip;]<\/p>\n","protected":false},"author":6990,"featured_media":44666,"comment_status":"open","ping_status":"open","sticky":false,"template":"","format":"standard","meta":{"footnotes":""},"categories":[1],"tags":[],"class_list":["post-44661","post","type-post","status-publish","format-standard","has-post-thumbnail","hentry","category-news-esperanza"],"_links":{"self":[{"href":"https:\/\/yithcompare.321dev.ch\/fr\/wp-json\/wp\/v2\/posts\/44661","targetHints":{"allow":["GET"]}}],"collection":[{"href":"https:\/\/yithcompare.321dev.ch\/fr\/wp-json\/wp\/v2\/posts"}],"about":[{"href":"https:\/\/yithcompare.321dev.ch\/fr\/wp-json\/wp\/v2\/types\/post"}],"author":[{"embeddable":true,"href":"https:\/\/yithcompare.321dev.ch\/fr\/wp-json\/wp\/v2\/users\/6990"}],"replies":[{"embeddable":true,"href":"https:\/\/yithcompare.321dev.ch\/fr\/wp-json\/wp\/v2\/comments?post=44661"}],"version-history":[{"count":0,"href":"https:\/\/yithcompare.321dev.ch\/fr\/wp-json\/wp\/v2\/posts\/44661\/revisions"}],"wp:featuredmedia":[{"embeddable":true,"href":"https:\/\/yithcompare.321dev.ch\/fr\/wp-json\/wp\/v2\/media\/44666"}],"wp:attachment":[{"href":"https:\/\/yithcompare.321dev.ch\/fr\/wp-json\/wp\/v2\/media?parent=44661"}],"wp:term":[{"taxonomy":"category","embeddable":true,"href":"https:\/\/yithcompare.321dev.ch\/fr\/wp-json\/wp\/v2\/categories?post=44661"},{"taxonomy":"post_tag","embeddable":true,"href":"https:\/\/yithcompare.321dev.ch\/fr\/wp-json\/wp\/v2\/tags?post=44661"}],"curies":[{"name":"wp","href":"https:\/\/api.w.org\/{rel}","templated":true}]}}