{"id":44573,"date":"2023-11-23T16:51:14","date_gmt":"2023-11-23T14:51:14","guid":{"rendered":"https:\/\/esperanza.ch\/?p=44573"},"modified":"2024-03-11T10:34:23","modified_gmt":"2024-03-11T08:34:23","slug":"cafe-colombien-saveurs-savoirs","status":"publish","type":"post","link":"https:\/\/yithcompare.321dev.ch\/fr\/cafe-colombien-saveurs-savoirs\/","title":{"rendered":"Caf\u00e9 Colombien : saveurs &amp; savoirs"},"content":{"rendered":"<p>Le caf\u00e9 colombien, r\u00e9put\u00e9 comme l&rsquo;un des meilleurs au monde, est un symbole d\u2019excellence dans l&rsquo;univers du caf\u00e9. Class\u00e9e dans le top 3 des producteurs mondiaux, aux c\u00f4t\u00e9s du Br\u00e9sil et du Vietnam, la Colombie joue un r\u00f4le majeur dans l&rsquo;industrie mondiale du caf\u00e9. Environ un tiers du caf\u00e9 consomm\u00e9 \u00e0 l&rsquo;\u00e9chelle plan\u00e9taire provient des riches terres colombiennes.&nbsp;<\/p><p>Mais au-del\u00e0 de ces chiffres, la v\u00e9ritable richesse du caf\u00e9 colombien r\u00e9side dans sa qualit\u00e9 exceptionnelle. Son ar\u00f4me riche, terreux, et sa saveur robuste ne manquent jamais de raviver les esprits, apportant une touche de bonheur instantan\u00e9 \u00e0 chaque gorg\u00e9e.<\/p><p>Si vous adorez le caf\u00e9, voyez pourquoi le caf\u00e9 colombien est le choix \u00e0 faire.<\/p><h2 class=\"wp-block-heading\"><strong>L&rsquo;histoire et l&rsquo;h\u00e9ritage du caf\u00e9 colombien<\/strong><\/h2><p>Tout a commenc\u00e9 au d\u00e9but du 19\u1d49 si\u00e8cle, lorsque les premiers plants de caf\u00e9 arabica ont \u00e9t\u00e9 introduits en Colombie, probablement par des voyageurs europ\u00e9ens. Ce fut le d\u00e9but d&rsquo;une transformation profonde pour le paysage rural colombien.<\/p><p>Au fil des ann\u00e9es, le caf\u00e9 est devenu un pilier de l&rsquo;\u00e9conomie colombienne. Dans les ann\u00e9es 1920, la Colombie \u00e9tait d\u00e9j\u00e0 devenue l&rsquo;un des principaux producteurs de caf\u00e9 au monde. Cette croissance rapide s&rsquo;est accompagn\u00e9e de la cr\u00e9ation de la <a href=\"https:\/\/federaciondecafeteros.org\/wp\/federation\/about-us\/?lang=en\"><strong>F\u00e9d\u00e9ration Nationale des Caf\u00e9iculteurs de Colombie<\/strong><\/a> en 1927, ou <strong>Fedecaf\u00e9<\/strong>, une organisation cl\u00e9 qui a jou\u00e9 un r\u00f4le essentiel dans la promotion et la protection de l&rsquo;industrie caf\u00e9i\u00e8re colombienne. Cette organisation a non seulement aid\u00e9 \u00e0 stabiliser les prix du caf\u00e9 sur les march\u00e9s internationaux, mais a \u00e9galement \u0153uvr\u00e9 pour am\u00e9liorer les conditions de vie des caf\u00e9iculteurs. Gr\u00e2ce \u00e0 ses efforts, la Colombie a pu \u00e9tablir des normes de qualit\u00e9 \u00e9lev\u00e9es et promouvoir durablement son caf\u00e9 sur la sc\u00e8ne mondiale.Aujourd&rsquo;hui, le caf\u00e9 colombien est c\u00e9l\u00e8bre pour son go\u00fbt distinctif et sa qualit\u00e9 sup\u00e9rieure. Il est cultiv\u00e9 principalement dans les r\u00e9gions montagneuses, o\u00f9 le climat et l&rsquo;altitude proposent des conditions id\u00e9ales pour la culture de vari\u00e9t\u00e9s arabica de haute qualit\u00e9. Cette r\u00e9putation de qualit\u00e9 a \u00e9t\u00e9 renforc\u00e9e en 2011, lorsque l&rsquo;<strong>UNESCO<\/strong> a inscrit le \u00ab Paysage culturel du caf\u00e9 de Colombie \u00bb sur sa liste du patrimoine mondial, reconnaissant ainsi l&rsquo;importance culturelle et environnementale de la caf\u00e9iculture colombienne.<\/p><div class=\"wp-block-image\"><figure class=\"aligncenter size-large\"><a href=\"https:\/\/yithcompare.321dev.ch\/wp-content\/uploads\/2023\/12\/AdobeStock_321280048-scaled.jpeg\"><img loading=\"lazy\" decoding=\"async\" width=\"1198\" height=\"800\" src=\"https:\/\/yithcompare.321dev.ch\/wp-content\/uploads\/2023\/12\/AdobeStock_321280048-1198x800.jpeg\" alt=\"caf\u00e9 colombien\" class=\"wp-image-44600\" srcset=\"https:\/\/yithcompare.321dev.ch\/wp-content\/uploads\/2023\/12\/AdobeStock_321280048-1198x800.jpeg 1198w, https:\/\/yithcompare.321dev.ch\/wp-content\/uploads\/2023\/12\/AdobeStock_321280048-599x400.jpeg 599w, https:\/\/yithcompare.321dev.ch\/wp-content\/uploads\/2023\/12\/AdobeStock_321280048-768x513.jpeg 768w, https:\/\/yithcompare.321dev.ch\/wp-content\/uploads\/2023\/12\/AdobeStock_321280048-1536x1025.jpeg 1536w, https:\/\/yithcompare.321dev.ch\/wp-content\/uploads\/2023\/12\/AdobeStock_321280048-scaled.jpeg 2048w, https:\/\/yithcompare.321dev.ch\/wp-content\/uploads\/2023\/12\/AdobeStock_321280048-510x340.jpeg 510w\" sizes=\"auto, (max-width: 1198px) 100vw, 1198px\" \/><\/a><\/figure><\/div><div style=\"height:50px\" aria-hidden=\"true\" class=\"wp-block-spacer\"><\/div><h2 class=\"wp-block-heading\"><strong>Le triangle du caf\u00e9 : c\u0153ur de la tradition caf\u00e9i\u00e8re colombienne<\/strong><\/h2><p>Nich\u00e9 au c\u0153ur de la Colombie, le triangle du caf\u00e9 se dresse comme un \u00e9picentre de l&rsquo;or noir, un joyau inestimable dans le paysage mondial du caf\u00e9. Cette r\u00e9gion, reconnue mondialement pour sa production exclusive d&rsquo;arabica, b\u00e9n\u00e9ficie d&rsquo;un terroir unique. Le caf\u00e9 y est cultiv\u00e9 sur des sols volcaniques, \u00e0 des altitudes variant de 760 \u00e0 1200 m\u00e8tres, o\u00f9 les grains m\u00fbrissent lentement. Ce processus conf\u00e8re au caf\u00e9 colombien une consistance plus riche et un ar\u00f4me intensifi\u00e9 apr\u00e8s torr\u00e9faction.<\/p><p>Class\u00e9 comme paysage culturel par l&rsquo;UNESCO, le triangle du caf\u00e9, compos\u00e9 des d\u00e9partements de Caldas, Quind\u00edo et Risaralda, est le c\u0153ur battant de la culture caf\u00e9i\u00e8re colombienne. Il est reconnu pour son paysage diversifi\u00e9 et ses conditions climatiques optimales, qui ensemble cr\u00e9ent un environnement id\u00e9al pour la culture du caf\u00e9, soulignant ainsi l&rsquo;excellence et la richesse de la tradition caf\u00e9i\u00e8re de la Colombie.<\/p><p>Cependant, cela n\u2019a jamais \u00e9t\u00e9 sans d\u00e9fis. Au fil des ans, le Triangle du caf\u00e9 a d\u00fb faire face \u00e0 divers obstacles, notamment les fluctuations du march\u00e9 mondial et les impacts du changement climatique. Malgr\u00e9 ces difficult\u00e9s, gr\u00e2ce \u00e0 l&rsquo;innovation et \u00e0 la r\u00e9silience de ses habitants, la r\u00e9gion continue de prosp\u00e9rer. Elle maintient sa position de leader dans la production de caf\u00e9 de qualit\u00e9, t\u00e9moignant de la force et de l&rsquo;adaptabilit\u00e9 de la culture caf\u00e9i\u00e8re colombienne face aux d\u00e9fis contemporains.<\/p><div class=\"wp-block-image\"><figure class=\"aligncenter size-large\"><a href=\"https:\/\/yithcompare.321dev.ch\/wp-content\/uploads\/2023\/12\/AdobeStock_145232936-scaled.jpeg\"><img loading=\"lazy\" decoding=\"async\" width=\"1200\" height=\"800\" src=\"https:\/\/yithcompare.321dev.ch\/wp-content\/uploads\/2023\/12\/AdobeStock_145232936-1200x800.jpeg\" alt=\"triangle du caf\u00e9 colombie\" class=\"wp-image-44605\" srcset=\"https:\/\/yithcompare.321dev.ch\/wp-content\/uploads\/2023\/12\/AdobeStock_145232936-1200x800.jpeg 1200w, https:\/\/yithcompare.321dev.ch\/wp-content\/uploads\/2023\/12\/AdobeStock_145232936-600x400.jpeg 600w, https:\/\/yithcompare.321dev.ch\/wp-content\/uploads\/2023\/12\/AdobeStock_145232936-768x512.jpeg 768w, https:\/\/yithcompare.321dev.ch\/wp-content\/uploads\/2023\/12\/AdobeStock_145232936-1536x1024.jpeg 1536w, https:\/\/yithcompare.321dev.ch\/wp-content\/uploads\/2023\/12\/AdobeStock_145232936-scaled.jpeg 2048w, https:\/\/yithcompare.321dev.ch\/wp-content\/uploads\/2023\/12\/AdobeStock_145232936-510x340.jpeg 510w\" sizes=\"auto, (max-width: 1200px) 100vw, 1200px\" \/><\/a><\/figure><\/div><div style=\"height:50px\" aria-hidden=\"true\" class=\"wp-block-spacer\"><\/div><h2 class=\"wp-block-heading\"><strong>Les vari\u00e9t\u00e9s de caf\u00e9 colombien<\/strong><\/h2><p>Avec plus de 200 vari\u00e9t\u00e9s de caf\u00e9 r\u00e9pertori\u00e9es dans le monde, la Colombie se positionne comme un acteur cl\u00e9 en cultivant 15 de ces vari\u00e9t\u00e9s. Ce pays, v\u00e9ritable \u00e9den pour les amateurs de caf\u00e9, se distingue par une diversit\u00e9 de grains de caf\u00e9, chacun proposant des profils de saveurs uniques et captivants. <\/p><p>Voici un aper\u00e7u de quelques-unes des vari\u00e9t\u00e9s cultiv\u00e9es:<\/p><h3 class=\"wp-block-heading\"><strong>Caturra : l&rsquo;essence de la vivacit\u00e9<\/strong><\/h3><p>La Caturra, mutation naturelle du Bourbon, est pris\u00e9e pour sa saveur complexe et sucr\u00e9e, avec une acidit\u00e9 vive. D\u00e9couverte au Br\u00e9sil, elle s&rsquo;est \u00e9tendue en <a href=\"https:\/\/yithcompare.321dev.ch\/fr\/tresors-cafeiers-amerique-latine\/\">Am\u00e9rique latine<\/a>, notamment en Colombie. Sa petite taille favorise une culture dense et une r\u00e9colte ais\u00e9e. Id\u00e9ale de 1 200 \u00e0 2 000 m\u00e8tres d&rsquo;altitude, Caturra procure un profil de tasse \u00e9quilibr\u00e9, avec des notes citronn\u00e9es et de miel. Sa polyvalence en torr\u00e9faction en fait un choix populaire parmi les torr\u00e9facteurs et les amateurs de caf\u00e9.<\/p><h3 class=\"wp-block-heading\"><strong>Castillo : la force \u00e9quilibr\u00e9e<\/strong><\/h3><p>Le Castillo, hommage \u00e0 Jaime Castillo Zapata, son d\u00e9couvreur en 1983, incarne l&rsquo;innovation dans le monde du caf\u00e9 colombien. Son go\u00fbt riche et cors\u00e9, rehauss\u00e9 de notes de noix et d&rsquo;une touche sucr\u00e9e en fin de bouche, en fait une vari\u00e9t\u00e9 d&rsquo;une robustesse \u00e9quilibr\u00e9e et agr\u00e9able.<\/p><h3 class=\"wp-block-heading\"><strong>Tabi (Bio) : l&rsquo;harmonie naturelle<\/strong><\/h3><p>Le Tabi, un hybride biologique, allie r\u00e9sistance et qualit\u00e9. Il se distingue par un \u00e9quilibre parfait entre acidit\u00e9 et douceur, agr\u00e9ment\u00e9 de notes florales, suscitant une exp\u00e9rience gustative autant complexe que naturelle.<\/p><h3 class=\"wp-block-heading\"><strong>Pacamara : l&rsquo;originalit\u00e9 distinctive<\/strong><\/h3><p>Le Pacamara, connu pour ses grains de grande taille, propose un profil gustatif unique avec des nuances de fruits m\u00fbrs et une texture velout\u00e9e, id\u00e9al pour une exp\u00e9rience de d\u00e9gustation hors du commun.<\/p><h3 class=\"wp-block-heading\"><strong>Typica : la tradition raffin\u00e9e<\/strong><\/h3><p>La Typica, anc\u00eatre de nombreuses vari\u00e9t\u00e9s, est appr\u00e9ci\u00e9e pour son go\u00fbt classique et \u00e9quilibr\u00e9, avec des notes de caramel et une acidit\u00e9 l\u00e9g\u00e8re, parfaite pour les amateurs de saveurs traditionnelles.<\/p><h3 class=\"wp-block-heading\"><strong>Bourbon : l&rsquo;\u00e9l\u00e9gance aromatique<\/strong><\/h3><p>Le Bourbon, vari\u00e9t\u00e9 historique, est r\u00e9put\u00e9 pour son profil riche et complexe, avec des notes de fruits rouges et de chocolat, offrant une tasse profond\u00e9ment aromatique et pleine de caract\u00e8re.<\/p><div class=\"wp-block-image\"><figure class=\"aligncenter size-large\"><a href=\"https:\/\/yithcompare.321dev.ch\/wp-content\/uploads\/2023\/12\/AdobeStock_669454589-scaled.jpeg\"><img loading=\"lazy\" decoding=\"async\" width=\"1170\" height=\"800\" src=\"https:\/\/yithcompare.321dev.ch\/wp-content\/uploads\/2023\/12\/AdobeStock_669454589-1170x800.jpeg\" alt=\"vari\u00e9t\u00e9s caf\u00e9 colombien\" class=\"wp-image-44642\" srcset=\"https:\/\/yithcompare.321dev.ch\/wp-content\/uploads\/2023\/12\/AdobeStock_669454589-1170x800.jpeg 1170w, https:\/\/yithcompare.321dev.ch\/wp-content\/uploads\/2023\/12\/AdobeStock_669454589-585x400.jpeg 585w, https:\/\/yithcompare.321dev.ch\/wp-content\/uploads\/2023\/12\/AdobeStock_669454589-768x525.jpeg 768w, https:\/\/yithcompare.321dev.ch\/wp-content\/uploads\/2023\/12\/AdobeStock_669454589-1536x1050.jpeg 1536w, https:\/\/yithcompare.321dev.ch\/wp-content\/uploads\/2023\/12\/AdobeStock_669454589-scaled.jpeg 2048w, https:\/\/yithcompare.321dev.ch\/wp-content\/uploads\/2023\/12\/AdobeStock_669454589-510x349.jpeg 510w\" sizes=\"auto, (max-width: 1170px) 100vw, 1170px\" \/><\/a><\/figure><\/div><div style=\"height:50px\" aria-hidden=\"true\" class=\"wp-block-spacer\"><\/div><h3 class=\"wp-block-heading\"><strong>Geisha : l&rsquo;exotisme raffin\u00e9<\/strong><\/h3><p>La Geisha, c\u00e9l\u00e8bre pour son profil aromatique exceptionnel, propose des notes florales et de th\u00e9, avec une acidit\u00e9 brillante. Cette vari\u00e9t\u00e9 est un v\u00e9ritable joyau pour les connaisseurs \u00e0 la recherche d&rsquo;une exp\u00e9rience gustative exotique et raffin\u00e9e.<\/p><h2 class=\"wp-block-heading\"><br><strong>Pourquoi choisir le caf\u00e9 colombien ?<\/strong><\/h2><h3 class=\"wp-block-heading\"><strong>Caf\u00e9ine \u00e9quilibr\u00e9e&nbsp;<\/strong><\/h3><p>Le caf\u00e9 colombien, souvent consid\u00e9r\u00e9 \u00e0 tort comme plus fort, pr\u00e9sente en fait une teneur en caf\u00e9ine semblable aux autres vari\u00e9t\u00e9s arabica. Des \u00e9tudes indiquent que sa teneur en caf\u00e9ine, environ 1.2\u2009% par grain, est comparable \u00e0 celle d&rsquo;autres caf\u00e9s arabica. Ce qui le rend unique, c&rsquo;est son \u00e9quilibre entre force et douceur, proposant une exp\u00e9rience gustative riche sans amertume excessive.<\/p><h3 class=\"wp-block-heading\"><strong>Qualit\u00e9 exceptionnelle<\/strong><\/h3><p>La Colombie, b\u00e9nie par ses montagnes majestueuses et sa latitude id\u00e9ale, procure un cadre naturel exceptionnel pour la culture d\u2019un bon caf\u00e9. Cette combinaison parfaite d&rsquo;altitude \u00e9lev\u00e9e et de climat tropical mod\u00e9r\u00e9 est essentiel pour le d\u00e9veloppement lent et homog\u00e8ne des grains de caf\u00e9. En r\u00e9sulte un caf\u00e9 colombien de qualit\u00e9 sup\u00e9rieure, avec des ar\u00f4mes profonds et une saveur complexe. Ces caract\u00e9ristiques distinctives font du caf\u00e9 colombien un favori parmi les connaisseurs, offrant une exp\u00e9rience gustative riche et nuanc\u00e9e \u00e0 chaque tasse.<\/p><div class=\"wp-block-image\"><figure class=\"aligncenter size-large\"><a href=\"https:\/\/yithcompare.321dev.ch\/wp-content\/uploads\/2023\/12\/AdobeStock_643456938-scaled.jpeg\"><img loading=\"lazy\" decoding=\"async\" width=\"1200\" height=\"800\" src=\"https:\/\/yithcompare.321dev.ch\/wp-content\/uploads\/2023\/12\/AdobeStock_643456938-1200x800.jpeg\" alt=\"pourquoi choisir le caf\u00e9 colombien ?\" class=\"wp-image-44621\" srcset=\"https:\/\/yithcompare.321dev.ch\/wp-content\/uploads\/2023\/12\/AdobeStock_643456938-1200x800.jpeg 1200w, https:\/\/yithcompare.321dev.ch\/wp-content\/uploads\/2023\/12\/AdobeStock_643456938-600x400.jpeg 600w, https:\/\/yithcompare.321dev.ch\/wp-content\/uploads\/2023\/12\/AdobeStock_643456938-768x512.jpeg 768w, https:\/\/yithcompare.321dev.ch\/wp-content\/uploads\/2023\/12\/AdobeStock_643456938-1536x1024.jpeg 1536w, https:\/\/yithcompare.321dev.ch\/wp-content\/uploads\/2023\/12\/AdobeStock_643456938-scaled.jpeg 2048w, https:\/\/yithcompare.321dev.ch\/wp-content\/uploads\/2023\/12\/AdobeStock_643456938-510x340.jpeg 510w\" sizes=\"auto, (max-width: 1200px) 100vw, 1200px\" \/><\/a><\/figure><\/div><div style=\"height:50px\" aria-hidden=\"true\" class=\"wp-block-spacer\"><\/div><h3 class=\"wp-block-heading\"><strong>Source riche en antioxydants<\/strong><\/h3><p>Le caf\u00e9 colombien se distingue autant par son go\u00fbt exquis, que par sa haute teneur en antioxydants, transformant chaque tasse en bien plus qu&rsquo;un simple plaisir pour les papilles. Ces compos\u00e9s naturels, abondants dans les grains de caf\u00e9 colombiens, sont connus pour leurs bienfaits. Il est int\u00e9ressant de noter que, gr\u00e2ce \u00e0 des conditions de culture uniques, le caf\u00e9 colombien se caract\u00e9rise par une concentration \u00e9lev\u00e9e en antioxydants. Ce trait contribue aussi \u00e0 son profil gustatif distinct, mais \u00e9galement \u00e0 sa valeur comme choix de boisson b\u00e9n\u00e9fique pour le bien-\u00eatre. Ainsi, en choisissant le caf\u00e9 colombien, vous privil\u00e9giez une exp\u00e9rience riche en saveurs et potentiellement avantageuse pour votre sant\u00e9 quotidienne.<\/p><h3 class=\"wp-block-heading\"><strong>Certification \u00e9quitable : le gage de qualit\u00e9 du caf\u00e9 colombien<\/strong><\/h3><p>Le caf\u00e9 colombien, synonyme d&rsquo;excellence, se distingue aussi par son engagement envers des pratiques \u00e9quitables, certifi\u00e9 par des normes rigoureuses. Cette certification assure que le caf\u00e9 est produit et commercialis\u00e9 dans le respect des principes d&rsquo;\u00e9quit\u00e9, garantissant des conditions de travail justes et une r\u00e9mun\u00e9ration \u00e9quitable pour les agriculteurs et leurs familles. Leader mondial en nombre d&rsquo;organisations \u00e9quitables, la Colombie s&rsquo;assure que les producteurs de caf\u00e9 sont r\u00e9mun\u00e9r\u00e9s de mani\u00e8re juste et \u00e9quitable. En choisissant un caf\u00e9 colombien certifi\u00e9 \u00e9quitable, les consommateurs participent activement au soutien des communaut\u00e9s productrices, contribuant ainsi \u00e0 leur prosp\u00e9rit\u00e9 et au d\u00e9veloppement durable des r\u00e9gions caf\u00e9i\u00e8res.<\/p><h2 class=\"wp-block-heading\"><strong>Caf\u00e9 de Colombia &#8211; Un label d\u2019excellence internationale<\/strong><\/h2><h3 class=\"wp-block-heading\"><strong>Premi\u00e8re IGP non-Europ\u00e9enne<\/strong><\/h3><p>En 2007, la Colombie a marqu\u00e9 un tournant historique en devenant le premier pays non europ\u00e9en \u00e0 se voir attribuer une Indication G\u00e9ographique Prot\u00e9g\u00e9e (IGP) pour son prestigieux label \u00ab Caf\u00e9 de Colombia \u00bb.<\/p><div class=\"wp-block-image\"><figure class=\"aligncenter size-large\"><a href=\"https:\/\/yithcompare.321dev.ch\/wp-content\/uploads\/2023\/12\/AdobeStock_66107409-scaled.jpeg\"><img loading=\"lazy\" decoding=\"async\" width=\"1200\" height=\"800\" src=\"https:\/\/yithcompare.321dev.ch\/wp-content\/uploads\/2023\/12\/AdobeStock_66107409-1200x800.jpeg\" alt=\"Caf\u00e9 de Colombia - Un label d\u2019excellence internationale\" class=\"wp-image-44631\" srcset=\"https:\/\/yithcompare.321dev.ch\/wp-content\/uploads\/2023\/12\/AdobeStock_66107409-1200x800.jpeg 1200w, https:\/\/yithcompare.321dev.ch\/wp-content\/uploads\/2023\/12\/AdobeStock_66107409-600x400.jpeg 600w, https:\/\/yithcompare.321dev.ch\/wp-content\/uploads\/2023\/12\/AdobeStock_66107409-768x512.jpeg 768w, https:\/\/yithcompare.321dev.ch\/wp-content\/uploads\/2023\/12\/AdobeStock_66107409-1536x1024.jpeg 1536w, https:\/\/yithcompare.321dev.ch\/wp-content\/uploads\/2023\/12\/AdobeStock_66107409-scaled.jpeg 2048w, https:\/\/yithcompare.321dev.ch\/wp-content\/uploads\/2023\/12\/AdobeStock_66107409-510x340.jpeg 510w\" sizes=\"auto, (max-width: 1200px) 100vw, 1200px\" \/><\/a><\/figure><\/div><div style=\"height:50px\" aria-hidden=\"true\" class=\"wp-block-spacer\"><\/div><p>Cette reconnaissance souligne non seulement la qualit\u00e9 sup\u00e9rieure du caf\u00e9 colombien, mais encore son unicit\u00e9 sur le march\u00e9 mondial. Cela a ouvert la voie \u00e0 une plus grande visibilit\u00e9 et appr\u00e9ciation du caf\u00e9 colombien en Europe, un march\u00e9 de renom pour ses consommateurs exigeants et connaisseurs.<\/p><h3 class=\"wp-block-heading\"><strong>Le caf\u00e9 colombien, une r\u00e9f\u00e9rence de qualit\u00e9 en Suisse<\/strong><\/h3><p>En 2013, le label \u00ab Caf\u00e9 de Colombia\u00bb, cr\u00e9\u00e9 par la FNC, a franchi un cap remarquable en devenant la premi\u00e8re Indication G\u00e9ographique Prot\u00e9g\u00e9e (IGP) \u00e9trang\u00e8re en Suisse, un jalon qui souligne son prestige et sa qualit\u00e9 exceptionnelle. Cette reconnaissance par la Suisse, un pays renomm\u00e9 pour ses crit\u00e8res exigeants en mati\u00e8re de qualit\u00e9 et d&rsquo;authenticit\u00e9, repr\u00e9sente bien plus qu&rsquo;un simple label : c&rsquo;est une validation de l&rsquo;excellence incontest\u00e9e du \u00ab Caf\u00e9 de Colombia\u00bb. Cette \u00e9tape importante conforte la position du caf\u00e9 colombien comme choix de pr\u00e9dilection pour les connaisseurs du monde entier, garantissant une exp\u00e9rience gustative authentique et raffin\u00e9e, reconnue et appr\u00e9ci\u00e9e sur le march\u00e9 international.&nbsp;<\/p><p><strong><em>Pour les amateurs de caf\u00e9 en Suisse, la certification UE-Suisse est un gage de qualit\u00e9 supr\u00eame. N&rsquo;attendez plus, offrez-vous le meilleur de <a href=\"https:\/\/yithcompare.321dev.ch\/fr\/categorie-produit\/cafe\/colombie\/\">la Colombie<\/a>.&nbsp;<\/em><\/strong><\/p><p><br><\/p>","protected":false},"excerpt":{"rendered":"<p>Le caf\u00e9 colombien, r\u00e9put\u00e9 comme l&rsquo;un des meilleurs au monde, est un symbole d\u2019excellence dans l&rsquo;univers du caf\u00e9. Class\u00e9e dans le top 3 des producteurs mondiaux, aux c\u00f4t\u00e9s du Br\u00e9sil et du Vietnam, la Colombie joue un r\u00f4le majeur dans l&rsquo;industrie mondiale du caf\u00e9. Environ un tiers du caf\u00e9 consomm\u00e9 \u00e0 l&rsquo;\u00e9chelle plan\u00e9taire provient des [&hellip;]<\/p>\n","protected":false},"author":6990,"featured_media":44633,"comment_status":"open","ping_status":"open","sticky":false,"template":"","format":"standard","meta":{"footnotes":""},"categories":[1],"tags":[],"class_list":["post-44573","post","type-post","status-publish","format-standard","has-post-thumbnail","hentry","category-news-esperanza"],"_links":{"self":[{"href":"https:\/\/yithcompare.321dev.ch\/fr\/wp-json\/wp\/v2\/posts\/44573","targetHints":{"allow":["GET"]}}],"collection":[{"href":"https:\/\/yithcompare.321dev.ch\/fr\/wp-json\/wp\/v2\/posts"}],"about":[{"href":"https:\/\/yithcompare.321dev.ch\/fr\/wp-json\/wp\/v2\/types\/post"}],"author":[{"embeddable":true,"href":"https:\/\/yithcompare.321dev.ch\/fr\/wp-json\/wp\/v2\/users\/6990"}],"replies":[{"embeddable":true,"href":"https:\/\/yithcompare.321dev.ch\/fr\/wp-json\/wp\/v2\/comments?post=44573"}],"version-history":[{"count":0,"href":"https:\/\/yithcompare.321dev.ch\/fr\/wp-json\/wp\/v2\/posts\/44573\/revisions"}],"wp:featuredmedia":[{"embeddable":true,"href":"https:\/\/yithcompare.321dev.ch\/fr\/wp-json\/wp\/v2\/media\/44633"}],"wp:attachment":[{"href":"https:\/\/yithcompare.321dev.ch\/fr\/wp-json\/wp\/v2\/media?parent=44573"}],"wp:term":[{"taxonomy":"category","embeddable":true,"href":"https:\/\/yithcompare.321dev.ch\/fr\/wp-json\/wp\/v2\/categories?post=44573"},{"taxonomy":"post_tag","embeddable":true,"href":"https:\/\/yithcompare.321dev.ch\/fr\/wp-json\/wp\/v2\/tags?post=44573"}],"curies":[{"name":"wp","href":"https:\/\/api.w.org\/{rel}","templated":true}]}}