{"id":42409,"date":"2023-09-14T14:58:21","date_gmt":"2023-09-14T12:58:21","guid":{"rendered":"https:\/\/esperanza.ch\/?p=42409"},"modified":"2024-09-17T10:16:38","modified_gmt":"2024-09-17T08:16:38","slug":"cafe-equitable","status":"publish","type":"post","link":"https:\/\/yithcompare.321dev.ch\/fr\/cafe-equitable\/","title":{"rendered":"Caf\u00e9 \u00e9quitable : une tasse d&rsquo;\u00e9thique, un monde de saveurs"},"content":{"rendered":"<p>Le caf\u00e9, bien plus qu&rsquo;un simple rituel matinal, est un voyage \u00e0 travers des cultures, des engagements profonds et, h\u00e9las, des in\u00e9galit\u00e9s. Chaque tasse refl\u00e8te un choix : une affirmation de nos valeurs dans un monde dans lequel chaque achat compte.&nbsp;<\/p><p>Le caf\u00e9 \u00e9quitable, port\u00e9 par des piliers comme Fairtrade\/Max Havelaar, est plus qu&rsquo;une pr\u00e9f\u00e9rence gustative ; c&rsquo;est une prise de position pour un commerce plus responsable et une consommation plus consciente. En savourant ce breuvage, nous ne nous contentons pas d&rsquo;appr\u00e9cier son ar\u00f4me, nous c\u00e9l\u00e9brons \u00e9galement l&rsquo;espoir et l&rsquo;\u00e9quit\u00e9.<\/p><p>Embarquez avec nous pour explorer ce mouvement transformateur, o\u00f9 savourer une tasse de caf\u00e9 devient un t\u00e9moignage de notre engagement pour un commerce plus \u00e9quitable.<\/p><h2 class=\"wp-block-heading\">Les origines du caf\u00e9 \u00e9quitable<\/h2><p>Bien avant que le caf\u00e9 \u00e9quitable ne devienne un terme familier, le commerce mondial du caf\u00e9 \u00e9tait souvent marqu\u00e9 par des in\u00e9galit\u00e9s criantes. Les petits agriculteurs, malgr\u00e9 leur r\u00f4le essentiel dans la production, peinaient \u00e0 obtenir une r\u00e9mun\u00e9ration juste pour leur travail acharn\u00e9. Confront\u00e9s \u00e0 la volatilit\u00e9 des prix, \u00e0 l&rsquo;exploitation et \u00e0 l&rsquo;injustice \u00e9conomique, nombreux \u00e9taient ceux qui vivaient dans la pr\u00e9carit\u00e9.<\/p><p>C&rsquo;est dans ce contexte que le mouvement du caf\u00e9 \u00e9quitable est n\u00e9. Son objectif ? Assurer une r\u00e9mun\u00e9ration \u00e9quitable aux agriculteurs tout en promouvant des m\u00e9thodes de production durables. Parmi les acteurs majeurs de ce mouvement, Fairtrade\/Max Havelaar s&rsquo;est rapidement distingu\u00e9.&nbsp;<\/p><p>Fond\u00e9 dans les ann\u00e9es 1980, cet organisme s&rsquo;est engag\u00e9 \u00e0 mettre fin \u00e0 l&rsquo;exploitation dans l&rsquo;industrie du caf\u00e9 et \u00e0 garantir un prix minimum aux producteurs. Ainsi, d\u00e8s ses d\u00e9buts, Fairtrade\/Max Havelaar s&rsquo;est positionn\u00e9 comme une bou\u00e9e de sauvetage pour ces artisans du caf\u00e9, tout en invitant le monde \u00e0 repenser sa fa\u00e7on de consommer.<\/p><div class=\"wp-block-image\"><figure class=\"aligncenter size-large\"><a href=\"https:\/\/yithcompare.321dev.ch\/wp-content\/uploads\/2023\/09\/AdobeStock_74814672-scaled.jpeg\"><img loading=\"lazy\" decoding=\"async\" width=\"1203\" height=\"800\" src=\"https:\/\/yithcompare.321dev.ch\/wp-content\/uploads\/2023\/09\/AdobeStock_74814672-1203x800.jpeg\" alt=\"Les origines du caf\u00e9 \u00e9quitable\" class=\"wp-image-42425\" srcset=\"https:\/\/yithcompare.321dev.ch\/wp-content\/uploads\/2023\/09\/AdobeStock_74814672-1203x800.jpeg 1203w, https:\/\/yithcompare.321dev.ch\/wp-content\/uploads\/2023\/09\/AdobeStock_74814672-602x400.jpeg 602w, https:\/\/yithcompare.321dev.ch\/wp-content\/uploads\/2023\/09\/AdobeStock_74814672-768x511.jpeg 768w, https:\/\/yithcompare.321dev.ch\/wp-content\/uploads\/2023\/09\/AdobeStock_74814672-1536x1021.jpeg 1536w, https:\/\/yithcompare.321dev.ch\/wp-content\/uploads\/2023\/09\/AdobeStock_74814672-scaled.jpeg 2048w, https:\/\/yithcompare.321dev.ch\/wp-content\/uploads\/2023\/09\/AdobeStock_74814672-510x339.jpeg 510w\" sizes=\"auto, (max-width: 1203px) 100vw, 1203px\" \/><\/a><\/figure><\/div><div style=\"height:50px\" aria-hidden=\"true\" class=\"wp-block-spacer\"><\/div><h2 class=\"wp-block-heading\">De la plantation \u00e0 la torr\u00e9faction : l&rsquo;\u00e9thique \u00e0 chaque \u00e9tape<\/h2><p>Le parcours du caf\u00e9, de sa premi\u00e8re germination comme graine jusqu&rsquo;\u00e0 sa transformation en une boisson exquise, est une suite d&rsquo;\u00e9tapes minutieuses. Ainsi, dans le domaine du caf\u00e9 \u00e9quitable, chaque \u00e9tape est guid\u00e9e par des principes \u00e9thiques in\u00e9branlables.<\/p><h3 class=\"wp-block-heading\">1. La plantation : naissance \u00e9thique<\/h3><p>Tout d\u00e9bute par la plantation. Le caf\u00e9 \u00e9quitable privil\u00e9gie les techniques agricoles durables : moins de pesticides, plus de m\u00e9thodes biologiques et respectueuses de l&rsquo;environnement. Ces approches pr\u00e9servent non seulement la biodiversit\u00e9 des sols, mais garantissent aussi une meilleure qualit\u00e9 de produit.<\/p><h3 class=\"wp-block-heading\">2. R\u00e9colte : r\u00e9mun\u00e9ration juste et conditions favorables<\/h3><p>La phase de r\u00e9colte est essentielle. Les travailleurs du caf\u00e9 \u00e9quitable sont non seulement bien r\u00e9mun\u00e9r\u00e9s, mais b\u00e9n\u00e9ficient \u00e9galement de conditions de travail s\u00fbres. Leur participation au sein de coop\u00e9ratives leur donne \u00e9galement un mot \u00e0 dire.<\/p><div class=\"wp-block-image\"><figure class=\"aligncenter size-large\"><a href=\"https:\/\/yithcompare.321dev.ch\/wp-content\/uploads\/2023\/09\/AdobeStock_450344524-scaled.jpeg\"><img loading=\"lazy\" decoding=\"async\" width=\"1199\" height=\"800\" src=\"https:\/\/yithcompare.321dev.ch\/wp-content\/uploads\/2023\/09\/AdobeStock_450344524-1199x800.jpeg\" alt=\"R\u00e9colte caf\u00e9 : r\u00e9mun\u00e9ration juste et conditions favorables\" class=\"wp-image-42419\" srcset=\"https:\/\/yithcompare.321dev.ch\/wp-content\/uploads\/2023\/09\/AdobeStock_450344524-1199x800.jpeg 1199w, https:\/\/yithcompare.321dev.ch\/wp-content\/uploads\/2023\/09\/AdobeStock_450344524-600x400.jpeg 600w, https:\/\/yithcompare.321dev.ch\/wp-content\/uploads\/2023\/09\/AdobeStock_450344524-768x512.jpeg 768w, https:\/\/yithcompare.321dev.ch\/wp-content\/uploads\/2023\/09\/AdobeStock_450344524-1536x1025.jpeg 1536w, https:\/\/yithcompare.321dev.ch\/wp-content\/uploads\/2023\/09\/AdobeStock_450344524-scaled.jpeg 2048w, https:\/\/yithcompare.321dev.ch\/wp-content\/uploads\/2023\/09\/AdobeStock_450344524-510x340.jpeg 510w\" sizes=\"auto, (max-width: 1199px) 100vw, 1199px\" \/><\/a><\/figure><\/div><div style=\"height:50px\" aria-hidden=\"true\" class=\"wp-block-spacer\"><\/div><h3 class=\"wp-block-heading\">3. Transformation : minimiser l&rsquo;impact \u00e9cologique<\/h3><p>La transformation du caf\u00e9 \u2014 s\u00e9chage, torr\u00e9faction, emballage \u2014 est effectu\u00e9e en respectant l&rsquo;environnement. L&rsquo;accent est mis sur la r\u00e9duction de l&#8217;empreinte \u00e9cologique et du gaspillage.<\/p><h3 class=\"wp-block-heading\">4. Distribution : garantir une cha\u00eene \u00e9thique<\/h3><p>Lorsque vous achetez un caf\u00e9 labellis\u00e9 Fairtrade\/Max Havelaar, c&rsquo;est la garantie d&rsquo;un produit ayant travers\u00e9 une cha\u00eene \u00e9thique, tout en soutenant les communaut\u00e9s productrices \u00e0 travers l&rsquo;\u00e9ducation et le d\u00e9veloppement durable.<\/p><p>Chaque \u00e9tape, de la graine \u00e0 la tasse, refl\u00e8te une d\u00e9cision \u00e9thique. Voil\u00e0 la promesse d&rsquo;une gorg\u00e9e de caf\u00e9 \u00e9quitable.<\/p><h2 class=\"wp-block-heading\">Le label Fairtrade\/Max Havelaar : plus qu&rsquo;une simple \u00e9tiquette<\/h2><h3 class=\"wp-block-heading\">L&rsquo;essence du label<\/h3><p>Le label Fairtrade\/Max Havelaar est un symbole reconnaissable entre mille, mais il est bien plus que cette simple \u00e9tiquette appos\u00e9e sur votre paquet de caf\u00e9. Chaque fois que vous voyez ce label, cela signifie que les producteurs ont \u00e9t\u00e9 pay\u00e9s un prix \u00e9quitable pour leur travail. C&rsquo;est une garantie que derri\u00e8re chaque grain de caf\u00e9, il y a une histoire de justice, d&rsquo;\u00e9galit\u00e9 et de durabilit\u00e9.<\/p><h3 class=\"wp-block-heading\">Design et couleur : un message subliminal<\/h3><p>Quant au design distinctif sur fond noir ou blanc, il est l\u00e0 pour se d\u00e9marquer. Le noir repr\u00e9sente la rigueur, la solidit\u00e9 des engagements, tandis que le blanc \u00e9voque la transparence, la puret\u00e9 des intentions. Ainsi, en choisissant un caf\u00e9 arborant ce label, vous n&rsquo;achetez pas simplement une boisson, mais vous contribuez activement \u00e0 une cha\u00eene de production respectueuse et \u00e9thique, soutenant les agriculteurs dans leur qu\u00eate d&rsquo;une vie meilleure.<\/p><h2 class=\"wp-block-heading\">Pourquoi Fairtrade\/Max Havelaar se distingue<\/h2><h3 class=\"wp-block-heading\">Un engagement in\u00e9gal\u00e9<\/h3><p>Alors que le march\u00e9 regorge de divers labels \u00e9thiques, Fairtrade\/Max Havelaar se d\u00e9marque par son engagement ind\u00e9fectible envers les producteurs. Au lieu de se contenter d&rsquo;une approche superficielle, ce label va plus loin, assurant, simultan\u00e9ment, une r\u00e9mun\u00e9ration \u00e9quitable aux agriculteurs, et en leur fournissant les ressources n\u00e9cessaires pour d\u00e9velopper durablement leurs communaut\u00e9s.<\/p><h3 class=\"wp-block-heading\">Au-del\u00e0 de la simple \u00e9thique<\/h3><p>Ce qui rend Fairtrade\/Max Havelaar unique, c&rsquo;est sa vision holistique de la durabilit\u00e9. Il ne s&rsquo;agit pas uniquement de s&rsquo;assurer que les agriculteurs re\u00e7oivent un salaire d\u00e9cent, mais \u00e9galement qu&rsquo;ils ont acc\u00e8s \u00e0 des formations, des outils et des pratiques agricoles durables.&nbsp;<\/p><p>Ainsi, en soutenant ce label, vous appuyez une initiative qui vise un changement r\u00e9el et tangible dans l&rsquo;industrie du caf\u00e9, tout en promouvant une consommation responsable.<\/p><div class=\"wp-block-image\"><figure class=\"aligncenter size-large\"><a href=\"https:\/\/yithcompare.321dev.ch\/wp-content\/uploads\/2023\/09\/AdobeStock_129236915-scaled.jpeg\"><img loading=\"lazy\" decoding=\"async\" width=\"1200\" height=\"800\" src=\"https:\/\/yithcompare.321dev.ch\/wp-content\/uploads\/2023\/09\/AdobeStock_129236915-1200x800.jpeg\" alt=\"caf\u00e9 \u00e9quitable\" class=\"wp-image-42422\" srcset=\"https:\/\/yithcompare.321dev.ch\/wp-content\/uploads\/2023\/09\/AdobeStock_129236915-1200x800.jpeg 1200w, https:\/\/yithcompare.321dev.ch\/wp-content\/uploads\/2023\/09\/AdobeStock_129236915-600x400.jpeg 600w, https:\/\/yithcompare.321dev.ch\/wp-content\/uploads\/2023\/09\/AdobeStock_129236915-768x512.jpeg 768w, https:\/\/yithcompare.321dev.ch\/wp-content\/uploads\/2023\/09\/AdobeStock_129236915-1536x1024.jpeg 1536w, https:\/\/yithcompare.321dev.ch\/wp-content\/uploads\/2023\/09\/AdobeStock_129236915-scaled.jpeg 2048w, https:\/\/yithcompare.321dev.ch\/wp-content\/uploads\/2023\/09\/AdobeStock_129236915-510x340.jpeg 510w\" sizes=\"auto, (max-width: 1200px) 100vw, 1200px\" \/><\/a><\/figure><\/div><div style=\"height:52px\" aria-hidden=\"true\" class=\"wp-block-spacer\"><\/div><h2 class=\"wp-block-heading\">Le caf\u00e9 \u00e9quitable aujourd&rsquo;hui : une tendance croissante<\/h2><p>Depuis ses d\u00e9buts modestes, le mouvement du caf\u00e9 \u00e9quitable a connu une croissance exponentielle. Aujourd&rsquo;hui, il joue un r\u00f4le primordial sur la sc\u00e8ne mondiale du caf\u00e9, en particulier dans les pays dominant la production, tels que le <a href=\"https:\/\/yithcompare.321dev.ch\/fr\/categorie-produit\/cafe\/brasil\/\">Br\u00e9sil<\/a>, <a href=\"https:\/\/yithcompare.321dev.ch\/fr\/categorie-produit\/cafe\/colombie\/\">la Colombie<\/a>, ou <a href=\"https:\/\/yithcompare.321dev.ch\/fr\/lexcellence-du-cafe-mexicain-un-engagement-bio-et-equitable\/\">le Mexique<\/a>. Ces nations, traditionnellement reconnues pour leur riche patrimoine caf\u00e9ier, ont vu une augmentation significative des exploitations certifi\u00e9es \u00e9quitables.\u00a0<\/p><p>Cette \u00e9volution traduit non seulement un changement de mentalit\u00e9 des producteurs, mais \u00e9galement une demande croissante des consommateurs pour un caf\u00e9 plus \u00e9thique. En effet, le caf\u00e9 \u00e9quitable est bien plus qu&rsquo;une mode : il est le reflet d&rsquo;un march\u00e9 mondial de plus en plus conscient de ses responsabilit\u00e9s \u00e9thiques et environnementales.<\/p><h2 class=\"wp-block-heading\">\u00c9thique et aromatique : l&rsquo;invitation gustative du caf\u00e9 \u00e9quitable Esperanza<\/h2><p>Le caf\u00e9 \u00e9quitable se distingue par son \u00e9thique et par ses qualit\u00e9s gustatives in\u00e9gal\u00e9es. Cultiv\u00e9 dans le respect de l&rsquo;environnement et des travailleurs, chaque grain porte en lui l&rsquo;authenticit\u00e9 de son terroir. La d\u00e9gustation d&rsquo;un caf\u00e9 \u00e9quitable nous offre souvent des nuances riches, une palette aromatique profonde et une fra\u00eecheur pr\u00e9serv\u00e9e.&nbsp;<\/p><p>Ces traits distinctifs proviennent des m\u00e9thodes de culture durable et des relations directes avec les producteurs, qui s&rsquo;engagent \u00e0 produire le meilleur caf\u00e9 tout en pr\u00e9servant la nature et les communaut\u00e9s.<\/p><p>Envie de faire l&rsquo;exp\u00e9rience vous-m\u00eame\u202f? Explorez <a href=\"https:\/\/yithcompare.321dev.ch\/fr\/categorie-produit\/cafe\/cafe-en-grains\/\">les grains de caf\u00e9 Esperanza<\/a>, qui b\u00e9n\u00e9ficient du prestigieux label \u00e9quitable Fairtrade Max Havelaar, et d\u00e9couvrez une saveur qui transcende le go\u00fbt.<\/p>","protected":false},"excerpt":{"rendered":"<p>Le caf\u00e9, bien plus qu&rsquo;un simple rituel matinal, est un voyage \u00e0 travers des cultures, des engagements profonds et, h\u00e9las, des in\u00e9galit\u00e9s. Chaque tasse refl\u00e8te un choix : une affirmation de nos valeurs dans un monde dans lequel chaque achat compte.&nbsp; Le caf\u00e9 \u00e9quitable, port\u00e9 par des piliers comme Fairtrade\/Max Havelaar, est plus qu&rsquo;une pr\u00e9f\u00e9rence [&hellip;]<\/p>\n","protected":false},"author":6990,"featured_media":42417,"comment_status":"open","ping_status":"open","sticky":false,"template":"","format":"standard","meta":{"footnotes":""},"categories":[1],"tags":[],"class_list":["post-42409","post","type-post","status-publish","format-standard","has-post-thumbnail","hentry","category-news-esperanza"],"_links":{"self":[{"href":"https:\/\/yithcompare.321dev.ch\/fr\/wp-json\/wp\/v2\/posts\/42409","targetHints":{"allow":["GET"]}}],"collection":[{"href":"https:\/\/yithcompare.321dev.ch\/fr\/wp-json\/wp\/v2\/posts"}],"about":[{"href":"https:\/\/yithcompare.321dev.ch\/fr\/wp-json\/wp\/v2\/types\/post"}],"author":[{"embeddable":true,"href":"https:\/\/yithcompare.321dev.ch\/fr\/wp-json\/wp\/v2\/users\/6990"}],"replies":[{"embeddable":true,"href":"https:\/\/yithcompare.321dev.ch\/fr\/wp-json\/wp\/v2\/comments?post=42409"}],"version-history":[{"count":0,"href":"https:\/\/yithcompare.321dev.ch\/fr\/wp-json\/wp\/v2\/posts\/42409\/revisions"}],"wp:featuredmedia":[{"embeddable":true,"href":"https:\/\/yithcompare.321dev.ch\/fr\/wp-json\/wp\/v2\/media\/42417"}],"wp:attachment":[{"href":"https:\/\/yithcompare.321dev.ch\/fr\/wp-json\/wp\/v2\/media?parent=42409"}],"wp:term":[{"taxonomy":"category","embeddable":true,"href":"https:\/\/yithcompare.321dev.ch\/fr\/wp-json\/wp\/v2\/categories?post=42409"},{"taxonomy":"post_tag","embeddable":true,"href":"https:\/\/yithcompare.321dev.ch\/fr\/wp-json\/wp\/v2\/tags?post=42409"}],"curies":[{"name":"wp","href":"https:\/\/api.w.org\/{rel}","templated":true}]}}