{"id":42341,"date":"2023-09-28T11:03:31","date_gmt":"2023-09-28T09:03:31","guid":{"rendered":"https:\/\/esperanza.ch\/?p=42341"},"modified":"2024-11-21T11:09:57","modified_gmt":"2024-11-21T09:09:57","slug":"palette-des-grains-de-cafe-couleurs-torrefaction","status":"publish","type":"post","link":"https:\/\/yithcompare.321dev.ch\/fr\/palette-des-grains-de-cafe-couleurs-torrefaction\/","title":{"rendered":"La palette des grains de caf\u00e9 : voyage \u00e0 travers les couleurs de la torr\u00e9faction"},"content":{"rendered":"<p>Pour d&rsquo;innombrables passionn\u00e9s, le caf\u00e9 est bien plus qu&rsquo;une simple boisson, c&rsquo;est un rituel. Pourtant, l&rsquo;origine v\u00e9ritable de ces ar\u00f4mes s\u00e9duisants demeure un myst\u00e8re pour beaucoup. Du grain dans son \u00e9tat brut \u00e0 la riche gamme chromatique induite par la torr\u00e9faction, il y a tout un monde d&rsquo;art et de science \u00e0 explorer.&nbsp;<\/p><p>Chaque nuance est le t\u00e9moin silencieux de sa torr\u00e9faction, fa\u00e7onnant son ar\u00f4me et son go\u00fbt. Plus les grains sont torr\u00e9fi\u00e9s, plus ils deviennent fonc\u00e9s et amers. Si vous \u00eates un amateur de caf\u00e9, il est important de comprendre comment la couleur des grains affecte le go\u00fbt.<\/p><p>Rejoignez-nous pour d\u00e9couvrir les secrets de ces nuances, et pour une immersion profonde dans la richesse et la complexit\u00e9 qui se cachent derri\u00e8re chaque tasse.<\/p><h2 class=\"wp-block-heading\"><strong>Pourquoi la couleur du grain de caf\u00e9 est importante ?<\/strong><\/h2><p>La couleur du grain de caf\u00e9 est plus qu&rsquo;un simple aspect visuel ; elle est le miroir de son essence, r\u00e9v\u00e9lant la profondeur et l&rsquo;intensit\u00e9 de sa torr\u00e9faction. Lorsque nous parlons de grains de caf\u00e9, la plupart imaginent instinctivement des perles brunes ou noires. Cependant, le grain de caf\u00e9 brut est, \u00e0 l&rsquo;origine, vert. C&rsquo;est le processus de <a href=\"https:\/\/yithcompare.321dev.ch\/fr\/les-coulisses-de-la-torrefaction-artisanale\/\">torr\u00e9faction <\/a>qui lui conf\u00e8re ses teintes vari\u00e9es, allant du beige clair au noir charbon.<\/p><p>Mais, cette m\u00e9tamorphose chromatique ne s&rsquo;arr\u00eate pas \u00e0 l&rsquo;aspect esth\u00e9tique. En effet, \u00e0 chaque \u00e9tape de la torr\u00e9faction, les grains subissent des r\u00e9actions chimiques qui lib\u00e8rent et transforment leurs compos\u00e9s aromatiques.&nbsp;<\/p><p>Un grain l\u00e9g\u00e8rement torr\u00e9fi\u00e9 peut d\u00e9gager des ar\u00f4mes floraux ou fruit\u00e9s, alors qu&rsquo;un grain fortement torr\u00e9fi\u00e9 peut \u00e9voquer des notes de caramel, de chocolat ou m\u00eame de tabac. Cette palette de couleurs est donc le guide direct de la palette gustative qu&rsquo;elle repr\u00e9sente. Pour un amateur de caf\u00e9, comprendre cette relation entre couleur et saveur est essentiel pour d\u00e9celer et appr\u00e9cier la complexit\u00e9 de chaque tasse.<\/p><h2 class=\"wp-block-heading\"><strong>Le grain de caf\u00e9 vert : pr\u00e9lude \u00e0 l&rsquo;art de la torr\u00e9faction<\/strong><\/h2><p>Avant d&rsquo;\u00eatre soumis \u00e0 la chaleur intense de la torr\u00e9faction, les grains de caf\u00e9 arborent une teinte verd\u00e2tre, t\u00e9moignant de leur origine v\u00e9g\u00e9tale. Cette couleur est principalement attribuable \u00e0 la chlorophylle pr\u00e9sente dans les grains crus. \u00c0 l&rsquo;\u00e9tat brut, ces grains ont une saveur principalement herbac\u00e9e, astringente et m\u00eame parfois l\u00e9g\u00e8rement poivr\u00e9e, loin du go\u00fbt que nous associons au caf\u00e9. Il est fascinant de comprendre que c&rsquo;est le processus de torr\u00e9faction, en br\u00fblant la chlorophylle et en provoquant une myriade de r\u00e9actions chimiques, qui r\u00e9v\u00e8le la complexit\u00e9 des ar\u00f4mes qui font la renomm\u00e9e mondiale du caf\u00e9.<\/p><p>En comprenant cette transition, de la nature brute du grain \u00e0 sa version torr\u00e9fi\u00e9e, nous appr\u00e9cions d&rsquo;autant plus l&rsquo;expertise et le savoir-faire n\u00e9cessaires \u00e0 la cr\u00e9ation de chaque tasse de caf\u00e9.<\/p><div class=\"wp-block-image\"><figure class=\"aligncenter size-large\"><a href=\"https:\/\/yithcompare.321dev.ch\/wp-content\/uploads\/2023\/09\/AdobeStock_306012866-1-scaled.jpeg\"><img loading=\"lazy\" decoding=\"async\" width=\"1200\" height=\"800\" src=\"https:\/\/yithcompare.321dev.ch\/wp-content\/uploads\/2023\/09\/AdobeStock_306012866-1-1200x800.jpeg\" alt=\"grain de caf\u00e9 vert\" class=\"wp-image-42350\" srcset=\"https:\/\/yithcompare.321dev.ch\/wp-content\/uploads\/2023\/09\/AdobeStock_306012866-1-1200x800.jpeg 1200w, https:\/\/yithcompare.321dev.ch\/wp-content\/uploads\/2023\/09\/AdobeStock_306012866-1-600x400.jpeg 600w, https:\/\/yithcompare.321dev.ch\/wp-content\/uploads\/2023\/09\/AdobeStock_306012866-1-768x512.jpeg 768w, https:\/\/yithcompare.321dev.ch\/wp-content\/uploads\/2023\/09\/AdobeStock_306012866-1-1536x1024.jpeg 1536w, https:\/\/yithcompare.321dev.ch\/wp-content\/uploads\/2023\/09\/AdobeStock_306012866-1-scaled.jpeg 2048w, https:\/\/yithcompare.321dev.ch\/wp-content\/uploads\/2023\/09\/AdobeStock_306012866-1-510x340.jpeg 510w\" sizes=\"auto, (max-width: 1200px) 100vw, 1200px\" \/><\/a><\/figure><\/div><div style=\"height:50px\" aria-hidden=\"true\" class=\"wp-block-spacer\"><\/div><h2 class=\"wp-block-heading\"><strong>Des premiers \u00e9clats \u00e0 l&rsquo;or jaune : l&rsquo;\u00e9veil de la torr\u00e9faction<\/strong><\/h2><p>Lorsque ces grains verts sont lentement chauff\u00e9s, ils subissent une transformation spectaculaire. La couleur verte commence progressivement \u00e0 changer \u00e0 environ 140 degr\u00e9s Celsius et \u00e0 environ 165 degr\u00e9s, elle commence \u00e0 para\u00eetre plus jaun\u00e2tre.<\/p><p>Passant d&rsquo;un vert vif \u00e0 un jaune dor\u00e9, ils commencent \u00e0 lib\u00e9rer des ar\u00f4mes rappelant le pain grill\u00e9 ou le foin. Cette \u00e9tape marque le d\u00e9but de la caram\u00e9lisation, o\u00f9 les sucres naturels contenus dans le grain commencent \u00e0 brunir, offrant ainsi des nuances gustatives plus douces.<\/p><h2 class=\"wp-block-heading\"><strong>Du dor\u00e9 au brun : la transformation subtile des grains de caf\u00e9<\/strong><\/h2><p>En continuant sur la voie de la torr\u00e9faction, le grain entre dans une phase de brunissement. Cette \u00e9tape, souvent qualifi\u00e9e de torr\u00e9faction \u00ab m\u00e9dium \u00bb, voit le grain adopter des teintes de caramel, de chocolat au lait, et parfois m\u00eame de fruits secs. Ces nuances sont tr\u00e8s appr\u00e9ci\u00e9es par ceux qui recherchent un \u00e9quilibre entre acidit\u00e9 et douceur dans leur caf\u00e9.<\/p><h2 class=\"wp-block-heading\"><strong>Les myst\u00e8res des caf\u00e9s torr\u00e9fi\u00e9s fonc\u00e9s<\/strong><\/h2><p>La torr\u00e9faction ne s&rsquo;arr\u00eate pas au brun moyen. En poussant le processus encore plus loin, les grains adoptent une couleur sombre, presque noire, et une surface huileuse. Cette phase, souvent associ\u00e9e aux expressos et autres caf\u00e9s forts, offre des notes profondes de chocolat noir, de r\u00e9glisse, et parfois m\u00eame de tabac. Bien qu&rsquo;elle ne soit pas du go\u00fbt de tous, elle a ses fervents adeptes.<\/p><div class=\"wp-block-image\"><figure class=\"aligncenter size-large\"><a href=\"https:\/\/yithcompare.321dev.ch\/wp-content\/uploads\/2023\/09\/AdobeStock_490017880-1-scaled.jpeg\"><img loading=\"lazy\" decoding=\"async\" width=\"1200\" height=\"800\" src=\"https:\/\/yithcompare.321dev.ch\/wp-content\/uploads\/2023\/09\/AdobeStock_490017880-1-1200x800.jpeg\" alt=\"caf\u00e9s torr\u00e9fi\u00e9s fonc\u00e9s\" class=\"wp-image-42366\" srcset=\"https:\/\/yithcompare.321dev.ch\/wp-content\/uploads\/2023\/09\/AdobeStock_490017880-1-1200x800.jpeg 1200w, https:\/\/yithcompare.321dev.ch\/wp-content\/uploads\/2023\/09\/AdobeStock_490017880-1-600x400.jpeg 600w, https:\/\/yithcompare.321dev.ch\/wp-content\/uploads\/2023\/09\/AdobeStock_490017880-1-768x512.jpeg 768w, https:\/\/yithcompare.321dev.ch\/wp-content\/uploads\/2023\/09\/AdobeStock_490017880-1-1536x1024.jpeg 1536w, https:\/\/yithcompare.321dev.ch\/wp-content\/uploads\/2023\/09\/AdobeStock_490017880-1-scaled.jpeg 2048w, https:\/\/yithcompare.321dev.ch\/wp-content\/uploads\/2023\/09\/AdobeStock_490017880-1-510x340.jpeg 510w\" sizes=\"auto, (max-width: 1200px) 100vw, 1200px\" \/><\/a><\/figure><\/div><div style=\"height:50px\" aria-hidden=\"true\" class=\"wp-block-spacer\"><\/div><h2 class=\"wp-block-heading\"><strong>Noir carbonis\u00e9 : quand la torr\u00e9faction pousse les grains \u00e0 l&rsquo;extr\u00eame<\/strong><\/h2><p>Il y a une fine ligne entre un grain parfaitement torr\u00e9fi\u00e9 et un grain br\u00fbl\u00e9. Pousser la torr\u00e9faction \u00e0 ses limites extr\u00eames donne des grains noirs carbonis\u00e9s, avec un go\u00fbt intense et fr\u00e9quemment amer. Ces grains sont parfois recherch\u00e9s pour des m\u00e9langes sp\u00e9cifiques ou pour ceux qui aiment un go\u00fbt fort et cors\u00e9.&nbsp;<\/p><h2 class=\"wp-block-heading\"><strong>La qu\u00eate du caf\u00e9 parfait : s\u00e9lectionnez les caf\u00e9s torr\u00e9fi\u00e9s selon vos pr\u00e9f\u00e9rences gustatives<\/strong><\/h2><p>Chaque palais est unique. Que vous soyez attir\u00e9 par l&rsquo;acidit\u00e9 d&rsquo;une torr\u00e9faction claire, ou par la profondeur d&rsquo;une torr\u00e9faction sombre, le grain a beaucoup \u00e0 r\u00e9v\u00e9ler. En comprenant la relation entre la couleur du grain et sa saveur, vous pouvez affiner votre choix de caf\u00e9, assurant ainsi une exp\u00e9rience gustative parfaite \u00e0 chaque fois.<\/p><div class=\"wp-block-image\"><figure class=\"aligncenter size-large\"><a href=\"https:\/\/yithcompare.321dev.ch\/wp-content\/uploads\/2023\/09\/AdobeStock_112206190-1-scaled.jpeg\"><img loading=\"lazy\" decoding=\"async\" width=\"1348\" height=\"800\" src=\"https:\/\/yithcompare.321dev.ch\/wp-content\/uploads\/2023\/09\/AdobeStock_112206190-1-1348x800.jpeg\" alt=\"les caf\u00e9s torr\u00e9fi\u00e9s selon vos pr\u00e9f\u00e9rences gustatives\" class=\"wp-image-42347\" srcset=\"https:\/\/yithcompare.321dev.ch\/wp-content\/uploads\/2023\/09\/AdobeStock_112206190-1-1348x800.jpeg 1348w, https:\/\/yithcompare.321dev.ch\/wp-content\/uploads\/2023\/09\/AdobeStock_112206190-1-674x400.jpeg 674w, https:\/\/yithcompare.321dev.ch\/wp-content\/uploads\/2023\/09\/AdobeStock_112206190-1-768x456.jpeg 768w, https:\/\/yithcompare.321dev.ch\/wp-content\/uploads\/2023\/09\/AdobeStock_112206190-1-1536x911.jpeg 1536w, https:\/\/yithcompare.321dev.ch\/wp-content\/uploads\/2023\/09\/AdobeStock_112206190-1-scaled.jpeg 2048w, https:\/\/yithcompare.321dev.ch\/wp-content\/uploads\/2023\/09\/AdobeStock_112206190-1-510x303.jpeg 510w\" sizes=\"auto, (max-width: 1348px) 100vw, 1348px\" \/><\/a><\/figure><\/div><div style=\"height:50px\" aria-hidden=\"true\" class=\"wp-block-spacer\"><\/div><p>Voici quelques conseils pour choisir la bonne torr\u00e9faction pour votre caf\u00e9 :<\/p><ul class=\"wp-block-list\"><li>Si vous aimez le caf\u00e9 avec une acidit\u00e9 prononc\u00e9e et des notes florales ou fruit\u00e9es, choisissez une torr\u00e9faction tr\u00e8s claire ou claire.<\/li>\n\n<li>Si vous appr\u00e9ciez le caf\u00e9 avec un \u00e9quilibre entre acidit\u00e9 et corps, choisissez une torr\u00e9faction moyenne.<\/li>\n\n<li>Si vous adorez le caf\u00e9 avec un corps cors\u00e9 et des notes d&rsquo;amertume, choisissez une torr\u00e9faction fonc\u00e9e.<\/li>\n\n<li>Si vous aimez le caf\u00e9 avec une saveur intense et des notes d&rsquo;amertume et de caramel, choisissez une torr\u00e9faction extra fonc\u00e9e.<\/li><\/ul><p>Explorez les nuances et les degr\u00e9s de torr\u00e9faction avec la s\u00e9lection d&rsquo;Esperanza, <a href=\"https:\/\/yithcompare.321dev.ch\/fr\/le-duo-cafe-certifie-et-labellise-lengagement-vers-lexcellence-ethique\/\">des caf\u00e9s \u00e9quitables Fairtrade Max Havelaar<\/a>, artisanalement torr\u00e9fi\u00e9s et savamment conditionn\u00e9s pour un ar\u00f4me pr\u00e9serv\u00e9.&nbsp;<\/p><p><strong><em>Trouvez le grain qui vous ressemble dans <a href=\"https:\/\/yithcompare.321dev.ch\/fr\/categorie-produit\/cafe\/cafe-en-grains\/\">notre collection exquise<\/a>.<\/em><\/strong><\/p>","protected":false},"excerpt":{"rendered":"<p>Pour d&rsquo;innombrables passionn\u00e9s, le caf\u00e9 est bien plus qu&rsquo;une simple boisson, c&rsquo;est un rituel. Pourtant, l&rsquo;origine v\u00e9ritable de ces ar\u00f4mes s\u00e9duisants demeure un myst\u00e8re pour beaucoup. Du grain dans son \u00e9tat brut \u00e0 la riche gamme chromatique induite par la torr\u00e9faction, il y a tout un monde d&rsquo;art et de science \u00e0 explorer.&nbsp; Chaque nuance [&hellip;]<\/p>\n","protected":false},"author":6990,"featured_media":42353,"comment_status":"open","ping_status":"open","sticky":false,"template":"","format":"standard","meta":{"footnotes":""},"categories":[1],"tags":[],"class_list":["post-42341","post","type-post","status-publish","format-standard","has-post-thumbnail","hentry","category-news-esperanza"],"_links":{"self":[{"href":"https:\/\/yithcompare.321dev.ch\/fr\/wp-json\/wp\/v2\/posts\/42341","targetHints":{"allow":["GET"]}}],"collection":[{"href":"https:\/\/yithcompare.321dev.ch\/fr\/wp-json\/wp\/v2\/posts"}],"about":[{"href":"https:\/\/yithcompare.321dev.ch\/fr\/wp-json\/wp\/v2\/types\/post"}],"author":[{"embeddable":true,"href":"https:\/\/yithcompare.321dev.ch\/fr\/wp-json\/wp\/v2\/users\/6990"}],"replies":[{"embeddable":true,"href":"https:\/\/yithcompare.321dev.ch\/fr\/wp-json\/wp\/v2\/comments?post=42341"}],"version-history":[{"count":0,"href":"https:\/\/yithcompare.321dev.ch\/fr\/wp-json\/wp\/v2\/posts\/42341\/revisions"}],"wp:featuredmedia":[{"embeddable":true,"href":"https:\/\/yithcompare.321dev.ch\/fr\/wp-json\/wp\/v2\/media\/42353"}],"wp:attachment":[{"href":"https:\/\/yithcompare.321dev.ch\/fr\/wp-json\/wp\/v2\/media?parent=42341"}],"wp:term":[{"taxonomy":"category","embeddable":true,"href":"https:\/\/yithcompare.321dev.ch\/fr\/wp-json\/wp\/v2\/categories?post=42341"},{"taxonomy":"post_tag","embeddable":true,"href":"https:\/\/yithcompare.321dev.ch\/fr\/wp-json\/wp\/v2\/tags?post=42341"}],"curies":[{"name":"wp","href":"https:\/\/api.w.org\/{rel}","templated":true}]}}