{"id":39609,"date":"2023-05-04T12:35:44","date_gmt":"2023-05-04T10:35:44","guid":{"rendered":"https:\/\/esperanza.ch\/?p=39609"},"modified":"2025-01-17T16:22:46","modified_gmt":"2025-01-17T14:22:46","slug":"les-pauses-cafe-un-element-de-base-de-la-culture-dentreprise","status":"publish","type":"post","link":"https:\/\/yithcompare.321dev.ch\/fr\/les-pauses-cafe-un-element-de-base-de-la-culture-dentreprise\/","title":{"rendered":"Pause caf\u00e9 en entreprise : un moment cl\u00e9 pour le bien-\u00eatre au bureau"},"content":{"rendered":"<p><\/p><p>En qu\u00eate d\u2019un environnement de travail dynamique et chaleureux ? La solution se trouve dans la culture d\u2019entreprise. Parmi ses multiples composants, la pause caf\u00e9 se distingue. Elle favorise l\u2019\u00e9change, la collaboration et la d\u00e9tente.<\/p><p>Pr\u00e9parez-vous, car dans cet article, nous allons sonder l\u2019impact des pauses caf\u00e9 sur la culture d\u2019entreprise. Nous partagerons \u00e9galement des astuces imparables pour les incorporer avec brio dans votre organisation.<\/p><h2 class=\"wp-block-heading\"><strong>Un boost pour la productivit\u00e9 !<\/strong><\/h2><p>La pause caf\u00e9 repr\u00e9sente une v\u00e9ritable potion magique pour la productivit\u00e9 des collaborateurs. Elle offre une pause relaxante, permettant de recharger les batteries et d\u2019all\u00e9ger la fatigue mentale. \u00c0 la cl\u00e9 ? Des employ\u00e9s plus concentr\u00e9s et plus productifs \u00e0 leur retour au poste de travail. Les entreprises ont donc tout int\u00e9r\u00eat \u00e0 investir dans une<a href=\"https:\/\/yithcompare.321dev.ch\/fr\/pourquoi-chaque-entreprise-a-besoin-dune-machine-a-cafe-dentreprise\/\"> machine \u00e0 caf\u00e9 automatique<\/a>.<\/p><h2 class=\"wp-block-heading\"><strong>Un caf\u00e9 en entreprise : une conversation, des id\u00e9es en \u00e9bullition !<\/strong><\/h2><p>Les pauses-caf\u00e9 sont aussi le moteur de la communication entre les membres d\u2019une \u00e9quipe. Imaginez un lieu d\u00e9contract\u00e9 o\u00f9 les id\u00e9es voyagent librement, o\u00f9 les probl\u00e8mes trouvent leur solution naturellement. Les pauses-caf\u00e9 cr\u00e9ent ce havre de partage, de dialogue et de collaboration, renfor\u00e7ant ainsi les liens entre coll\u00e8gues et am\u00e9liorant la dynamique des \u00e9quipes.<\/p><h2 class=\"wp-block-heading\"><strong>Offrir un moment de d\u00e9tente bien m\u00e9rit\u00e9 autour de la machine \u00e0 caf\u00e9 !<\/strong><\/h2><p>La pause caf\u00e9 offre cette pr\u00e9cieuse opportunit\u00e9 de relaxation, de partage d\u2019un fou rire et de vivre des moments conviviaux. Ces parenth\u00e8ses de d\u00e9tente aident \u00e0 \u00e9panouir les collaborateurs, \u00e0 accro\u00eetre leur satisfaction ainsi que leur engagement envers l\u2019entreprise.<\/p><h2 class=\"wp-block-heading\"><strong>Des pauses-caf\u00e9 qui renforcent votre culture d\u2019entreprise !<\/strong><\/h2><p>R\u00eavez-vous d\u2019une culture d\u2019entreprise solide et unie ? Les pauses-caf\u00e9 sont le ciment qui la consolide. En organisant des moments de partage et de convivialit\u00e9, elles v\u00e9hiculent les valeurs de votre organisation et cr\u00e9ent un sentiment d\u2019appartenance chez vos collaborateurs. Des liens plus forts, des sourires partag\u00e9s, une \u00e9quipe soud\u00e9e !<\/p><h2 class=\"wp-block-heading\"><strong>Un espace d\u00e9di\u00e9, une ambiance chaleureuse pour l&rsquo;\u00e9quipe !<\/strong><\/h2><p>Pour promouvoir ces pauses-caf\u00e9 tant aim\u00e9es, am\u00e9nagez un espace sp\u00e9cialement con\u00e7u pour cela. Une salle de pause, une cuisine ou un coin <a href=\"https:\/\/yithcompare.321dev.ch\/fr\/categorie-produit\/cafe\/cafe-en-grains\/\">caf\u00e9<\/a> accueillant et confortable attireront vos collaborateurs et les inciteront \u00e0 partager des moments pr\u00e9cieux. Rien de tel qu\u2019un environnement chaleureux pour encourager les \u00e9changes et les interactions.<\/p><h2 class=\"wp-block-heading\"><strong>L\u2019art de l\u2019\u00e9quilibre dans la gestion du temps !<\/strong><\/h2><p>La gestion du temps de la pause caf\u00e9 est cruciale. Incitez vos collaborateurs \u00e0 prendre des pauses r\u00e9guli\u00e8res, mais veillez \u00e0 ce que cela ne freine pas leur productivit\u00e9. Trouver le bon \u00e9quilibre entre travail et pause est la cl\u00e9 pour une harmonie parfaite.<\/p><h2 class=\"wp-block-heading\"><strong>Des activit\u00e9s ludiques autour d&rsquo;un caf\u00e9 au bureau<\/strong><\/h2><p>Pour rendre la pause encore plus b\u00e9n\u00e9fique, n\u2019h\u00e9sitez pas \u00e0 proposer des activit\u00e9s ludiques et relaxantes. Des jeux de soci\u00e9t\u00e9, des ateliers cr\u00e9atifs ou m\u00eame des s\u00e9ances de m\u00e9ditation peuvent \u00eatre organis\u00e9s pour stimuler l\u2019esprit et favoriser la d\u00e9tente.<\/p><h2 class=\"wp-block-heading\"><strong>Th\u00e9matisez votre pause caf\u00e9 pour une ambiance enjou\u00e9e<\/strong><\/h2><p>Organiser des pauses sur des th\u00e8mes sp\u00e9cifiques peut injecter une dynamique positive et consolider l\u2019engagement des collaborateurs au sein de votre organisation. Que ce soient des \u00e9v\u00e9nements culturels, des c\u00e9l\u00e9brations festives ou des sujets d\u2019actualit\u00e9 captivants, les pauses-caf\u00e9 th\u00e9matiques piquent la curiosit\u00e9 et encouragent l\u2019apprentissage continu.<\/p><h2 class=\"wp-block-heading\"><strong>Int\u00e9gration des nouveaux talents : un succ\u00e8s pour l&#8217;employeur<\/strong><\/h2><p>Les pauses autour d&rsquo;une<a href=\"https:\/\/yithcompare.321dev.ch\/fr\/boissons-a-base-de-cafe\/\"> boisson caf\u00e9in\u00e9e<\/a> sont un excellent moyen de recevoir et d\u2019int\u00e9grer les nouveaux collaborateurs dans votre organisation. Elles leur offrent l\u2019opportunit\u00e9 de rencontrer leurs coll\u00e8gues et de tisser des liens professionnels et amicaux d\u00e8s leur arriv\u00e9e, facilitant ainsi leur transition en douceur.<\/p><h2 class=\"wp-block-heading\"><strong>C\u00e9l\u00e9brez les r\u00e9ussites avec une pause et un caf\u00e9 de qualit\u00e9<\/strong><\/h2><p>Enfin, les pauses-caf\u00e9 peuvent \u00eatre le moment id\u00e9al pour reconna\u00eetre et c\u00e9l\u00e9brer les r\u00e9ussites des collaborateurs. Organiser des moments de c\u00e9l\u00e9bration et de reconnaissance permet de valoriser les efforts de chacun et d\u2019encourager la motivation et l\u2019engagement au sein de votre \u00e9quipe.<\/p><h2 class=\"wp-block-heading\"><strong>FAQ<\/strong><\/h2><h3 class=\"wp-block-heading\"><strong>Quelle est la dur\u00e9e id\u00e9ale d\u2019une pause-caf\u00e9 ?<\/strong><\/h3><p>Il n\u2019y a pas de dur\u00e9e id\u00e9ale pour une pause-caf\u00e9, car cela d\u00e9pend des besoins et des pr\u00e9f\u00e9rences de chaque collaborateur. Cependant, une pause de 10 \u00e0 15 minutes toutes les deux heures est g\u00e9n\u00e9ralement recommand\u00e9e pour permettre une d\u00e9tente optimale sans nuire \u00e0 la productivit\u00e9.<\/p><h3 class=\"wp-block-heading\"><strong>Comment encourager les collaborateurs \u00e0 prendre des pauses-caf\u00e9 ?<\/strong><\/h3><p>Pour encourager les employ\u00e9s \u00e0 prendre des pauses autour de la<a href=\"https:\/\/yithcompare.321dev.ch\/fr\/categorie-produit\/machines-a-cafe\/jura-monde-du-cafe-particuliers\/\"> machine \u00e0 caf\u00e9<\/a>, il est crucial de cr\u00e9er un environnement propice et d\u2019adopter une politique de pause flexible. Sensibilisez vos collaborateurs sur les bienfaits des pauses et am\u00e9nagez un espace d\u00e9di\u00e9 confortable et accueillant. De plus, les managers peuvent montrer l\u2019exemple en prenant eux-m\u00eames des pauses r\u00e9guli\u00e8res.<\/p><h3 class=\"wp-block-heading\"><strong>Les pauses caf\u00e9 peuvent-elles nuire \u00e0 la productivit\u00e9 ?<\/strong><\/h3><p>Si elles sont bien g\u00e9r\u00e9es, ces pauses sont b\u00e9n\u00e9fiques pour la productivit\u00e9. Elles permettent aux collaborateurs de se d\u00e9tendre, de r\u00e9duire leur stress et de recharger leurs batteries mentales. Cependant, il est important de trouver un \u00e9quilibre entre le temps de travail et le temps de pause pour \u00e9viter que les pauses ne deviennent contre-productives.<\/p><h3 class=\"wp-block-heading\"><strong>Comment organiser des pauses caf\u00e9 th\u00e9matiques ?<\/strong><\/h3><p>Pour commencer, identifiez des sujets d\u2019int\u00e9r\u00eat pour vos collaborateurs ou des \u00e9v\u00e9nements en lien avec votre secteur d\u2019activit\u00e9. Pr\u00e9parez ensuite des \u00e9l\u00e9ments de d\u00e9coration,<a href=\"https:\/\/yithcompare.321dev.ch\/fr\/cafes-desserts-et-brunch-duo-gagnant-reveil-gourmand\/\"> des boissons ou des collations<\/a> en lien avec le th\u00e8me choisi. Vous pouvez \u00e9galement pr\u00e9voir des animations, des discussions ou des jeux pour rendre la pause encore plus attrayante.<\/p><h3 class=\"wp-block-heading\"><strong>Est-il n\u00e9cessaire d\u2019avoir un espace d\u00e9di\u00e9 pour les pauses caf\u00e9 ?<\/strong><\/h3><p>Un espace d\u00e9di\u00e9 favorise les interactions entre les collaborateurs et leur permet de se d\u00e9tacher momentan\u00e9ment de leur environnement de travail. Cependant, si l\u2019am\u00e9nagement d\u2019un tel espace n\u2019est pas possible, les collaborateurs peuvent toujours profiter des pauses en se r\u00e9unissant dans d\u2019autres espaces communs de l\u2019entreprise.<\/p>","protected":false},"excerpt":{"rendered":"<p>En qu\u00eate d\u2019un environnement de travail dynamique et chaleureux ? La solution se trouve dans la culture d\u2019entreprise. Parmi ses multiples composants, la pause caf\u00e9 se distingue. Elle favorise l\u2019\u00e9change, la collaboration et la d\u00e9tente. Pr\u00e9parez-vous, car dans cet article, nous allons sonder l\u2019impact des pauses caf\u00e9 sur la culture d\u2019entreprise. Nous partagerons \u00e9galement des [&hellip;]<\/p>\n","protected":false},"author":6990,"featured_media":39631,"comment_status":"open","ping_status":"open","sticky":false,"template":"","format":"standard","meta":{"footnotes":""},"categories":[1],"tags":[],"class_list":["post-39609","post","type-post","status-publish","format-standard","has-post-thumbnail","hentry","category-news-esperanza"],"_links":{"self":[{"href":"https:\/\/yithcompare.321dev.ch\/fr\/wp-json\/wp\/v2\/posts\/39609","targetHints":{"allow":["GET"]}}],"collection":[{"href":"https:\/\/yithcompare.321dev.ch\/fr\/wp-json\/wp\/v2\/posts"}],"about":[{"href":"https:\/\/yithcompare.321dev.ch\/fr\/wp-json\/wp\/v2\/types\/post"}],"author":[{"embeddable":true,"href":"https:\/\/yithcompare.321dev.ch\/fr\/wp-json\/wp\/v2\/users\/6990"}],"replies":[{"embeddable":true,"href":"https:\/\/yithcompare.321dev.ch\/fr\/wp-json\/wp\/v2\/comments?post=39609"}],"version-history":[{"count":0,"href":"https:\/\/yithcompare.321dev.ch\/fr\/wp-json\/wp\/v2\/posts\/39609\/revisions"}],"wp:featuredmedia":[{"embeddable":true,"href":"https:\/\/yithcompare.321dev.ch\/fr\/wp-json\/wp\/v2\/media\/39631"}],"wp:attachment":[{"href":"https:\/\/yithcompare.321dev.ch\/fr\/wp-json\/wp\/v2\/media?parent=39609"}],"wp:term":[{"taxonomy":"category","embeddable":true,"href":"https:\/\/yithcompare.321dev.ch\/fr\/wp-json\/wp\/v2\/categories?post=39609"},{"taxonomy":"post_tag","embeddable":true,"href":"https:\/\/yithcompare.321dev.ch\/fr\/wp-json\/wp\/v2\/tags?post=39609"}],"curies":[{"name":"wp","href":"https:\/\/api.w.org\/{rel}","templated":true}]}}