{"id":38943,"date":"2023-04-17T12:58:45","date_gmt":"2023-04-17T10:58:45","guid":{"rendered":"https:\/\/esperanza.ch\/?p=38943"},"modified":"2025-02-10T10:26:51","modified_gmt":"2025-02-10T08:26:51","slug":"cafe-et-lait-combinaison-puissante-meilleure-sante","status":"publish","type":"post","link":"https:\/\/yithcompare.321dev.ch\/fr\/cafe-et-lait-combinaison-puissante-meilleure-sante\/","title":{"rendered":"Le caf\u00e9 au lait : une combinaison puissante pour une meilleure sant\u00e9, selon une nouvelle recherche"},"content":{"rendered":"<p>Une \u00e9tude r\u00e9volutionnaire men\u00e9e au Royaume-Uni a r\u00e9v\u00e9l\u00e9 les incroyables bienfaits pour la sant\u00e9 de l\u2019association du lait et du caf\u00e9. Cet article se penche sur les r\u00e9sultats de la recherche et offre une vue d\u2019ensemble des avantages de ce m\u00e9lange apparemment simple. Pr\u00e9parez-vous \u00e0 d\u00e9couvrir le potentiel cach\u00e9 de votre<a href=\"https:\/\/yithcompare.321dev.ch\/fr\/maitriser-stabilite-temperature-espresso-parfait\/\"> tasse de caf\u00e9 quotidienne<\/a>.<\/p>\n<p>L\u2019\u00e9tude, fruit d\u2019une collaboration entre des institutions de recherche britanniques de premier plan, a analys\u00e9 les effets de l\u2019ajout de lait au caf\u00e9 sur la sant\u00e9 en g\u00e9n\u00e9ral. Plus de 3 000 participants ont \u00e9t\u00e9 suivis pendant une longue p\u00e9riode, ce qui a permis aux chercheurs de tirer des conclusions fiables.<\/p>\n<h2><b>Principales conclusions de l\u2019\u00e9tude<\/b><\/h2>\n<p>L\u2019une des conclusions les plus importantes de l\u2019\u00e9tude est le lien entre la consommation de lait et de <a href=\"https:\/\/yithcompare.321dev.ch\/fr\/categorie-produit\/cafe\/\">caf\u00e9<\/a> et la r\u00e9duction du risque de d\u00e9velopper des maladies chroniques. Il s\u2019agit notamment de la r\u00e9duction des risques de maladies cardiaques, de diab\u00e8te et m\u00eame de certains types de cancer.<\/p>\n<p>Bien que les r\u00e9sultats de l\u2019\u00e9tude soient prometteurs, il est essentiel de tenir compte des limites potentielles et des facteurs individuels. Des facteurs tels que l\u2019intol\u00e9rance au lactose, la sensibilit\u00e9 \u00e0 la caf\u00e9ine et les pr\u00e9f\u00e9rences personnelles peuvent influencer la d\u00e9cision de combiner le lait et le caf\u00e9.<\/p>\n<p>Cette recherche innovante a ouvert la voie \u00e0 d\u2019autres \u00e9tudes visant \u00e0 explorer les avantages du lait et du caf\u00e9. La poursuite des recherches pourrait potentiellement r\u00e9v\u00e9ler d\u2019autres avantages et aider \u00e0 affiner les recommandations pour une consommation optimale.<\/p>\n<h2><b>Les bienfaits du caf\u00e9 au lait : des ingr\u00e9dients r\u00e9confortants<\/b><\/h2>\n<h3><b>Le pouvoir des antioxydants<\/b><\/h3>\n<p>Les <a href=\"https:\/\/yithcompare.321dev.ch\/fr\/les-5-bienfaits-du-cafe\/\" target=\"_blank\" rel=\"noopener\">bienfaits du caf\u00e9<\/a> pour la sant\u00e9 sont depuis longtemps attribu\u00e9s \u00e0 sa forte teneur en antioxydants. Les antioxydants prot\u00e8gent l\u2019organisme des effets nocifs des radicaux libres, qui peuvent provoquer un stress oxydatif et contribuer \u00e0 divers probl\u00e8mes de sant\u00e9. L\u2019ajout de lait au caf\u00e9 semble renforcer ces propri\u00e9t\u00e9s antioxydantes.<\/p>\n<h3><b>Le r\u00f4le du lait dans l\u2019absorption des nutriments<\/b><\/h3>\n<p>Le lait, source naturelle de calcium, de vitamine D et d\u2019autres nutriments essentiels, joue un r\u00f4le crucial dans le processus d\u2019absorption des nutriments par l\u2019organisme. Associ\u00e9s au caf\u00e9, les nutriments du lait sont plus facilement absorb\u00e9s par l\u2019organisme, ce qui se traduit par une am\u00e9lioration de l\u2019\u00e9tat de sant\u00e9 g\u00e9n\u00e9ral.<\/p>\n<h3><b>Combattre l\u2019inflammation<\/b><\/h3>\n<p>L\u2019\u00e9tude a \u00e9galement r\u00e9v\u00e9l\u00e9 que la combinaison lait-caf\u00e9 avait un impact positif sur les niveaux d\u2019inflammation. La r\u00e9duction de l\u2019inflammation est li\u00e9e \u00e0 un risque plus faible de d\u00e9velopper des maladies chroniques et peut contribuer \u00e0 l\u2019am\u00e9lioration de la sant\u00e9 et du bien-\u00eatre en g\u00e9n\u00e9ral.<\/p>\n<h3><b>Am\u00e9lioration de la fonction cognitive<\/b><\/h3>\n<p>La corr\u00e9lation entre la consommation de lait et de caf\u00e9 et l\u2019am\u00e9lioration des fonctions cognitives est un autre r\u00e9sultat remarquable. Les participants qui consommaient r\u00e9guli\u00e8rement du lait avec leur caf\u00e9 avaient une meilleure m\u00e9moire et une meilleure concentration, ce qui sugg\u00e8re que cette combinaison pourrait potentiellement am\u00e9liorer la sant\u00e9 du cerveau.<\/p>\n<h3><b>Avantages pour la gestion du poids<\/b><\/h3>\n<p>Outre les nombreux bienfaits pour la sant\u00e9, la recherche a \u00e9galement mis en \u00e9vidence les avantages potentiels du duo lait-caf\u00e9 en mati\u00e8re de gestion du poids. Le m\u00e9lange semble augmenter la sensation de sati\u00e9t\u00e9, ce qui pourrait conduire \u00e0 un meilleur contr\u00f4le des portions et \u00e0 une meilleure gestion du poids.<\/p>\n<h2><b>D\u00e9couvrez nos recettes pour pr\u00e9parer un caf\u00e9 au lait<\/b><\/h2>\n<p>Vous voulez tester diff\u00e9rentes boissons \u00e0 base d&rsquo;expresso avec une touche lact\u00e9e ? Utilisez une<a href=\"https:\/\/yithcompare.321dev.ch\/fr\/tout-savoir-sur-les-machines-a-cafe-italiennes\/\"> machine \u00e0 caf\u00e9<\/a> en grains, moulu ou en capsules et d\u00e9gustez le caff\u00e8 latte qui vous fait envie.<\/p>\n<h3><b>Caf\u00e9 noisette, un caf\u00e9 avec une note d\u00e9licieuse<\/b><\/h3>\n<p>Cette variation gourmande se pr\u00e9pare avec une dose d&rsquo;espresso allong\u00e9e d&rsquo;un nuage de lait chaud et d&rsquo;une touche de noisette.<\/p>\n<p><b>Recette :<\/b> 1 dose d&rsquo;expresso, une cuill\u00e8re \u00e0 caf\u00e9 de p\u00e2te \u00e0 tartiner \u00e0 la noisette, lait chaud pour allonger.<\/p>\n<h3><b>Cappuccino, un bon caf\u00e9 au lait italien<\/b><\/h3>\n<p>Un expresso intense recouvert d&rsquo;une onctueuse mousse de lait et d&rsquo;une fine couche de lait chaud. Le<a href=\"https:\/\/yithcompare.321dev.ch\/fr\/recette-cafe-cappuccino\/\"> cappuccino<\/a> repr\u00e9sente l&rsquo;\u00e9l\u00e9gance italienne par excellence !<\/p>\n<p><b>Recette :<\/b> 1\/3 expresso, 1\/3 lait chaud, 1\/3 mousse de lait.<\/p>\n<h3><b>Latte Macchiato, l&rsquo;\u00e9quilibre des ingr\u00e9dients<\/b><\/h3>\n<p>Le<a href=\"https:\/\/yithcompare.321dev.ch\/fr\/recette-latte-macchiato\/\"> latte macchiato<\/a> offre un jeu de textures et de temp\u00e9ratures. Du lait chaud recouvert d&rsquo;une mousse de lait l\u00e9g\u00e8re, puis d\u00e9licatement tach\u00e9 d&rsquo;une dose d&rsquo;espresso.<\/p>\n<p><b>Recette :<\/b> 2\/3 lait chaud, 1\/3 mousse de lait, 1 dose d&rsquo;espresso vers\u00e9e d\u00e9licatement au centre.<\/p>\n<h3><b>Caf\u00e9 latte glac\u00e9, rafra\u00eechissant et gourmand<\/b><\/h3>\n<p>Un m\u00e9lange de caf\u00e9 fort, un peu de lait onctueux froid et de glace, souvent sucr\u00e9 et personnalis\u00e9 avec des sirops. Il n&rsquo;y a rien de meilleur que cette recette \u00e0 savourer en \u00e9t\u00e9 !<\/p>\n<p><b>Recette :<\/b> 1 dose de caf\u00e9 fort refroidi, 2\/3 de lait froid, glace, <a href=\"https:\/\/yithcompare.321dev.ch\/fr\/categorie-produit\/consommables\/gourmandises-sirops\/\">sirop au choix<\/a> (facultatif).<\/p>\n<h2><b>Foire aux questions :<\/b><\/h2>\n<p><b>Quel \u00e9tait l\u2019objectif principal de l\u2019\u00e9tude ?<\/b><\/p>\n<p>L\u2019\u00e9tude visait \u00e0 examiner les avantages pour la sant\u00e9 de la combinaison du lait et du caf\u00e9, en mettant l\u2019accent sur la r\u00e9duction du risque de maladies chroniques.<\/p>\n<p><b>Combien de participants ont pris part \u00e0 l\u2019\u00e9tude ?<\/b><\/p>\n<p>L\u2019\u00e9tude a suivi plus de 3 000 participants afin de recueillir des donn\u00e9es fiables et pr\u00e9cises.<\/p>\n<p><b>Quels sont les principaux avantages pour la sant\u00e9 de l\u2019ajout de lait au caf\u00e9 ?<\/b><\/p>\n<p>Parmi les principaux avantages, citons la r\u00e9duction du risque de maladies chroniques, le renforcement des propri\u00e9t\u00e9s antioxydantes, l\u2019am\u00e9lioration de l\u2019absorption des nutriments et la r\u00e9duction de l\u2019inflammation.<\/p>\n<p><b>La combinaison du lait et du caf\u00e9 pr\u00e9sente-t-elle des avantages sur le plan cognitif ?<\/b><\/p>\n<p>Oui, l\u2019\u00e9tude a montr\u00e9 que les participants qui consommaient r\u00e9guli\u00e8rement du lait avec du caf\u00e9 pr\u00e9sentaient une fonction cognitive am\u00e9lior\u00e9e, notamment une meilleure m\u00e9moire et une meilleure concentration.<\/p>\n<p><b>La combinaison lait-caf\u00e9 peut-elle contribuer \u00e0 la gestion du poids ?<\/b><\/p>\n<p>La recherche sugg\u00e8re que le m\u00e9lange peut augmenter la sensation de sati\u00e9t\u00e9, ce qui pourrait conduire \u00e0 un meilleur contr\u00f4le des portions et \u00e0 une meilleure gestion du poids.<\/p>\n<p><b>Existe-t-il un rapport optimal entre le lait et le caf\u00e9 pour maximiser les effets b\u00e9n\u00e9fiques sur la sant\u00e9 ?<\/b><\/p>\n<p>Les chercheurs recommandent un rapport sp\u00e9cifique entre le lait et le caf\u00e9 afin de maximiser les bienfaits des deux composants. Toutefois, le rapport exact n\u2019est pas mentionn\u00e9 dans l\u2019article source.<\/p>\n<p><b>Quels sont les facteurs \u00e0 prendre en compte avant d\u2019ajouter du lait \u00e0 son caf\u00e9 ?<\/b><\/p>\n<p>Les individus doivent prendre en compte des facteurs tels que l\u2019intol\u00e9rance au lactose, la sensibilit\u00e9 \u00e0 la caf\u00e9ine et les pr\u00e9f\u00e9rences personnelles lorsqu\u2019ils d\u00e9cident de combiner le lait et le caf\u00e9.<\/p>\n<p><b>Les personnes souffrant d\u2019une intol\u00e9rance au lactose peuvent-elles b\u00e9n\u00e9ficier de cette combinaison ?<\/b><\/p>\n<p>Pour les personnes intol\u00e9rantes au lactose, des alternatives telles que le lait sans lactose ou des options de lait \u00e0 base de plantes peuvent apporter des avantages similaires. Cependant, des recherches suppl\u00e9mentaires sont n\u00e9cessaires pour confirmer l\u2019efficacit\u00e9 de ces alternatives \u00e0 fournir les m\u00eames avantages pour la sant\u00e9 que le lait normal lorsqu\u2019elles sont combin\u00e9es avec le caf\u00e9.<\/p>\n","protected":false},"excerpt":{"rendered":"<p>Une \u00e9tude r\u00e9volutionnaire men\u00e9e au Royaume-Uni a r\u00e9v\u00e9l\u00e9 les incroyables bienfaits pour la sant\u00e9 de l\u2019association du lait et du caf\u00e9. Cet article se penche sur les r\u00e9sultats de la recherche et offre une vue d\u2019ensemble des avantages de ce m\u00e9lange apparemment simple. Pr\u00e9parez-vous \u00e0 d\u00e9couvrir le potentiel cach\u00e9 de votre tasse de caf\u00e9 quotidienne. [&hellip;]<\/p>\n","protected":false},"author":6990,"featured_media":38738,"comment_status":"open","ping_status":"open","sticky":false,"template":"","format":"standard","meta":{"footnotes":""},"categories":[1],"tags":[],"class_list":["post-38943","post","type-post","status-publish","format-standard","has-post-thumbnail","hentry","category-news-esperanza"],"_links":{"self":[{"href":"https:\/\/yithcompare.321dev.ch\/fr\/wp-json\/wp\/v2\/posts\/38943","targetHints":{"allow":["GET"]}}],"collection":[{"href":"https:\/\/yithcompare.321dev.ch\/fr\/wp-json\/wp\/v2\/posts"}],"about":[{"href":"https:\/\/yithcompare.321dev.ch\/fr\/wp-json\/wp\/v2\/types\/post"}],"author":[{"embeddable":true,"href":"https:\/\/yithcompare.321dev.ch\/fr\/wp-json\/wp\/v2\/users\/6990"}],"replies":[{"embeddable":true,"href":"https:\/\/yithcompare.321dev.ch\/fr\/wp-json\/wp\/v2\/comments?post=38943"}],"version-history":[{"count":0,"href":"https:\/\/yithcompare.321dev.ch\/fr\/wp-json\/wp\/v2\/posts\/38943\/revisions"}],"wp:featuredmedia":[{"embeddable":true,"href":"https:\/\/yithcompare.321dev.ch\/fr\/wp-json\/wp\/v2\/media\/38738"}],"wp:attachment":[{"href":"https:\/\/yithcompare.321dev.ch\/fr\/wp-json\/wp\/v2\/media?parent=38943"}],"wp:term":[{"taxonomy":"category","embeddable":true,"href":"https:\/\/yithcompare.321dev.ch\/fr\/wp-json\/wp\/v2\/categories?post=38943"},{"taxonomy":"post_tag","embeddable":true,"href":"https:\/\/yithcompare.321dev.ch\/fr\/wp-json\/wp\/v2\/tags?post=38943"}],"curies":[{"name":"wp","href":"https:\/\/api.w.org\/{rel}","templated":true}]}}