{"id":25813,"date":"2021-07-01T16:51:08","date_gmt":"2021-07-01T14:51:08","guid":{"rendered":"https:\/\/esperanza.ch\/?p=25813"},"modified":"2024-11-26T12:11:05","modified_gmt":"2024-11-26T10:11:05","slug":"au-coeur-de-lete-les-georges","status":"publish","type":"post","link":"https:\/\/yithcompare.321dev.ch\/fr\/au-coeur-de-lete-les-georges\/","title":{"rendered":"Au coeur de l\u2019\u00e9t\u00e9, Les Georges"},"content":{"rendered":"<h2>Au coeur de l\u2019\u00e9t\u00e9, Les Georges<br \/>\n<\/h2>\n<p><em>Interview de Xavier Meyer, 39 ans, mari\u00e9, 2 enfants, Directeur du Festival Les Georges, dont nous sommes partenaire en 2021.<\/em><\/p>\n<h3>Est-ce Les Georges qui t\u2019ont choisi ou ta fibre entrepreneuriale a pris le dessus?<\/h3>\n<p>Beaucoup d\u2019\u00e9l\u00e9ments mis bout \u00e0 bout m\u2019ont conduit aux Georges, comme mon exp\u00e9rience dans l\u2019\u00e9v\u00e9nementiel et la communication. Mon envie de d\u00e9velopper un festival urbain bouillonnait en moi. Habitant \u00e0 Fribourg, tout logiquement nous avons relev\u00e9 le d\u00e9fi \u00e0 Fribourg. Pourtant, j\u2019ai grandi \u00e0 Sion et cela m\u2019a travers\u00e9 l\u2019esprit de revenir en Valais. En l&rsquo;occurrence, une ou deux ann\u00e9es apr\u00e8s Les Georges, Sion sous les Etoiles a \u00e9t\u00e9 cr\u00e9\u00e9 et justifie pleinement son potentiel.<\/p>\n<h4>Que repr\u00e9sente Les Georges dans ton parcours?<\/h4>\n<p>C\u2019est un projet sur un long terme, mais je le vois comme une \u00e9tape dans ma vie. Nous arrivons \u00e0 la 7e \u00e9dition et je ne pense pas l\u00e2cher de sit\u00f4t. Par contre, je dois avoir la pr\u00e9sence d\u2019esprit que l\u2019\u00e9v\u00e9nement doit rester jeune, malgr\u00e9 mes 40 ans! Le festival occupe pleinement mon temps et mon esprit par la passion et la charge des responsabilit\u00e9s.<\/p>\n<h3>Location pour manifestations<\/h3>\n<p>La qualit\u00e9 du caf\u00e9 comme son lieu de consommation influencent aussi bien vos affaires que le plaisir de vos visiteurs. En disposant du nombre de machines \u00e0 caf\u00e9 n\u00e9cessaires, vous \u00eates \u00e0 m\u00eame de servir un caf\u00e9 de qualit\u00e9 \u00e0 la vitesse requise, dans la configuration souhait\u00e9e.\u00a0<br \/><strong>Prix par tasse : 1.-<\/strong><\/p>\n<p>\t\t\t\t\t<a href=\"https:\/\/yithcompare.321dev.ch\/fr\/solutions-pro-machines-a-cafe\/evenement-et-manifestation\/\"><br \/>\n\t\t\t\t\t\t\t\t\tEN SAVOIR PLUS<br \/>\n\t\t\t\t\t<\/a><\/p>\n<h4>Qu\u2019apporte Les Georges de diff\u00e9rent?<br \/>\n<\/h4>\n<p>Notre public cible est vari\u00e9, car nous avons des soir\u00e9es gratuites et payantes. En outre, quelques t\u00eates d\u2019affiches attirent des spectateurs de France, des Pays-Bas, d\u2019Allemagne et m\u00eame d\u2019Angleterre. Sinon, notre esprit est assez fribourgeois. Nous proposons un m\u00e9lange des genres, des g\u00e9n\u00e9rations et des publics, d\u2019o\u00f9 notre \u00e9clectisme dans la programmation.<\/p>\n<h4>Les Georges Festival est le moment festif des Fribourgeois. Comment le vis-tu?<\/h4>\n<p>C\u2019est un bon moment de rencontre avec les festivaliers, ma famille, mes amis et les entreprises partenaires. Nous privil\u00e9gions le c\u00f4t\u00e9 culturel et social, sans oublier la m\u00e9diation culturelle qui cette ann\u00e9e se traduit par une gazette con\u00e7ue par des jeunes de 18 \u00e0 20 ans. Le festival est aujourd\u2019hui bien rod\u00e9 &#8211; tout roule, bien que cette \u00e9dition soit particuli\u00e8re due \u00e0 la pand\u00e9mie.<\/p>\n<h4>Pourquoi l\u2019appellation Les Georges?<\/h4>\n<p>C\u2019est sorti dans une discussion informelle! Nous ne voulions pas festi quelque chose, rock machin, musique je ne sais quoi. Les Georges casse un peu les codes, c\u2019est l\u2019amicale, la rencontre, l\u2019\u00e9change culturel. Il est vrai que la question du genre s\u2019est pos\u00e9e ces derniers temps, mais nous ne souhaitons pas changer notre appellation qui est maintenant \u00e9tablie.<\/p>\n","protected":false},"excerpt":{"rendered":"<p>Au coeur de l\u2019\u00e9t\u00e9, Les Georges Interview de Xavier Meyer, 39 ans, mari\u00e9, 2 enfants, Directeur du Festival Les Georges, dont nous sommes partenaire en 2021. Est-ce Les Georges qui t\u2019ont choisi ou ta fibre entrepreneuriale a pris le dessus? Beaucoup d\u2019\u00e9l\u00e9ments mis bout \u00e0 bout m\u2019ont conduit aux Georges, comme mon exp\u00e9rience dans l\u2019\u00e9v\u00e9nementiel [&hellip;]<\/p>\n","protected":false},"author":3682,"featured_media":25819,"comment_status":"open","ping_status":"open","sticky":false,"template":"","format":"standard","meta":{"footnotes":""},"categories":[1],"tags":[],"class_list":["post-25813","post","type-post","status-publish","format-standard","has-post-thumbnail","hentry","category-news-esperanza"],"_links":{"self":[{"href":"https:\/\/yithcompare.321dev.ch\/fr\/wp-json\/wp\/v2\/posts\/25813","targetHints":{"allow":["GET"]}}],"collection":[{"href":"https:\/\/yithcompare.321dev.ch\/fr\/wp-json\/wp\/v2\/posts"}],"about":[{"href":"https:\/\/yithcompare.321dev.ch\/fr\/wp-json\/wp\/v2\/types\/post"}],"author":[{"embeddable":true,"href":"https:\/\/yithcompare.321dev.ch\/fr\/wp-json\/wp\/v2\/users\/3682"}],"replies":[{"embeddable":true,"href":"https:\/\/yithcompare.321dev.ch\/fr\/wp-json\/wp\/v2\/comments?post=25813"}],"version-history":[{"count":0,"href":"https:\/\/yithcompare.321dev.ch\/fr\/wp-json\/wp\/v2\/posts\/25813\/revisions"}],"wp:featuredmedia":[{"embeddable":true,"href":"https:\/\/yithcompare.321dev.ch\/fr\/wp-json\/wp\/v2\/media\/25819"}],"wp:attachment":[{"href":"https:\/\/yithcompare.321dev.ch\/fr\/wp-json\/wp\/v2\/media?parent=25813"}],"wp:term":[{"taxonomy":"category","embeddable":true,"href":"https:\/\/yithcompare.321dev.ch\/fr\/wp-json\/wp\/v2\/categories?post=25813"},{"taxonomy":"post_tag","embeddable":true,"href":"https:\/\/yithcompare.321dev.ch\/fr\/wp-json\/wp\/v2\/tags?post=25813"}],"curies":[{"name":"wp","href":"https:\/\/api.w.org\/{rel}","templated":true}]}}