{"id":24446,"date":"2020-12-17T11:43:43","date_gmt":"2020-12-17T09:43:43","guid":{"rendered":"https:\/\/esperanza.ch\/?p=24446"},"modified":"2021-05-14T12:47:36","modified_gmt":"2021-05-14T10:47:36","slug":"zero-dechet-moins-de-trajets","status":"publish","type":"post","link":"https:\/\/yithcompare.321dev.ch\/fr\/zero-dechet-moins-de-trajets\/","title":{"rendered":"Z\u00c9RO D\u00c9CHET, MOINS DE TRAJETS"},"content":{"rendered":"<p><a href=\"https:\/\/yithcompare.321dev.ch\/wp-content\/uploads\/2021\/04\/S51_171220_Recharge_Header_Blog_News.jpeg\"><img loading=\"lazy\" decoding=\"async\" class=\"alignnone size-medium wp-image-24447\" src=\"https:\/\/yithcompare.321dev.ch\/wp-content\/uploads\/2021\/04\/S51_171220_Recharge_Header_Blog_News-651x400.jpeg\" alt=\"\" width=\"651\" height=\"400\" srcset=\"https:\/\/yithcompare.321dev.ch\/wp-content\/uploads\/2021\/04\/S51_171220_Recharge_Header_Blog_News-651x400.jpeg 651w, https:\/\/yithcompare.321dev.ch\/wp-content\/uploads\/2021\/04\/S51_171220_Recharge_Header_Blog_News-768x472.jpeg 768w, https:\/\/yithcompare.321dev.ch\/wp-content\/uploads\/2021\/04\/S51_171220_Recharge_Header_Blog_News-510x313.jpeg 510w, https:\/\/yithcompare.321dev.ch\/wp-content\/uploads\/2021\/04\/S51_171220_Recharge_Header_Blog_News.jpeg 1000w\" sizes=\"auto, (max-width: 651px) 100vw, 651px\" \/><\/a><\/p>\n<p>Une recharge \u00e9co-responsable \u00e0 d\u00e9couvrir, le vrai compl\u00e9ment \u00e0 nos bidons consign\u00e9s. Que ce soit pour les entreprises ou les particuliers, nous pouvons tous faire un geste pour pr\u00e9server notre plan\u00e8te.<\/p>\n<h2>Intelligence collective pour un commerce responsable<\/h2>\n<p>Lorsque St\u00e9phanie et M\u00e9lanie de l\u2019\u00e9picerie en vrac Au Bocal du Coin questionnent nos bidons en plastique alimentaire de 5kg de caf\u00e9, lorsque notre partenaire DHL r\u00e9cup\u00e8re un lot de ces m\u00eames 10 bidons consign\u00e9s, Esperanza r\u00e9pond par une nouvelle exp\u00e9rience de conditionnement de caf\u00e9 en grains pour les grands clients.<\/p>\n<h2>Moins de plastique, moins de CO2<\/h2>\n<p>Vous connaissez peut-\u00eatre nos bidons consign\u00e9s de 5kg de caf\u00e9 en grains? Ce conditionnement gerbable est bien connu des magasins en vrac, voire de grands clients. Son couvercle est scell\u00e9 pour une hygi\u00e8ne parfaite. Aujourd\u2019hui, nous vous proposons sa recharge \u00e9co-responsable. Un premier choix de diff\u00e9rents caf\u00e9s torr\u00e9fi\u00e9s et conditionn\u00e9s en sac de papier kraft de 5kg:<\/p>\n<p>&#8211; un contenant sans plastique, en papier recyclable<\/p>\n<p>&#8211; une livraison aller-simple, moins de CO2<\/p>\n<p>&#8211; une gestion simplifi\u00e9e<\/p>\n<p>Apr\u00e8s une \u00e9valuation responsable en termes de qualit\u00e9 du conditionnement, logistique interne, durabilit\u00e9 de nos bidons et transports de ces derniers, nous sommes pr\u00eats \u00e0 vivre une nouvelle exp\u00e9rience. D\u00e8s r\u00e9ception de caf\u00e9s en grains conditionn\u00e9s en sacs de papier kraft, nous vous invitons \u00e0 les transvaser directement dans nos bidons alimentaires ou autres contenants opaques et ferm\u00e9s. Une fois vide, le sac en papier kraft est \u00e0 recycler aux vieux papiers.<\/p>\n","protected":false},"excerpt":{"rendered":"<p>Une recharge \u00e9co-responsable \u00e0 d\u00e9couvrir, le vrai compl\u00e9ment \u00e0 nos bidons consign\u00e9s. Que ce soit pour les entreprises ou les particuliers, nous pouvons tous faire un geste pour pr\u00e9server notre plan\u00e8te. Intelligence collective pour un commerce responsable Lorsque St\u00e9phanie et M\u00e9lanie de l\u2019\u00e9picerie en vrac Au Bocal du Coin questionnent nos bidons en plastique alimentaire [&hellip;]<\/p>\n","protected":false},"author":3682,"featured_media":0,"comment_status":"open","ping_status":"open","sticky":false,"template":"","format":"standard","meta":{"footnotes":""},"categories":[1],"tags":[],"class_list":["post-24446","post","type-post","status-publish","format-standard","hentry","category-news-esperanza"],"_links":{"self":[{"href":"https:\/\/yithcompare.321dev.ch\/fr\/wp-json\/wp\/v2\/posts\/24446","targetHints":{"allow":["GET"]}}],"collection":[{"href":"https:\/\/yithcompare.321dev.ch\/fr\/wp-json\/wp\/v2\/posts"}],"about":[{"href":"https:\/\/yithcompare.321dev.ch\/fr\/wp-json\/wp\/v2\/types\/post"}],"author":[{"embeddable":true,"href":"https:\/\/yithcompare.321dev.ch\/fr\/wp-json\/wp\/v2\/users\/3682"}],"replies":[{"embeddable":true,"href":"https:\/\/yithcompare.321dev.ch\/fr\/wp-json\/wp\/v2\/comments?post=24446"}],"version-history":[{"count":0,"href":"https:\/\/yithcompare.321dev.ch\/fr\/wp-json\/wp\/v2\/posts\/24446\/revisions"}],"wp:attachment":[{"href":"https:\/\/yithcompare.321dev.ch\/fr\/wp-json\/wp\/v2\/media?parent=24446"}],"wp:term":[{"taxonomy":"category","embeddable":true,"href":"https:\/\/yithcompare.321dev.ch\/fr\/wp-json\/wp\/v2\/categories?post=24446"},{"taxonomy":"post_tag","embeddable":true,"href":"https:\/\/yithcompare.321dev.ch\/fr\/wp-json\/wp\/v2\/tags?post=24446"}],"curies":[{"name":"wp","href":"https:\/\/api.w.org\/{rel}","templated":true}]}}