{"id":24438,"date":"2020-12-04T11:39:38","date_gmt":"2020-12-04T09:39:38","guid":{"rendered":"https:\/\/esperanza.ch\/?p=24438"},"modified":"2021-05-14T12:47:36","modified_gmt":"2021-05-14T10:47:36","slug":"ondedechoc-a-echallens","status":"publish","type":"post","link":"https:\/\/yithcompare.321dev.ch\/fr\/ondedechoc-a-echallens\/","title":{"rendered":"ONDEDECHOC \u00c0 ECHALLENS"},"content":{"rendered":"<p><a href=\"https:\/\/yithcompare.321dev.ch\/wp-content\/uploads\/2021\/04\/S47_031220_Onde_Choc_Header_Blog_News.jpeg\"><img loading=\"lazy\" decoding=\"async\" class=\"alignnone size-medium wp-image-24439\" src=\"https:\/\/yithcompare.321dev.ch\/wp-content\/uploads\/2021\/04\/S47_031220_Onde_Choc_Header_Blog_News-651x400.jpeg\" alt=\"\" width=\"651\" height=\"400\" srcset=\"https:\/\/yithcompare.321dev.ch\/wp-content\/uploads\/2021\/04\/S47_031220_Onde_Choc_Header_Blog_News-651x400.jpeg 651w, https:\/\/yithcompare.321dev.ch\/wp-content\/uploads\/2021\/04\/S47_031220_Onde_Choc_Header_Blog_News-768x472.jpeg 768w, https:\/\/yithcompare.321dev.ch\/wp-content\/uploads\/2021\/04\/S47_031220_Onde_Choc_Header_Blog_News-510x313.jpeg 510w, https:\/\/yithcompare.321dev.ch\/wp-content\/uploads\/2021\/04\/S47_031220_Onde_Choc_Header_Blog_News.jpeg 1000w\" sizes=\"auto, (max-width: 651px) 100vw, 651px\" \/><\/a><\/p>\n<p>Quoi de mieux qu&rsquo;un peu de chocolat avec son caf\u00e9 ? Nous profitons de cet article de blog pour vous parlez de notre partenariat avec ONDEdeCHOC. D\u00e9couvrez cette chocolaterie d&rsquo;Echallens qui f\u00eate cette ann\u00e9e leurs 10 ans !<\/p>\n<p>Chocolat et caf\u00e9 accompagnent vos journ\u00e9es, comme Les Caf\u00e9s Esperanza en Gruy\u00e8re et ONDEdeCHOC \u00e0 Echallens; comme nos assemblages pur arabica et les \u00ab Ballast du LEB \u00bb &#8211; une des formidables cr\u00e9ations de Pascal Kropf.<\/p>\n<p>Voici 10 ans, nous d\u00e9butions un partenariat caf\u00e9 et installions une machine \u00e0 caf\u00e9 automatique dans l\u2019Espace caf\u00e9 de son atelier tea-room. Si Esperanza torr\u00e9fie des caf\u00e9s Fairtrade, ONDEdeCHOC propose des cacaos issus du commerce \u00e9quitable. Nous partageons une m\u00eame philosophie: local, fra\u00eecheur, \u00e9quitable et humain.<\/p>\n<p>Notre solution caf\u00e9 Esperanza r\u00e9pond \u00e0 ses attentes et surtout \u00e0 sa client\u00e8le qui choie. Pascal Kropf estime notre location tout-en-un: machine \u00e0 caf\u00e9, caf\u00e9s torr\u00e9fi\u00e9s, consommables et service technique. Un service de d\u00e9pannage r\u00e9actif compl\u00e8te la prestation, surtout aux p\u00e9riodes de No\u00ebl ou de P\u00e2ques!<\/p>\n<p>Depuis toujours, son choix s\u2019est port\u00e9 sur notre Delicia, un assemblage Colombie-Guatemala-Br\u00e9sil pour un caf\u00e9 \u00e9quilibr\u00e9 \u00e0 l\u2019intensit\u00e9 moyenne. A son domicile, son \u00e9pouse savoure nos capsules compatibles compostables Espresso, un mixte cr\u00e9meux Robusta-Arabica! Un caf\u00e9 pour chacun, du plaisir pour tous, un tr\u00e8s bonne adresse chocolat\u00e9e:\u00a0<a id=\"link-55\" href=\"http:\/\/www.onde-de-choc.ch\/\" target=\"_blank\" rel=\"noopener\" data-saferedirecturl=\"https:\/\/www.google.com\/url?q=http:\/\/www.onde-de-choc.ch&amp;source=gmail&amp;ust=1607084877931000&amp;usg=AFQjCNFyWOBwa_B70I83SqtmrgjuNdsC7g\">www.onde-de-choc.ch<\/a><\/p>\n","protected":false},"excerpt":{"rendered":"<p>Quoi de mieux qu&rsquo;un peu de chocolat avec son caf\u00e9 ? Nous profitons de cet article de blog pour vous parlez de notre partenariat avec ONDEdeCHOC. D\u00e9couvrez cette chocolaterie d&rsquo;Echallens qui f\u00eate cette ann\u00e9e leurs 10 ans ! Chocolat et caf\u00e9 accompagnent vos journ\u00e9es, comme Les Caf\u00e9s Esperanza en Gruy\u00e8re et ONDEdeCHOC \u00e0 Echallens; comme [&hellip;]<\/p>\n","protected":false},"author":3682,"featured_media":0,"comment_status":"open","ping_status":"open","sticky":false,"template":"","format":"standard","meta":{"footnotes":""},"categories":[1],"tags":[],"class_list":["post-24438","post","type-post","status-publish","format-standard","hentry","category-news-esperanza"],"_links":{"self":[{"href":"https:\/\/yithcompare.321dev.ch\/fr\/wp-json\/wp\/v2\/posts\/24438","targetHints":{"allow":["GET"]}}],"collection":[{"href":"https:\/\/yithcompare.321dev.ch\/fr\/wp-json\/wp\/v2\/posts"}],"about":[{"href":"https:\/\/yithcompare.321dev.ch\/fr\/wp-json\/wp\/v2\/types\/post"}],"author":[{"embeddable":true,"href":"https:\/\/yithcompare.321dev.ch\/fr\/wp-json\/wp\/v2\/users\/3682"}],"replies":[{"embeddable":true,"href":"https:\/\/yithcompare.321dev.ch\/fr\/wp-json\/wp\/v2\/comments?post=24438"}],"version-history":[{"count":0,"href":"https:\/\/yithcompare.321dev.ch\/fr\/wp-json\/wp\/v2\/posts\/24438\/revisions"}],"wp:attachment":[{"href":"https:\/\/yithcompare.321dev.ch\/fr\/wp-json\/wp\/v2\/media?parent=24438"}],"wp:term":[{"taxonomy":"category","embeddable":true,"href":"https:\/\/yithcompare.321dev.ch\/fr\/wp-json\/wp\/v2\/categories?post=24438"},{"taxonomy":"post_tag","embeddable":true,"href":"https:\/\/yithcompare.321dev.ch\/fr\/wp-json\/wp\/v2\/tags?post=24438"}],"curies":[{"name":"wp","href":"https:\/\/api.w.org\/{rel}","templated":true}]}}