{"id":24416,"date":"2020-10-02T11:28:08","date_gmt":"2020-10-02T09:28:08","guid":{"rendered":"https:\/\/esperanza.ch\/?p=24416"},"modified":"2022-09-19T16:48:01","modified_gmt":"2022-09-19T14:48:01","slug":"eugenio-notre-couteau-suisse-alla-calabrese","status":"publish","type":"post","link":"https:\/\/yithcompare.321dev.ch\/fr\/eugenio-notre-couteau-suisse-alla-calabrese\/","title":{"rendered":"EUGENIO, NOTRE COUTEAU SUISSE ALLA CALABRESE"},"content":{"rendered":"<a href=\"https:\/\/yithcompare.321dev.ch\/wp-content\/uploads\/2021\/04\/Eugenio_Logisticien.jpeg\"><img loading=\"lazy\" decoding=\"async\" class=\"alignnone size-full wp-image-24417\" src=\"https:\/\/yithcompare.321dev.ch\/wp-content\/uploads\/2021\/04\/Eugenio_Logisticien.jpeg\" alt=\"\" width=\"611\" height=\"383\" srcset=\"https:\/\/yithcompare.321dev.ch\/wp-content\/uploads\/2021\/04\/Eugenio_Logisticien.jpeg 611w, https:\/\/yithcompare.321dev.ch\/wp-content\/uploads\/2021\/04\/Eugenio_Logisticien-510x320.jpeg 510w\" sizes=\"auto, (max-width: 611px) 100vw, 611px\" \/><\/a>\n\nRencontrez aujourd&rsquo;hui Eugenio, notre logisticien externe de Fribourg et collaborateur technique aux Caf\u00e9s Esperanza. Il nous explique son quotidien ainsi que son ressenti face \u00e0 l&rsquo;actualit\u00e9 et comment il imagine son avenir professionnel.\n<h2>Parles-nous de tes t\u00e2ches et domaines d\u2019activit\u00e9s?<\/h2>\nMes journ\u00e9es sont diverses et cela me pla\u00eet. La logistique m&#8217;emm\u00e8ne aux 4 coins de la Suisse occidentale, alors que les retours peuvent \u00eatre ponctu\u00e9s d\u2019interventions techniques chez nos partenaires-clients. Ce m\u00e9lange des t\u00e2ches me convient bien. Comme le contact humain qui remplit mes journ\u00e9es. Esperanza est aussi appr\u00e9ci\u00e9 par ce biais.\n<h2>Comment per\u00e7ois-tu les forces d\u2019Esperanza?<\/h2>\nAvant tout, nos produits sont de qualit\u00e9 et nous proposons un bon service. Il n\u2019y a rien de plus gratifiant que de savoir nos clients contents et satisfaits du fonctionnement de nos machines \u00e0 caf\u00e9, ainsi que des caf\u00e9s torr\u00e9fi\u00e9s par Philippe et Adrien. Notre \u00e9quipe se sent responsable et j\u2019appr\u00e9cie \u00e0 faire le maximum. Le travail ne me fait pas peur!\n<h2>Quelles sont les tendances, comme vois-tu les choses?<\/h2>\nL\u2019ann\u00e9e est bizarre, mais que pouvons nous faire avec ce Covid? A l\u2019atelier, nous t\u00e2chons d\u2019entretenir nos machines, nous nous adaptons \u00e0 certaines demandes et profitons d\u2019ajuster nos processus pour \u00eatre pr\u00eats \u00e0 la reprise, et m\u00eame avant &#8211; Forza!\n<h2>Comment vois-tu ton parcours et la suite?<\/h2>\nEcoute, je suis content de mon parcours! Je n\u2019ai pas de grandes ambitions, mais j\u2019aime la vie au sein de mon \u00e9quipe. Si nous devons y donner un coup, je suis souvent l\u00e0! J\u2019appr\u00e9cie mon job chez Esperanza et me r\u00e9jouis lorsque l&rsquo;\u00e9v\u00e9nementiel repartira. Bient\u00f4t, j\u2019esp\u00e8re!","protected":false},"excerpt":{"rendered":"<p>Rencontrez aujourd&rsquo;hui Eugenio, notre logisticien externe de Fribourg et collaborateur technique aux Caf\u00e9s Esperanza. Il nous explique son quotidien ainsi que son ressenti face \u00e0 l&rsquo;actualit\u00e9 et comment il imagine son avenir professionnel. Parles-nous de tes t\u00e2ches et domaines d\u2019activit\u00e9s? Mes journ\u00e9es sont diverses et cela me pla\u00eet. La logistique m&#8217;emm\u00e8ne aux 4 coins de [&hellip;]<\/p>\n","protected":false},"author":3682,"featured_media":0,"comment_status":"open","ping_status":"open","sticky":false,"template":"","format":"standard","meta":{"footnotes":""},"categories":[1],"tags":[],"class_list":["post-24416","post","type-post","status-publish","format-standard","hentry","category-news-esperanza"],"_links":{"self":[{"href":"https:\/\/yithcompare.321dev.ch\/fr\/wp-json\/wp\/v2\/posts\/24416","targetHints":{"allow":["GET"]}}],"collection":[{"href":"https:\/\/yithcompare.321dev.ch\/fr\/wp-json\/wp\/v2\/posts"}],"about":[{"href":"https:\/\/yithcompare.321dev.ch\/fr\/wp-json\/wp\/v2\/types\/post"}],"author":[{"embeddable":true,"href":"https:\/\/yithcompare.321dev.ch\/fr\/wp-json\/wp\/v2\/users\/3682"}],"replies":[{"embeddable":true,"href":"https:\/\/yithcompare.321dev.ch\/fr\/wp-json\/wp\/v2\/comments?post=24416"}],"version-history":[{"count":0,"href":"https:\/\/yithcompare.321dev.ch\/fr\/wp-json\/wp\/v2\/posts\/24416\/revisions"}],"wp:attachment":[{"href":"https:\/\/yithcompare.321dev.ch\/fr\/wp-json\/wp\/v2\/media?parent=24416"}],"wp:term":[{"taxonomy":"category","embeddable":true,"href":"https:\/\/yithcompare.321dev.ch\/fr\/wp-json\/wp\/v2\/categories?post=24416"},{"taxonomy":"post_tag","embeddable":true,"href":"https:\/\/yithcompare.321dev.ch\/fr\/wp-json\/wp\/v2\/tags?post=24416"}],"curies":[{"name":"wp","href":"https:\/\/api.w.org\/{rel}","templated":true}]}}