{"id":24408,"date":"2020-09-20T11:24:11","date_gmt":"2020-09-20T09:24:11","guid":{"rendered":"https:\/\/esperanza.ch\/?p=24408"},"modified":"2025-02-07T14:26:20","modified_gmt":"2025-02-07T12:26:20","slug":"on-vous-presente-hugo-notre-logisticien","status":"publish","type":"post","link":"https:\/\/yithcompare.321dev.ch\/fr\/on-vous-presente-hugo-notre-logisticien\/","title":{"rendered":"ON VOUS PR\u00c9SENTE HUGO, NOTRE LOGISTICIEN"},"content":{"rendered":"<p><a href=\"https:\/\/yithcompare.321dev.ch\/wp-content\/uploads\/2021\/04\/Blog_Julien.jpeg\"><img loading=\"lazy\" decoding=\"async\" src=\"https:\/\/yithcompare.321dev.ch\/wp-content\/uploads\/2021\/04\/Blog_Julien-651x400.jpeg\" alt=\"\" width=\"651\" height=\"400\" \/><\/a> D\u00e9couvrez dans cet article, Hugo notre logisticien. Il vous parle de ses t\u00e2ches, ses missions ainsi que ses objectifs. Il aborde \u00e9galement en quelques mots comment Esperanza s&rsquo;organise en ces temps de pand\u00e9mie.<\/p>\n<p>\u00a0<\/p>\n<section>\n<article>\n<h2>Explique-nous tes t\u00e2ches et tes missions?<\/h2>\n<p>J\u2019adore \u00eatre m\u00e9thodique et la logistique me pla\u00eet bien. Lorsque l\u2019ensemble des colis jusqu\u2019\u00e0 30 kg sont pr\u00eats \u00e0 la prise en charge par DHL Express ou La Poste, je donne des bons coups de mains aux conditionnements des caf\u00e9s fra\u00eechement torr\u00e9fi\u00e9s par Philippe ou Adrien. Aussi, j\u2019ai commenc\u00e9 ponctuellement \u00e0 seconder la maintenance de certaines\u00a0<a id=\"link-55\" href=\"https:\/\/yithcompare.321dev.ch\/fr\/categorie-produit\/machines-a-cafe\/jura-monde-du-cafe-particuliers\/\" target=\"_blank\" rel=\"noopener\">machines JURA<\/a>.<\/p>\n<h2>Qu\u2019apporte Esperanza \u00e0 ces clients?<\/h2>\n<p>D\u2019abord un bon caf\u00e9! Mes proches trouvent que nos caf\u00e9s sont excellents! Non, sans fausse modestie, nous \u00e9laborons de bons produits. Le Br\u00e9sil, un caf\u00e9 digeste, est g\u00e9nial \u00e0 siroter. Le Supremo, notre caf\u00e9 intense, est la vitamine du matin. Il a du corps et du caract\u00e8re &#8211; mes copains l\u2019appr\u00e9cient aussi.<\/p>\n<h2>Quels sont tes objectifs pour les mois \u00e0 venir?<\/h2>\n<p>J\u2019appr\u00e9cierais \u00e9voluer au sein de cette entreprise, apprendre de nouvelles choses. Les coll\u00e8gues sont sympas et je les remercie tous de leur accueil depuis mes d\u00e9buts en f\u00e9vrier, juste avant la Covid. Venant du monde du fromage, la torr\u00e9faction est un environnement bien plus au sec et temp\u00e9r\u00e9 pour travailler! Nous torr\u00e9fions chaque matin et les ar\u00f4mes embaument nos ateliers.<\/p>\n<h2>Comment Esperanza fait-il face \u00e0 la crise de la pand\u00e9mie?<\/h2>\n<p>On fait du mieux possible! On t\u00e2che d\u2019\u00eatre flexible, de donner des coups de main aux coll\u00e8gues. Rien n\u2019est simple, mais nos responsables nous encouragent et l\u2019on va s\u2019en sortir avec l\u2019aide de nos fid\u00e8les clients, partenaires et soci\u00e9t\u00e9s de Gen\u00e8ve \u00e0 Soleure.<\/p>\n<\/article>\n<\/section>\n<p>\u00a0<\/p>\n","protected":false},"excerpt":{"rendered":"<p>D\u00e9couvrez dans cet article, Hugo notre logisticien. Il vous parle de ses t\u00e2ches, ses missions ainsi que ses objectifs. Il aborde \u00e9galement en quelques mots comment Esperanza s&rsquo;organise en ces temps de pand\u00e9mie. \u00a0 Explique-nous tes t\u00e2ches et tes missions? J\u2019adore \u00eatre m\u00e9thodique et la logistique me pla\u00eet bien. Lorsque l\u2019ensemble des colis jusqu\u2019\u00e0 30 [&hellip;]<\/p>\n","protected":false},"author":3682,"featured_media":0,"comment_status":"open","ping_status":"open","sticky":false,"template":"","format":"standard","meta":{"footnotes":""},"categories":[1],"tags":[],"class_list":["post-24408","post","type-post","status-publish","format-standard","hentry","category-news-esperanza"],"_links":{"self":[{"href":"https:\/\/yithcompare.321dev.ch\/fr\/wp-json\/wp\/v2\/posts\/24408","targetHints":{"allow":["GET"]}}],"collection":[{"href":"https:\/\/yithcompare.321dev.ch\/fr\/wp-json\/wp\/v2\/posts"}],"about":[{"href":"https:\/\/yithcompare.321dev.ch\/fr\/wp-json\/wp\/v2\/types\/post"}],"author":[{"embeddable":true,"href":"https:\/\/yithcompare.321dev.ch\/fr\/wp-json\/wp\/v2\/users\/3682"}],"replies":[{"embeddable":true,"href":"https:\/\/yithcompare.321dev.ch\/fr\/wp-json\/wp\/v2\/comments?post=24408"}],"version-history":[{"count":0,"href":"https:\/\/yithcompare.321dev.ch\/fr\/wp-json\/wp\/v2\/posts\/24408\/revisions"}],"wp:attachment":[{"href":"https:\/\/yithcompare.321dev.ch\/fr\/wp-json\/wp\/v2\/media?parent=24408"}],"wp:term":[{"taxonomy":"category","embeddable":true,"href":"https:\/\/yithcompare.321dev.ch\/fr\/wp-json\/wp\/v2\/categories?post=24408"},{"taxonomy":"post_tag","embeddable":true,"href":"https:\/\/yithcompare.321dev.ch\/fr\/wp-json\/wp\/v2\/tags?post=24408"}],"curies":[{"name":"wp","href":"https:\/\/api.w.org\/{rel}","templated":true}]}}