{"id":24367,"date":"2017-04-07T10:57:16","date_gmt":"2017-04-07T08:57:16","guid":{"rendered":"https:\/\/esperanza.ch\/?p=24367"},"modified":"2021-04-30T11:51:18","modified_gmt":"2021-04-30T09:51:18","slug":"un-mois-de-cafe-offert","status":"publish","type":"post","link":"https:\/\/yithcompare.321dev.ch\/fr\/un-mois-de-cafe-offert\/","title":{"rendered":"UN MOIS DE CAF\u00c9 OFFERT !"},"content":{"rendered":"<p><a href=\"https:\/\/yithcompare.321dev.ch\/wp-content\/uploads\/2021\/04\/MondaysCullyJazz_2.png\"><img loading=\"lazy\" decoding=\"async\" class=\"alignnone size-medium wp-image-24368\" src=\"https:\/\/yithcompare.321dev.ch\/wp-content\/uploads\/2021\/04\/MondaysCullyJazz_2-400x400.png\" alt=\"\" width=\"400\" height=\"400\" srcset=\"https:\/\/yithcompare.321dev.ch\/wp-content\/uploads\/2021\/04\/MondaysCullyJazz_2-400x400.png 400w, https:\/\/yithcompare.321dev.ch\/wp-content\/uploads\/2021\/04\/MondaysCullyJazz_2-280x280.png 280w, https:\/\/yithcompare.321dev.ch\/wp-content\/uploads\/2021\/04\/MondaysCullyJazz_2-290x290.png 290w, https:\/\/yithcompare.321dev.ch\/wp-content\/uploads\/2021\/04\/MondaysCullyJazz_2-100x100.png 100w, https:\/\/yithcompare.321dev.ch\/wp-content\/uploads\/2021\/04\/MondaysCullyJazz_2.png 480w\" sizes=\"auto, (max-width: 400px) 100vw, 400px\" \/><\/a><\/p>\n<p>Le Cully Jazz Festival et Les Caf\u00e9s Esperanza est une jolie histoire qui se perp\u00e9tue, ann\u00e9e apr\u00e8s ann\u00e9e. D\u2019un cot\u00e9, le jazz en terres de Chasselas, de l\u2019autre un torr\u00e9facteur artisanal passionn\u00e9 et ambitieux. Cette confiance nous honore et nous fait plaisir.<\/p>\n<p>Mettez-nous \u00e0 l\u2019\u00e9preuve pendant un p\u00e9riode d\u2019essai sur votre place de travail? Vous recherchez un\u00a0<a id=\"link-55\" href=\"https:\/\/773z8ylgf.preview.infomaniak.website\/fr\/solutions-pro-machines-a-cafe\">partenaire caf\u00e9 de qualit\u00e9 et des solutions professionnelles?<\/a>\u00a0Venez nous rendre visite sous le auvent de la sc\u00e8ne principale et b\u00e9n\u00e9ficiez d&rsquo;un mois de caf\u00e9s offerts dans votre entreprise pour toute relation d\u2019affaire initi\u00e9e pendant le Cully Jazz Festival.<\/p>\n","protected":false},"excerpt":{"rendered":"<p>Le Cully Jazz Festival et Les Caf\u00e9s Esperanza est une jolie histoire qui se perp\u00e9tue, ann\u00e9e apr\u00e8s ann\u00e9e. D\u2019un cot\u00e9, le jazz en terres de Chasselas, de l\u2019autre un torr\u00e9facteur artisanal passionn\u00e9 et ambitieux. Cette confiance nous honore et nous fait plaisir. Mettez-nous \u00e0 l\u2019\u00e9preuve pendant un p\u00e9riode d\u2019essai sur votre place de travail? Vous [&hellip;]<\/p>\n","protected":false},"author":3682,"featured_media":0,"comment_status":"open","ping_status":"open","sticky":false,"template":"","format":"standard","meta":{"footnotes":""},"categories":[1],"tags":[],"class_list":["post-24367","post","type-post","status-publish","format-standard","hentry","category-news-esperanza"],"_links":{"self":[{"href":"https:\/\/yithcompare.321dev.ch\/fr\/wp-json\/wp\/v2\/posts\/24367","targetHints":{"allow":["GET"]}}],"collection":[{"href":"https:\/\/yithcompare.321dev.ch\/fr\/wp-json\/wp\/v2\/posts"}],"about":[{"href":"https:\/\/yithcompare.321dev.ch\/fr\/wp-json\/wp\/v2\/types\/post"}],"author":[{"embeddable":true,"href":"https:\/\/yithcompare.321dev.ch\/fr\/wp-json\/wp\/v2\/users\/3682"}],"replies":[{"embeddable":true,"href":"https:\/\/yithcompare.321dev.ch\/fr\/wp-json\/wp\/v2\/comments?post=24367"}],"version-history":[{"count":0,"href":"https:\/\/yithcompare.321dev.ch\/fr\/wp-json\/wp\/v2\/posts\/24367\/revisions"}],"wp:attachment":[{"href":"https:\/\/yithcompare.321dev.ch\/fr\/wp-json\/wp\/v2\/media?parent=24367"}],"wp:term":[{"taxonomy":"category","embeddable":true,"href":"https:\/\/yithcompare.321dev.ch\/fr\/wp-json\/wp\/v2\/categories?post=24367"},{"taxonomy":"post_tag","embeddable":true,"href":"https:\/\/yithcompare.321dev.ch\/fr\/wp-json\/wp\/v2\/tags?post=24367"}],"curies":[{"name":"wp","href":"https:\/\/api.w.org\/{rel}","templated":true}]}}