{"id":24359,"date":"2017-04-05T10:52:43","date_gmt":"2017-04-05T08:52:43","guid":{"rendered":"https:\/\/esperanza.ch\/?p=24359"},"modified":"2024-04-30T14:51:59","modified_gmt":"2024-04-30T12:51:59","slug":"fournisseur-officiel-du-cully-jazz-festival","status":"publish","type":"post","link":"https:\/\/yithcompare.321dev.ch\/fr\/fournisseur-officiel-du-cully-jazz-festival\/","title":{"rendered":"FOURNISSEUR OFFICIEL DU CULLY JAZZ FESTIVAL"},"content":{"rendered":"<p><a href=\"https:\/\/yithcompare.321dev.ch\/wp-content\/uploads\/2021\/04\/cully_mondays.png\"><img loading=\"lazy\" decoding=\"async\" src=\"https:\/\/yithcompare.321dev.ch\/wp-content\/uploads\/2021\/04\/cully_mondays-400x400.png\" alt=\"\" width=\"400\" height=\"400\" \/><\/a> Artisan torr\u00e9facteur, nous sommes fiers d\u2019\u00eatre le partenaire caf\u00e9 du Cully Jazz Festival. Pendant la f\u00e9\u00e9rie du festival, d\u00e9gustez notre \u00abdoppio\u00bb et nos\u00a0<a id=\"link-55\" href=\"https:\/\/yithcompare.321dev.ch\/fr\/categorie-produit\/cafe\/\">caf\u00e9s de qualit\u00e9<\/a>\u00a0sous l&rsquo;auvent du chapiteau. Rendez-nous visite et\u00a0<a id=\"link-56\" href=\"https:\/\/773z8ylgf.preview.infomaniak.website\/fr\/solutions-pro-machines-a-cafe\/bureau-et-entreprise\">d\u00e9couvrez nos solutions caf\u00e9 professionnelles<\/a>adapt\u00e9es \u00e0 votre place de travail. Parlez-en \u00e0 votre Office Manager, mettez-nous l\u2019\u00e9preuve? Et profitez d\u2019un mois de caf\u00e9s offerts!<\/p>\n","protected":false},"excerpt":{"rendered":"<p>Artisan torr\u00e9facteur, nous sommes fiers d\u2019\u00eatre le partenaire caf\u00e9 du Cully Jazz Festival. Pendant la f\u00e9\u00e9rie du festival, d\u00e9gustez notre \u00abdoppio\u00bb et nos\u00a0caf\u00e9s de qualit\u00e9\u00a0sous l&rsquo;auvent du chapiteau. Rendez-nous visite et\u00a0d\u00e9couvrez nos solutions caf\u00e9 professionnellesadapt\u00e9es \u00e0 votre place de travail. Parlez-en \u00e0 votre Office Manager, mettez-nous l\u2019\u00e9preuve? Et profitez d\u2019un mois de caf\u00e9s offerts!<\/p>\n","protected":false},"author":3682,"featured_media":0,"comment_status":"open","ping_status":"open","sticky":false,"template":"","format":"standard","meta":{"footnotes":""},"categories":[1],"tags":[],"class_list":["post-24359","post","type-post","status-publish","format-standard","hentry","category-news-esperanza"],"_links":{"self":[{"href":"https:\/\/yithcompare.321dev.ch\/fr\/wp-json\/wp\/v2\/posts\/24359","targetHints":{"allow":["GET"]}}],"collection":[{"href":"https:\/\/yithcompare.321dev.ch\/fr\/wp-json\/wp\/v2\/posts"}],"about":[{"href":"https:\/\/yithcompare.321dev.ch\/fr\/wp-json\/wp\/v2\/types\/post"}],"author":[{"embeddable":true,"href":"https:\/\/yithcompare.321dev.ch\/fr\/wp-json\/wp\/v2\/users\/3682"}],"replies":[{"embeddable":true,"href":"https:\/\/yithcompare.321dev.ch\/fr\/wp-json\/wp\/v2\/comments?post=24359"}],"version-history":[{"count":0,"href":"https:\/\/yithcompare.321dev.ch\/fr\/wp-json\/wp\/v2\/posts\/24359\/revisions"}],"wp:attachment":[{"href":"https:\/\/yithcompare.321dev.ch\/fr\/wp-json\/wp\/v2\/media?parent=24359"}],"wp:term":[{"taxonomy":"category","embeddable":true,"href":"https:\/\/yithcompare.321dev.ch\/fr\/wp-json\/wp\/v2\/categories?post=24359"},{"taxonomy":"post_tag","embeddable":true,"href":"https:\/\/yithcompare.321dev.ch\/fr\/wp-json\/wp\/v2\/tags?post=24359"}],"curies":[{"name":"wp","href":"https:\/\/api.w.org\/{rel}","templated":true}]}}