{"id":53029,"date":"2024-09-09T13:09:19","date_gmt":"2024-09-09T11:09:19","guid":{"rendered":"https:\/\/esperanza.ch\/?p=53029"},"modified":"2024-09-23T13:22:27","modified_gmt":"2024-09-23T11:22:27","slug":"cortado-kaffee-starker-espresso","status":"publish","type":"post","link":"https:\/\/yithcompare.321dev.ch\/de\/cortado-kaffee-starker-espresso\/","title":{"rendered":"Entdecken Sie den Cortado-Kaffee, den starken Espresso Spaniens"},"content":{"rendered":"<p>Die Welt des Kaffees ist reich an Aromen und Traditionen.\nWenn Sie ein Kaffeeliebhaber auf der Suche nach einem neuen Geschmackserlebnis sind, m\u00f6chten wir Ihnen den Espresso Cortado vorstellen, ein unbekanntes Getr\u00e4nk aus Spanien, das die Herzen von <em>Coffee Lovers<\/em> auf der ganzen Welt erobert hat. <\/p><h2 class=\"wp-block-heading\"><strong>Was ist ein Espresso cortado?<\/strong><\/h2><p>Das Wort &#8222;cortado&#8220; bedeutet im Spanischen &#8222;geschnitten&#8220; und genau das ist es, was diese Art von Hei\u00dfgetr\u00e4nk definiert.\nEin Cortado ist also <strong>ein &#8222;geschnittener&#8220; Espresso<\/strong>, dem eine kleine Menge hei\u00dfer, aufgesch\u00e4umter Milch hinzugef\u00fcgt wird. <\/p><p>  Im Gegensatz zu einem Latte Macchiato, bei dem die Milch der Star ist, konzentriert sich der Cortado auf <strong>die Intensit\u00e4t und den Reichtum des Espressos<\/strong>.\nDie Milch mildert den bitteren Geschmack etwas ab und schafft eine samtige Textur. <\/p><div class=\"wp-block-image\"><figure class=\"aligncenter size-full is-resized\"><a href=\"https:\/\/yithcompare.321dev.ch\/wp-content\/uploads\/2024\/09\/17646816249_ae4b77aa48_c.jpg\"><img loading=\"lazy\" decoding=\"async\" width=\"800\" height=\"532\" src=\"https:\/\/yithcompare.321dev.ch\/wp-content\/uploads\/2024\/09\/17646816249_ae4b77aa48_c.jpg\" alt=\"Espresso cortado\" class=\"wp-image-53003\" style=\"width:884px;height:auto\" srcset=\"https:\/\/yithcompare.321dev.ch\/wp-content\/uploads\/2024\/09\/17646816249_ae4b77aa48_c.jpg 800w, https:\/\/yithcompare.321dev.ch\/wp-content\/uploads\/2024\/09\/17646816249_ae4b77aa48_c-602x400.jpg 602w, https:\/\/yithcompare.321dev.ch\/wp-content\/uploads\/2024\/09\/17646816249_ae4b77aa48_c-768x511.jpg 768w, https:\/\/yithcompare.321dev.ch\/wp-content\/uploads\/2024\/09\/17646816249_ae4b77aa48_c-510x339.jpg 510w\" sizes=\"auto, (max-width: 800px) 100vw, 800px\" \/><\/a><\/figure><\/div><div style=\"height:41px\" aria-hidden=\"true\" class=\"wp-block-spacer\"><\/div><h2 class=\"wp-block-heading\"><strong>Der Ursprung und die Tradition des echten Caf\u00e9 Cortado  <\/strong><\/h2><p>Die genaue Geschichte des klassischen Cortado ist unklar, aber seine Beliebtheit ist in den letzten Jahren sprunghaft angestiegen.\nMan sagt, dass er aus dem<strong> spanischen Baskenland<\/strong> stammt, wo er zu einem festen Bestandteil von Caf\u00e9s und Tapas-Bars geworden ist.\nDer Cortado wird traditionell in einem kurzen Glas serviert und langsam getrunken, wobei jeder Schluck genossen wird.  <\/p><p>W\u00e4hrend die Italiener ihren <a href=\"https:\/\/yithcompare.321dev.ch\/de\/rezept-cappuccino-kaffee\/\" target=\"_blank\" rel=\"noreferrer noopener\">Cappuccino <\/a>am Morgen (vor 11.00 Uhr) trinken, wird der Cortado in Spanien und Portugal sowie in den lateinamerikanischen L\u00e4ndern am Nachmittag genossen.<\/p><p>Die Australier haben ihn liebevoll Piccolo, der Kleine, getauft.\nDer Cortado hat auch einen anderen Spitznamen: &#8222;Gibraltar&#8220;, wegen des gleichnamigen Glases, in dem er serviert wird. <\/p><div class=\"wp-block-image\"><figure class=\"aligncenter size-full is-resized\"><a href=\"https:\/\/yithcompare.321dev.ch\/wp-content\/uploads\/2024\/09\/14626613249_ebbacfbc1b_c-2.jpg\"><img loading=\"lazy\" decoding=\"async\" width=\"799\" height=\"533\" src=\"https:\/\/yithcompare.321dev.ch\/wp-content\/uploads\/2024\/09\/14626613249_ebbacfbc1b_c-2.jpg\" alt=\"Zwei kleine Gl\u00e4ser Espresso Cortado mit Latte Art auf dem Schaum stehen auf wei\u00dfen Untertassen, dazu gibt es Metalll\u00f6ffel. Gl\u00e4ser und L\u00f6ffel ruhen auf einer glatten, grauen Arbeitsplatte.\" class=\"wp-image-53033\" style=\"width:866px;height:auto\" srcset=\"https:\/\/yithcompare.321dev.ch\/wp-content\/uploads\/2024\/09\/14626613249_ebbacfbc1b_c-2.jpg 799w, https:\/\/yithcompare.321dev.ch\/wp-content\/uploads\/2024\/09\/14626613249_ebbacfbc1b_c-2-600x400.jpg 600w, https:\/\/yithcompare.321dev.ch\/wp-content\/uploads\/2024\/09\/14626613249_ebbacfbc1b_c-2-768x512.jpg 768w, https:\/\/yithcompare.321dev.ch\/wp-content\/uploads\/2024\/09\/14626613249_ebbacfbc1b_c-2-510x340.jpg 510w\" sizes=\"auto, (max-width: 799px) 100vw, 799px\" \/><\/a><\/figure><\/div><div style=\"height:41px\" aria-hidden=\"true\" class=\"wp-block-spacer\"><\/div><h2 class=\"wp-block-heading\"><strong>Die perfekte Mischung f\u00fcr einen authentischen Espresso cortado<\/strong><\/h2><p>Die Sch\u00f6nheit des Cortado liegt in seiner Einfachheit und dem Gleichgewicht zwischen S\u00fc\u00dfe und S\u00e4ure.\nF\u00fcr das <strong>gleiche Verh\u00e4ltnis von Espresso und hei\u00dfer Milch<\/strong> ben\u00f6tigen Sie etwa 30 ml von jeder Zutat.\nDer Schl\u00fcssel zu einem gelungenen Cortado liegt in der Qualit\u00e4t des Espressos und der Textur der Milch.  <\/p><h3 class=\"wp-block-heading\"><strong>Zubereitung des Cortado-Rezepts zu Hause<\/strong><\/h3><p>Sie m\u00fcssen kein professioneller Barista sein, um eine k\u00f6stliche Tasse Cortado zu Hause zu genie\u00dfen.\nHier sind die wichtigsten Schritte, um dieses Getr\u00e4nk perfekt zuzubereiten: <\/p><ol class=\"wp-block-list\"><li><strong>Die<\/strong><a href=\"https:\/\/yithcompare.321dev.ch\/de\/espresso-auf-der-ganzen-welt\/\" target=\"_blank\" rel=\"noreferrer noopener\"><strong> Espressokaffee<\/strong><\/a> Verwenden <strong> Sie<\/strong> einen hochwertigen, frisch gemahlenen Kaffee und eine Espressomaschine, mit der Sie den Druck und die Temperatur des Wassers kontrollieren k\u00f6nnen.\nEine optimale Espresso-Extraktion ist entscheidend f\u00fcr einen erfolgreichen Cortado.   <\/li>\n\n<li><strong>Die Milch:<\/strong> W\u00e4hlen Sie Vollmilch, um einen cremigen und dichten Mikroschaum zu erzeugen.\nErhitzen Sie die Milch mit einer<a href=\"https:\/\/yithcompare.321dev.ch\/de\/produit\/buse-mousse-fine-pro-jura-g2-2\/\" target=\"_blank\" rel=\"noreferrer noopener\"> Dampfd\u00fcse<\/a> und erzeugen Sie einen leichten Wirbel, um einen feinen und seidigen Mikroschaum zu erhalten.\nDie Milch muss erhitzt werden  <strong> <\/strong>gerade genug, um eine glatte und samtige Textur zu erzeugen.\nSie sollten ihn niemals kochen, da dies seinen Geschmack und seine Konsistenz beeintr\u00e4chtigen kann. <\/li>\n\n<li><strong>Anrichten:<\/strong> Gie\u00dfen Sie die hei\u00dfe Milch vorsichtig \u00fcber den Espresso, indem Sie sie \u00fcber einen umgedrehten L\u00f6ffel laufen lassen, um einen intensiven Kontrast zwischen Kaffee und Milch zu erzeugen.<\/li><\/ol><p>M\u00f6chten Sie einen echten Cortado mit nur einem Knopfdruck erhalten?\nMit der<a href=\"https:\/\/yithcompare.321dev.ch\/de\/produit\/jura-e8-dark-inox-sc-15590\/\" target=\"_blank\" rel=\"noreferrer noopener\"> Kaffeemaschine JURA E8<\/a>, dem unverzichtbaren Verb\u00fcndeten aller Kaffeeliebhaber, ist das jetzt m\u00f6glich. <\/p><div class=\"wp-block-image\"><figure class=\"aligncenter size-full is-resized\"><a href=\"https:\/\/yithcompare.321dev.ch\/wp-content\/uploads\/2024\/09\/22069827133_8e3c02a085_c.jpg\"><img loading=\"lazy\" decoding=\"async\" width=\"800\" height=\"600\" src=\"https:\/\/yithcompare.321dev.ch\/wp-content\/uploads\/2024\/09\/22069827133_8e3c02a085_c.jpg\" alt=\"Espresso cortado\" class=\"wp-image-53014\" style=\"width:829px;height:auto\" srcset=\"https:\/\/yithcompare.321dev.ch\/wp-content\/uploads\/2024\/09\/22069827133_8e3c02a085_c.jpg 800w, https:\/\/yithcompare.321dev.ch\/wp-content\/uploads\/2024\/09\/22069827133_8e3c02a085_c-533x400.jpg 533w, https:\/\/yithcompare.321dev.ch\/wp-content\/uploads\/2024\/09\/22069827133_8e3c02a085_c-768x576.jpg 768w, https:\/\/yithcompare.321dev.ch\/wp-content\/uploads\/2024\/09\/22069827133_8e3c02a085_c-510x383.jpg 510w\" sizes=\"auto, (max-width: 800px) 100vw, 800px\" \/><\/a><\/figure><\/div><div style=\"height:37px\" aria-hidden=\"true\" class=\"wp-block-spacer\"><\/div><h3 class=\"wp-block-heading\"><strong>Entdecken und genie\u00dfen Sie den kr\u00e4ftigen Espresso cortado.<\/strong><\/h3><p>Der Cortado ist ideal, um ihn zu jeder Tageszeit zu genie\u00dfen.\nSeine geringe Gr\u00f6\u00dfe macht ihn zur perfekten Wahl f\u00fcr eine <strong>schnelle und schmackhafte Kaffeepause<\/strong>.\nUm sein volles Aroma zu genie\u00dfen, sollten Sie ihn in den ersten Minuten nach der Zubereitung trinken.  <\/p><p>W\u00e4hrend der traditionelle Cortado mit Kuhmilch zubereitet wird, gibt es heute viele verschiedene Varianten, um jeden Gaumen und jeden Geschmack zu befriedigen.<\/p><p>Sie k\u00f6nnen z.B. die tierische Milch durch pflanzliche Mandel-, Soja- oder Hafermilch f\u00fcr eine vegane Version ersetzen.\nF\u00fcr eine s\u00fc\u00dfe Note k\u00f6nnen Sie auch <strong>einen Schuss Sirup hinzuf\u00fcgen<\/strong>.<a href=\"https:\/\/yithcompare.321dev.ch\/de\/produit\/kaffeesirup-karamel-1883-maison-routin\/\" target=\"_blank\" rel=\"noreferrer noopener\"><strong> Karamellsirup hinzu.<\/strong><\/a><strong> oder Ahornsirup<\/strong>.   <\/p><figure class=\"wp-block-video\"><video autoplay controls src=\"https:\/\/yithcompare.321dev.ch\/wp-content\/uploads\/2024\/09\/appletv.mp4\"><\/video><\/figure><div style=\"height:41px\" aria-hidden=\"true\" class=\"wp-block-spacer\"><\/div><h2 class=\"wp-block-heading\"><strong>Esperanza, Ihr Partner f\u00fcr einen au\u00dfergew\u00f6hnlichen Espresso Cortado<\/strong><\/h2><p>Wir bei Esperanza haben eine Leidenschaft f\u00fcr die Kunst des Kaffees und w\u00e4hlen sorgf\u00e4ltig die besten Sorten aus, um Ihnen ein einzigartiges Geschmackserlebnis zu bieten.\nAlle unsere Bohnen und gemahlenen Kaffees werden in der Schweiz handwerklich ger\u00f6stet und tragen das <a href=\"https:\/\/yithcompare.321dev.ch\/de\/le-cafe-fairtrade-eine-tasse-von-geschmack-und-qualitaet\/\">Fairtrade-Siegel<\/a>.\nLassen Sie sich von einem authentischen Espresso Cortado verf\u00fchren.  <\/p><p><strong>Besuchen Sie unser Gesch\u00e4ft in <a href=\"https:\/\/www.google.com\/maps\/place\/Les+Caf%C3%A9s+Esperanza+S%C3%A0rl\/@46.618166,7.020688,15z\/data=!4m2!3m1!1s0x0:0x483924ad2ff0f3ec?sa=X&amp;ved=1t:2428&amp;ictx=111\" target=\"_blank\" rel=\"noreferrer noopener\">Vuadens <\/a>oder besuchen Sie unsere Website. <\/strong><a href=\"https:\/\/yithcompare.321dev.ch\/de\/\" target=\"_blank\" rel=\"noreferrer noopener\"><strong>Esperanza.ch<\/strong><\/a><strong> Hier finden Sie unsere Auswahl an Kaffeesorten, Maschinen und Zubeh\u00f6r.<\/strong><\/p>","protected":false},"excerpt":{"rendered":"<p>Die Welt des Kaffees ist reich an Aromen und Traditionen. Wenn Sie ein Kaffeeliebhaber auf der Suche nach einem neuen Geschmackserlebnis sind, m\u00f6chten wir Ihnen den Espresso Cortado vorstellen, ein unbekanntes Getr\u00e4nk aus Spanien, das die Herzen von Coffee Lovers auf der ganzen Welt erobert hat. Was ist ein Espresso cortado? Das Wort &#8222;cortado&#8220; bedeutet [&hellip;]<\/p>\n","protected":false},"author":6990,"featured_media":53006,"comment_status":"open","ping_status":"open","sticky":false,"template":"","format":"standard","meta":{"footnotes":""},"categories":[488,489],"tags":[],"class_list":["post-53029","post","type-post","status-publish","format-standard","has-post-thumbnail","hentry","category-einnahmen","category-stil"],"_links":{"self":[{"href":"https:\/\/yithcompare.321dev.ch\/de\/wp-json\/wp\/v2\/posts\/53029","targetHints":{"allow":["GET"]}}],"collection":[{"href":"https:\/\/yithcompare.321dev.ch\/de\/wp-json\/wp\/v2\/posts"}],"about":[{"href":"https:\/\/yithcompare.321dev.ch\/de\/wp-json\/wp\/v2\/types\/post"}],"author":[{"embeddable":true,"href":"https:\/\/yithcompare.321dev.ch\/de\/wp-json\/wp\/v2\/users\/6990"}],"replies":[{"embeddable":true,"href":"https:\/\/yithcompare.321dev.ch\/de\/wp-json\/wp\/v2\/comments?post=53029"}],"version-history":[{"count":0,"href":"https:\/\/yithcompare.321dev.ch\/de\/wp-json\/wp\/v2\/posts\/53029\/revisions"}],"wp:featuredmedia":[{"embeddable":true,"href":"https:\/\/yithcompare.321dev.ch\/de\/wp-json\/wp\/v2\/media\/53006"}],"wp:attachment":[{"href":"https:\/\/yithcompare.321dev.ch\/de\/wp-json\/wp\/v2\/media?parent=53029"}],"wp:term":[{"taxonomy":"category","embeddable":true,"href":"https:\/\/yithcompare.321dev.ch\/de\/wp-json\/wp\/v2\/categories?post=53029"},{"taxonomy":"post_tag","embeddable":true,"href":"https:\/\/yithcompare.321dev.ch\/de\/wp-json\/wp\/v2\/tags?post=53029"}],"curies":[{"name":"wp","href":"https:\/\/api.w.org\/{rel}","templated":true}]}}