{"id":42654,"date":"2023-09-14T14:58:21","date_gmt":"2023-09-14T12:58:21","guid":{"rendered":"https:\/\/esperanza.ch\/cafe-equitable\/"},"modified":"2024-10-23T13:06:32","modified_gmt":"2024-10-23T11:06:32","slug":"fair-gehandelter-kaffee","status":"publish","type":"post","link":"https:\/\/yithcompare.321dev.ch\/de\/fair-gehandelter-kaffee\/","title":{"rendered":"Fair gehandelter Kaffee: eine Tasse Ethik, eine Welt voller Geschmack"},"content":{"rendered":"<p>Kaffee ist viel mehr als nur ein Morgenritual, sondern eine Reise durch Kulturen, tiefe Verpflichtungen und leider auch Ungleichheiten. Jede Tasse spiegelt eine Wahl wider: ein Bekenntnis zu unseren Werten in einer Welt, in der jeder Kauf z\u00e4hlt. <\/p><p>Fair gehandelter Kaffee, der von S\u00e4ulen wie Fairtrade\/Max Havelaar getragen wird, ist mehr als eine geschmackliche Vorliebe; er ist eine Stellungnahme f\u00fcr einen verantwortungsvolleren Handel und einen bewussteren Konsum. Wenn wir dieses Getr\u00e4nk genie\u00dfen, erfreuen wir uns nicht nur an seinem Aroma, sondern feiern auch die Hoffnung und die Fairness.<\/p><p>Kommen Sie mit uns an Bord, um diese transformative Bewegung zu erkunden, bei der der Genuss einer Tasse Kaffee zu einem Zeugnis unseres Engagements f\u00fcr einen faireren Handel wird.<\/p><h2 class=\"wp-block-heading\">Die Urspr\u00fcnge des fair gehandelten Kaffees<\/h2><p>Lange bevor Fair-Trade-Kaffee ein gel\u00e4ufiger Begriff wurde, war der weltweite Kaffeehandel oft von eklatanten Ungleichheiten gepr\u00e4gt. Kleinbauern hatten trotz ihrer entscheidenden Rolle in der Produktion Schwierigkeiten, eine angemessene Entlohnung f\u00fcr ihre harte Arbeit zu erhalten. Konfrontiert mit Preisschwankungen, Ausbeutung und wirtschaftlicher Ungerechtigkeit lebten viele Menschen in prek\u00e4ren Verh\u00e4ltnissen.<\/p><p>In diesem Zusammenhang entstand die Bewegung f\u00fcr fair gehandelten Kaffee. Sein Ziel? Sicherstellung einer angemessenen Entlohnung f\u00fcr Landwirte bei gleichzeitiger F\u00f6rderung nachhaltiger Produktionsmethoden. Unter den Hauptakteuren dieser Bewegung hat sich Fairtrade\/Max Havelaar schnell hervorgetan. <\/p><p>Die in den 1980er Jahren gegr\u00fcndete Organisation hat sich verpflichtet, die Ausbeutung in der Kaffeeindustrie zu beenden und den Bauern einen Mindestpreis zu garantieren. So positionierte sich Fairtrade\/Max Havelaar von Anfang an als Rettungsanker f\u00fcr diese Kaffeehandwerker und forderte gleichzeitig die Welt auf, ihre Art des Konsums zu \u00fcberdenken.<\/p><div class=\"wp-block-image\"><figure class=\"aligncenter size-large\"><a href=\"https:\/\/yithcompare.321dev.ch\/wp-content\/uploads\/2023\/09\/AdobeStock_74814672-scaled.jpeg\"><img loading=\"lazy\" decoding=\"async\" width=\"1203\" height=\"800\" src=\"https:\/\/yithcompare.321dev.ch\/wp-content\/uploads\/2023\/09\/AdobeStock_74814672-1203x800.jpeg\" alt=\"Die Urspr&#xFC;nge des fair gehandelten Kaffees\" class=\"wp-image-42425\" srcset=\"https:\/\/yithcompare.321dev.ch\/wp-content\/uploads\/2023\/09\/AdobeStock_74814672-1203x800.jpeg 1203w, https:\/\/yithcompare.321dev.ch\/wp-content\/uploads\/2023\/09\/AdobeStock_74814672-602x400.jpeg 602w, https:\/\/yithcompare.321dev.ch\/wp-content\/uploads\/2023\/09\/AdobeStock_74814672-768x511.jpeg 768w, https:\/\/yithcompare.321dev.ch\/wp-content\/uploads\/2023\/09\/AdobeStock_74814672-1536x1021.jpeg 1536w, https:\/\/yithcompare.321dev.ch\/wp-content\/uploads\/2023\/09\/AdobeStock_74814672-scaled.jpeg 2048w, https:\/\/yithcompare.321dev.ch\/wp-content\/uploads\/2023\/09\/AdobeStock_74814672-510x339.jpeg 510w\" sizes=\"auto, (max-width: 1203px) 100vw, 1203px\" \/><\/a><\/figure><\/div><div style=\"height:50px\" aria-hidden=\"true\" class=\"wp-block-spacer\"><\/div><h2 class=\"wp-block-heading\">Von der Pflanzung bis zur R\u00f6stung: Ethik in jeder Phase<\/h2><p>Der Weg des Kaffees von seiner ersten Keimung als Bohne bis zu seiner Verwandlung in ein exquisites Getr\u00e4nk ist eine Abfolge von sorgf\u00e4ltigen Schritten. So wird im Bereich des fair gehandelten Kaffees jeder Schritt von unersch\u00fctterlichen ethischen Grunds\u00e4tzen geleitet.<\/p><h3 class=\"wp-block-heading\">1. Die Plantage: Ethische Geburt<\/h3><p>Alles beginnt mit der Pflanzung. Fair gehandelter Kaffee bevorzugt nachhaltige Anbautechniken: weniger Pestizide, mehr biologische und umweltschonende Methoden. Diese Ans\u00e4tze erhalten nicht nur die Biodiversit\u00e4t der B\u00f6den, sondern garantieren auch eine bessere Produktqualit\u00e4t.<\/p><h3 class=\"wp-block-heading\">2. Ernte: Faire Bezahlung und g\u00fcnstige Bedingungen<\/h3><p>Die Erntephase ist von entscheidender Bedeutung. Die Arbeiterinnen und Arbeiter im fair gehandelten Kaffee werden nicht nur gut bezahlt, sondern profitieren auch von sicheren Arbeitsbedingungen. Durch ihre Beteiligung an Genossenschaften haben sie auch ein Mitspracherecht.<\/p><div class=\"wp-block-image\"><figure class=\"aligncenter size-large\"><a href=\"https:\/\/yithcompare.321dev.ch\/wp-content\/uploads\/2023\/09\/AdobeStock_450344524-scaled.jpeg\"><img loading=\"lazy\" decoding=\"async\" width=\"1199\" height=\"800\" src=\"https:\/\/yithcompare.321dev.ch\/wp-content\/uploads\/2023\/09\/AdobeStock_450344524-1199x800.jpeg\" alt=\"Kaffee-Ernte: Faire Bezahlung und g&#xFC;nstige Bedingungen\" class=\"wp-image-42419\" srcset=\"https:\/\/yithcompare.321dev.ch\/wp-content\/uploads\/2023\/09\/AdobeStock_450344524-1199x800.jpeg 1199w, https:\/\/yithcompare.321dev.ch\/wp-content\/uploads\/2023\/09\/AdobeStock_450344524-600x400.jpeg 600w, https:\/\/yithcompare.321dev.ch\/wp-content\/uploads\/2023\/09\/AdobeStock_450344524-768x512.jpeg 768w, https:\/\/yithcompare.321dev.ch\/wp-content\/uploads\/2023\/09\/AdobeStock_450344524-1536x1025.jpeg 1536w, https:\/\/yithcompare.321dev.ch\/wp-content\/uploads\/2023\/09\/AdobeStock_450344524-scaled.jpeg 2048w, https:\/\/yithcompare.321dev.ch\/wp-content\/uploads\/2023\/09\/AdobeStock_450344524-510x340.jpeg 510w\" sizes=\"auto, (max-width: 1199px) 100vw, 1199px\" \/><\/a><\/figure><\/div><div style=\"height:50px\" aria-hidden=\"true\" class=\"wp-block-spacer\"><\/div><h3 class=\"wp-block-heading\">3. Verarbeitung: Minimierung der \u00f6kologischen Auswirkungen<\/h3><p>Die Verarbeitung des Kaffees &#8211; Trocknen, R\u00f6sten, Verpacken &#8211; erfolgt umweltschonend. Der Schwerpunkt liegt auf der Reduzierung des \u00f6kologischen Fu\u00dfabdrucks und der Verschwendung.<\/p><h3 class=\"wp-block-heading\">4. Vertrieb: Gew\u00e4hrleistung einer ethischen Kette<\/h3><p>Wenn Sie einen Kaffee mit dem Fairtrade\/Max Havelaar-Siegel kaufen, k\u00f6nnen Sie sicher sein, dass das Produkt eine ethische Kette durchlaufen hat und gleichzeitig die Erzeugergemeinschaften durch Bildung und nachhaltige Entwicklung unterst\u00fctzt werden.<\/p><p>Jeder Schritt, vom Samen bis zur Tasse, spiegelt eine ethische Entscheidung wider. Das ist das Versprechen eines Schlucks fair gehandelten Kaffees.<\/p><h2 class=\"wp-block-heading\">Das Fairtrade\/Max Havelaar-Siegel: mehr als nur ein Etikett<\/h2><h3 class=\"wp-block-heading\">Das Wesen des Labels<\/h3><p>Das Fairtrade\/Max Havelaar-Siegel ist ein Symbol mit hohem Wiedererkennungswert, aber es ist viel mehr als nur ein Etikett auf Ihrer Kaffeepackung. Jedes Mal, wenn Sie dieses Siegel sehen, bedeutet dies, dass die Produzenten einen fairen Preis f\u00fcr ihre Arbeit erhalten haben. Es ist eine Garantie daf\u00fcr, dass hinter jeder Kaffeebohne eine Geschichte von Gerechtigkeit, Gleichheit und Nachhaltigkeit steht.<\/p><h3 class=\"wp-block-heading\">Design und Farbe: eine unterschwellige Botschaft<\/h3><p>Was das markante Design auf schwarzem oder wei\u00dfem Hintergrund betrifft, so ist es dazu da, sich von der Masse abzuheben. Schwarz steht f\u00fcr Strenge, die Festigkeit von Verpflichtungen, w\u00e4hrend Wei\u00df an Transparenz, die Reinheit von Absichten erinnert. Wenn Sie sich also f\u00fcr einen Kaffee mit diesem Siegel entscheiden, kaufen Sie nicht einfach nur ein Getr\u00e4nk, sondern leisten einen aktiven Beitrag zu einer respektvollen und ethischen Produktionskette und unterst\u00fctzen die Bauern bei ihrem Streben nach einem besseren Leben.<\/p><h2 class=\"wp-block-heading\">Warum sich Fairtrade\/Max Havelaar auszeichnet<\/h2><h3 class=\"wp-block-heading\">Un\u00fcbertroffenes Engagement<\/h3><p>W\u00e4hrend es auf dem Markt eine F\u00fclle verschiedener ethischer Labels gibt, hebt sich Fairtrade\/Max Havelaar durch sein unersch\u00fctterliches Engagement f\u00fcr die Produzenten ab. Anstatt sich mit einem oberfl\u00e4chlichen Ansatz zu begn\u00fcgen, geht dieses Siegel einen Schritt weiter, indem es gleichzeitig eine faire Entlohnung f\u00fcr die Bauern sicherstellt und ihnen die Ressourcen zur Verf\u00fcgung stellt, die sie ben\u00f6tigen, um ihre Gemeinschaften nachhaltig zu entwickeln.<\/p><h3 class=\"wp-block-heading\">Mehr als nur Ethik<\/h3><p>Was Fairtrade\/Max Havelaar so einzigartig macht, ist seine ganzheitliche Vision von Nachhaltigkeit. Es geht nicht nur darum, dass die Bauern einen angemessenen Lohn erhalten, sondern auch darum, dass sie Zugang zu Schulungen, Werkzeugen und nachhaltigen landwirtschaftlichen Praktiken haben. <\/p><p>Wenn Sie also dieses Siegel unterst\u00fctzen, unterst\u00fctzen Sie eine Initiative, die auf echte und greifbare Ver\u00e4nderungen in der Kaffeeindustrie abzielt und gleichzeitig einen verantwortungsvollen Konsum f\u00f6rdert.<\/p><div class=\"wp-block-image\"><figure class=\"aligncenter size-large\"><a href=\"https:\/\/yithcompare.321dev.ch\/wp-content\/uploads\/2023\/09\/AdobeStock_129236915-scaled.jpeg\"><img loading=\"lazy\" decoding=\"async\" width=\"1200\" height=\"800\" src=\"https:\/\/yithcompare.321dev.ch\/wp-content\/uploads\/2023\/09\/AdobeStock_129236915-1200x800.jpeg\" alt=\"fair gehandelter Kaffee\" class=\"wp-image-42422\" srcset=\"https:\/\/yithcompare.321dev.ch\/wp-content\/uploads\/2023\/09\/AdobeStock_129236915-1200x800.jpeg 1200w, https:\/\/yithcompare.321dev.ch\/wp-content\/uploads\/2023\/09\/AdobeStock_129236915-600x400.jpeg 600w, https:\/\/yithcompare.321dev.ch\/wp-content\/uploads\/2023\/09\/AdobeStock_129236915-768x512.jpeg 768w, https:\/\/yithcompare.321dev.ch\/wp-content\/uploads\/2023\/09\/AdobeStock_129236915-1536x1024.jpeg 1536w, https:\/\/yithcompare.321dev.ch\/wp-content\/uploads\/2023\/09\/AdobeStock_129236915-scaled.jpeg 2048w, https:\/\/yithcompare.321dev.ch\/wp-content\/uploads\/2023\/09\/AdobeStock_129236915-510x340.jpeg 510w\" sizes=\"auto, (max-width: 1200px) 100vw, 1200px\" \/><\/a><\/figure><\/div><div style=\"height:52px\" aria-hidden=\"true\" class=\"wp-block-spacer\"><\/div><h2 class=\"wp-block-heading\">Fair gehandelter Kaffee heute: ein wachsender Trend<\/h2><p>Seit ihren bescheidenen Anf\u00e4ngen ist die Bewegung f\u00fcr fair gehandelten Kaffee exponentiell gewachsen. Heute spielt er eine wichtige Rolle in der globalen Kaffeeszene, vor allem in den L\u00e4ndern, die die Produktion dominieren, wie <a href=\"https:\/\/yithcompare.321dev.ch\/de\/kategorien\/kaffeewelt\/kaffeebohnen\/brasilien\/\">Brasilien<\/a>, <a href=\"https:\/\/yithcompare.321dev.ch\/de\/kategorien\/kaffeewelt\/kaffeebohnen\/kolumbien\/\">Kolumbien<\/a> oder <a href=\"https:\/\/yithcompare.321dev.ch\/de\/lexcellence-du-cafe-mexicain-uncommitment-bio-et-equitable\/\">Mexiko<\/a>. Diese Nationen, die traditionell f\u00fcr ihren reichen Kaffeeanbau bekannt sind, haben einen deutlichen Anstieg der zertifizierten Fairtrade-Betriebe verzeichnet. <\/p><p>Diese Entwicklung spiegelt nicht nur ein Umdenken bei den Produzenten wider, sondern auch eine wachsende Nachfrage der Verbraucher nach ethischerem Kaffee. Fair gehandelter Kaffee ist n\u00e4mlich mehr als nur eine Modeerscheinung: Er spiegelt einen globalen Markt wider, der sich seiner ethischen und \u00f6kologischen Verantwortung immer mehr bewusst wird.<\/p><h2 class=\"wp-block-heading\">Ethisch und aromatisch: die geschmackliche Einladung des fair gehandelten Esperanza-Kaffees<\/h2><p>Fair gehandelter Kaffee zeichnet sich durch ethische Grunds\u00e4tze und un\u00fcbertroffene geschmackliche Qualit\u00e4ten aus. Mit Respekt f\u00fcr die Umwelt und die Arbeiter angebaut, tr\u00e4gt jede Bohne die Authentizit\u00e4t ihres Terroirs in sich. Bei der Verkostung eines fair gehandelten Kaffees erleben wir oft reiche Nuancen, eine tiefe Aromapalette und eine bewahrte Frische. <\/p><p>Diese unverwechselbaren Merkmale entstehen durch nachhaltige Anbaumethoden und direkte Beziehungen zu den Bauern, die sich dazu verpflichten, den besten Kaffee zu produzieren und dabei die Natur und die Gemeinden zu sch\u00fctzen.<\/p><p>Lust, die Erfahrung selbst zu machen? Erkunden Sie <a href=\"https:\/\/yithcompare.321dev.ch\/de\/kategorien\/kaffeewelt\/kaffeebohnen\/\">die Esperanza-Kaffeebohnen<\/a>, die mit dem renommierten Fairtrade Max Havelaar-Siegel ausgezeichnet sind, und entdecken Sie einen Geschmack, der den Geschmack \u00fcbersteigt.<\/p>","protected":false},"excerpt":{"rendered":"<p>Kaffee ist viel mehr als nur ein Morgenritual, sondern eine Reise durch Kulturen, tiefe Verpflichtungen und leider auch Ungleichheiten. Jede Tasse spiegelt eine Wahl wider: ein Bekenntnis zu unseren Werten in einer Welt, in der jeder Kauf z\u00e4hlt. Fair gehandelter Kaffee, der von S\u00e4ulen wie Fairtrade\/Max Havelaar getragen wird, ist mehr als eine geschmackliche Vorliebe; [&hellip;]<\/p>\n","protected":false},"author":6990,"featured_media":42418,"comment_status":"open","ping_status":"open","sticky":false,"template":"","format":"standard","meta":{"footnotes":""},"categories":[157],"tags":[],"class_list":["post-42654","post","type-post","status-publish","format-standard","has-post-thumbnail","hentry","category-unkategorisiert"],"_links":{"self":[{"href":"https:\/\/yithcompare.321dev.ch\/de\/wp-json\/wp\/v2\/posts\/42654","targetHints":{"allow":["GET"]}}],"collection":[{"href":"https:\/\/yithcompare.321dev.ch\/de\/wp-json\/wp\/v2\/posts"}],"about":[{"href":"https:\/\/yithcompare.321dev.ch\/de\/wp-json\/wp\/v2\/types\/post"}],"author":[{"embeddable":true,"href":"https:\/\/yithcompare.321dev.ch\/de\/wp-json\/wp\/v2\/users\/6990"}],"replies":[{"embeddable":true,"href":"https:\/\/yithcompare.321dev.ch\/de\/wp-json\/wp\/v2\/comments?post=42654"}],"version-history":[{"count":0,"href":"https:\/\/yithcompare.321dev.ch\/de\/wp-json\/wp\/v2\/posts\/42654\/revisions"}],"wp:featuredmedia":[{"embeddable":true,"href":"https:\/\/yithcompare.321dev.ch\/de\/wp-json\/wp\/v2\/media\/42418"}],"wp:attachment":[{"href":"https:\/\/yithcompare.321dev.ch\/de\/wp-json\/wp\/v2\/media?parent=42654"}],"wp:term":[{"taxonomy":"category","embeddable":true,"href":"https:\/\/yithcompare.321dev.ch\/de\/wp-json\/wp\/v2\/categories?post=42654"},{"taxonomy":"post_tag","embeddable":true,"href":"https:\/\/yithcompare.321dev.ch\/de\/wp-json\/wp\/v2\/tags?post=42654"}],"curies":[{"name":"wp","href":"https:\/\/api.w.org\/{rel}","templated":true}]}}