{"id":42652,"date":"2023-09-28T11:03:31","date_gmt":"2023-09-28T09:03:31","guid":{"rendered":"https:\/\/esperanza.ch\/la-palette-des-grains-des-cafe-voyage-a-traverse-couleur-de-la-torrefaction\/"},"modified":"2024-11-21T11:14:07","modified_gmt":"2024-11-21T09:14:07","slug":"palette-kaffeebohnen-farben-rostung","status":"publish","type":"post","link":"https:\/\/yithcompare.321dev.ch\/de\/palette-kaffeebohnen-farben-rostung\/","title":{"rendered":"Die Palette der Kaffeebohnen: Reise durch die Farben der R\u00f6stung"},"content":{"rendered":"<p>F\u00fcr unz\u00e4hlige leidenschaftliche Kaffeetrinker ist Kaffee mehr als nur ein Getr\u00e4nk, er ist ein Ritual. Doch der wahre Ursprung dieser verf\u00fchrerischen Aromen bleibt f\u00fcr viele ein R\u00e4tsel. Von der Bohne in ihrem Rohzustand bis zur reichen Farbpalette, die durch die R\u00f6stung induziert wird, gibt es eine ganze Welt der Kunst und Wissenschaft zu erforschen. <\/p><p>Jede Nuance ist der stille Zeuge seiner R\u00f6stung und formt sein Aroma und seinen Geschmack. Je st\u00e4rker die Bohnen ger\u00f6stet werden, desto dunkler und bitterer werden sie. Wenn Sie ein Kaffeeliebhaber sind, ist es wichtig zu verstehen, wie die Farbe der Bohnen den Geschmack beeinflusst.<\/p><p>Begleiten Sie uns, um die Geheimnisse dieser Nuancen zu entdecken und tief in den Reichtum und die Komplexit\u00e4t einzutauchen, die sich hinter jeder Tasse verbergen.<\/p><h2 class=\"wp-block-heading\"><strong>Warum ist die Farbe der Kaffeebohne wichtig?<\/strong><\/h2><p>Die Farbe einer Kaffeebohne ist mehr als nur ein visueller Aspekt; sie ist der Spiegel ihres Wesens und enth\u00fcllt die Tiefe und Intensit\u00e4t ihrer R\u00f6stung. Wenn wir von Kaffeebohnen sprechen, stellen sich die meisten instinktiv braune oder schwarze Perlen vor. Die rohe Kaffeebohne ist jedoch urspr\u00fcnglich gr\u00fcn. Der R\u00f6stprozess verleiht ihm seine vielf\u00e4ltigen Farbt\u00f6ne, die von hellbeige bis kohlrabenschwarz reichen.<\/p><p>Doch diese Farbmetamorphose geht \u00fcber den \u00e4sthetischen Aspekt hinaus. Denn in jeder Phase des R\u00f6stprozesses durchlaufen die Bohnen chemische Reaktionen, die ihre aromatischen Verbindungen freisetzen und umwandeln. <\/p><p>Eine leicht ger\u00f6stete Bohne kann blumige oder fruchtige Aromen verstr\u00f6men, w\u00e4hrend eine stark ger\u00f6stete Bohne Noten von Karamell, Schokolade oder sogar Tabak hervorrufen kann. Diese Farbpalette ist also der direkte Leitfaden f\u00fcr die Geschmackspalette, die sie repr\u00e4sentiert. F\u00fcr einen Kaffeeliebhaber ist das Verst\u00e4ndnis dieser Beziehung zwischen Farbe und Geschmack entscheidend, um die Komplexit\u00e4t jeder einzelnen Tasse zu erkennen und zu w\u00fcrdigen.<\/p><h2 class=\"wp-block-heading\"><strong>Die gr\u00fcne Kaffeebohne: Auftakt zur R\u00f6stkunst<\/strong><\/h2><p>Bevor die Kaffeebohnen der intensiven Hitze des R\u00f6stprozesses ausgesetzt werden, weisen sie eine gr\u00fcnliche F\u00e4rbung auf, die auf ihre pflanzliche Herkunft hinweist. Diese Farbe ist haupts\u00e4chlich auf das Chlorophyll in den rohen K\u00f6rnern zur\u00fcckzuf\u00fchren. Im Rohzustand haben diese Bohnen einen vorwiegend grasigen, adstringierenden und manchmal sogar leicht pfeffrigen Geschmack, der weit entfernt von dem ist, was wir mit Kaffee verbinden. Es ist faszinierend zu verstehen, dass es der R\u00f6stprozess ist, der durch das Verbrennen des Chlorophylls und das Hervorrufen unz\u00e4hliger chemischer Reaktionen die komplexen Aromen offenbart, f\u00fcr die Kaffee weltber\u00fchmt ist.<\/p><p>Wenn wir diesen \u00dcbergang von der rohen Natur der Bohne zu ihrer ger\u00f6steten Version verstehen, sch\u00e4tzen wir umso mehr die Fachkenntnisse und das Know-how, die f\u00fcr die Kreation jeder einzelnen Tasse Kaffee erforderlich sind.<\/p><div class=\"wp-block-image\"><figure class=\"aligncenter size-large\"><a href=\"https:\/\/yithcompare.321dev.ch\/wp-content\/uploads\/2023\/09\/AdobeStock_306012866-1-scaled.jpeg\"><img loading=\"lazy\" decoding=\"async\" width=\"1200\" height=\"800\" src=\"https:\/\/yithcompare.321dev.ch\/wp-content\/uploads\/2023\/09\/AdobeStock_306012866-1-1200x800.jpeg\" alt=\"gr&#xFC;ne Kaffeebohne\" class=\"wp-image-42350\" srcset=\"https:\/\/yithcompare.321dev.ch\/wp-content\/uploads\/2023\/09\/AdobeStock_306012866-1-1200x800.jpeg 1200w, https:\/\/yithcompare.321dev.ch\/wp-content\/uploads\/2023\/09\/AdobeStock_306012866-1-600x400.jpeg 600w, https:\/\/yithcompare.321dev.ch\/wp-content\/uploads\/2023\/09\/AdobeStock_306012866-1-768x512.jpeg 768w, https:\/\/yithcompare.321dev.ch\/wp-content\/uploads\/2023\/09\/AdobeStock_306012866-1-1536x1024.jpeg 1536w, https:\/\/yithcompare.321dev.ch\/wp-content\/uploads\/2023\/09\/AdobeStock_306012866-1-scaled.jpeg 2048w, https:\/\/yithcompare.321dev.ch\/wp-content\/uploads\/2023\/09\/AdobeStock_306012866-1-510x340.jpeg 510w\" sizes=\"auto, (max-width: 1200px) 100vw, 1200px\" \/><\/a><\/figure><\/div><div style=\"height:50px\" aria-hidden=\"true\" class=\"wp-block-spacer\"><\/div><h2 class=\"wp-block-heading\"><strong>Von den ersten Splittern zum gelben Gold: Das Erwachen der R\u00f6stung<\/strong><\/h2><p>Wenn diese gr\u00fcnen K\u00f6rner langsam erhitzt werden, durchlaufen sie eine dramatische Verwandlung. Die gr\u00fcne Farbe beginnt sich bei etwa 140 Grad Celsius allm\u00e4hlich zu ver\u00e4ndern und bei etwa 165 Grad beginnt sie, gelblicher zu erscheinen.<\/p><p>Sie wechseln von einem hellen Gr\u00fcn zu einem Goldgelb und beginnen, Aromen freizusetzen, die an ger\u00f6stetes Brot oder Heu erinnern. Dieser Schritt markiert den Beginn des Karamellisierungsprozesses, bei dem der nat\u00fcrliche Zucker im Korn beginnt, sich zu br\u00e4unen und so mildere Geschmacksnuancen bietet.<\/p><h2 class=\"wp-block-heading\"><strong>Von Gold zu Braun: Die subtile Verwandlung von Kaffeebohnen<\/strong><\/h2><p>Wenn man den Weg der R\u00f6stung fortsetzt, tritt das Korn in eine Phase der Br\u00e4unung ein. In dieser Phase, die oft als &#8222;mittlere&#8220; R\u00f6stung bezeichnet wird, nimmt die Bohne T\u00f6ne von Karamell, Milchschokolade und manchmal sogar von Trockenfr\u00fcchten an. Diese Nuancen werden von denjenigen gesch\u00e4tzt, die in ihrem Kaffee ein Gleichgewicht zwischen S\u00e4ure und S\u00fc\u00dfe suchen.<\/p><h2 class=\"wp-block-heading\"><strong>Die Geheimnisse des dunkel ger\u00f6steten Kaffees<\/strong><\/h2><p>Die R\u00f6stung h\u00f6rt nicht bei Mittelbraun auf. Wenn man den Prozess noch weiter vorantreibt, nehmen die K\u00f6rner eine dunkle, fast schwarze Farbe und eine \u00f6lige Oberfl\u00e4che an. Diese Phase, die oft mit Espresso und anderen starken Kaffees in Verbindung gebracht wird, bietet tiefe Noten von dunkler Schokolade, Lakritz und manchmal sogar von Tabak. Auch wenn sie nicht jedermanns Geschmack ist, hat sie doch ihre gl\u00fchenden Anh\u00e4nger.<\/p><div class=\"wp-block-image\"><figure class=\"aligncenter size-large\"><a href=\"https:\/\/yithcompare.321dev.ch\/wp-content\/uploads\/2023\/09\/AdobeStock_490017880-1-scaled.jpeg\"><img loading=\"lazy\" decoding=\"async\" width=\"1200\" height=\"800\" src=\"https:\/\/yithcompare.321dev.ch\/wp-content\/uploads\/2023\/09\/AdobeStock_490017880-1-1200x800.jpeg\" alt=\"dunkel ger&#xF6;stete Kaffees\" class=\"wp-image-42366\" srcset=\"https:\/\/yithcompare.321dev.ch\/wp-content\/uploads\/2023\/09\/AdobeStock_490017880-1-1200x800.jpeg 1200w, https:\/\/yithcompare.321dev.ch\/wp-content\/uploads\/2023\/09\/AdobeStock_490017880-1-600x400.jpeg 600w, https:\/\/yithcompare.321dev.ch\/wp-content\/uploads\/2023\/09\/AdobeStock_490017880-1-768x512.jpeg 768w, https:\/\/yithcompare.321dev.ch\/wp-content\/uploads\/2023\/09\/AdobeStock_490017880-1-1536x1024.jpeg 1536w, https:\/\/yithcompare.321dev.ch\/wp-content\/uploads\/2023\/09\/AdobeStock_490017880-1-scaled.jpeg 2048w, https:\/\/yithcompare.321dev.ch\/wp-content\/uploads\/2023\/09\/AdobeStock_490017880-1-510x340.jpeg 510w\" sizes=\"auto, (max-width: 1200px) 100vw, 1200px\" \/><\/a><\/figure><\/div><div style=\"height:50px\" aria-hidden=\"true\" class=\"wp-block-spacer\"><\/div><h2 class=\"wp-block-heading\"><strong>Verkohltes Schwarz: Wenn die R\u00f6stung die Bohnen zum \u00c4u\u00dfersten treibt<\/strong><\/h2><p>Es gibt einen schmalen Grat zwischen einer perfekt ger\u00f6steten und einer verbrannten Bohne. Wenn man die R\u00f6stung bis an ihre \u00e4u\u00dfersten Grenzen treibt, entstehen schwarze, verkohlte Bohnen mit einem intensiven und h\u00e4ufig bitteren Geschmack. Diese Bohnen sind manchmal f\u00fcr spezielle Mischungen gefragt oder f\u00fcr diejenigen, die einen kr\u00e4ftigen, vollmundigen Geschmack m\u00f6gen. <\/p><h2 class=\"wp-block-heading\"><strong>Die Suche nach dem perfekten Kaffee: W\u00e4hlen Sie R\u00f6stkaffees nach Ihren geschmacklichen Vorlieben aus.<\/strong><\/h2><p>Jeder Palast ist einzigartig. Ob Sie die S\u00e4ure einer hellen R\u00f6stung oder die Tiefe einer dunklen R\u00f6stung ansprechen, die Bohne hat viel zu enth\u00fcllen. Wenn Sie den Zusammenhang zwischen der Farbe der Bohne und ihrem Geschmack verstehen, k\u00f6nnen Sie Ihre Kaffeeauswahl verfeinern und so jedes Mal ein perfektes Geschmackserlebnis sicherstellen.<\/p><div class=\"wp-block-image\"><figure class=\"aligncenter size-large\"><a href=\"https:\/\/yithcompare.321dev.ch\/wp-content\/uploads\/2023\/09\/AdobeStock_112206190-1-scaled.jpeg\"><img loading=\"lazy\" decoding=\"async\" width=\"1348\" height=\"800\" src=\"https:\/\/yithcompare.321dev.ch\/wp-content\/uploads\/2023\/09\/AdobeStock_112206190-1-1348x800.jpeg\" alt=\"nach Ihren geschmacklichen Vorlieben ger&#xF6;stete Kaffeesorten\" class=\"wp-image-42347\" srcset=\"https:\/\/yithcompare.321dev.ch\/wp-content\/uploads\/2023\/09\/AdobeStock_112206190-1-1348x800.jpeg 1348w, https:\/\/yithcompare.321dev.ch\/wp-content\/uploads\/2023\/09\/AdobeStock_112206190-1-674x400.jpeg 674w, https:\/\/yithcompare.321dev.ch\/wp-content\/uploads\/2023\/09\/AdobeStock_112206190-1-768x456.jpeg 768w, https:\/\/yithcompare.321dev.ch\/wp-content\/uploads\/2023\/09\/AdobeStock_112206190-1-1536x911.jpeg 1536w, https:\/\/yithcompare.321dev.ch\/wp-content\/uploads\/2023\/09\/AdobeStock_112206190-1-scaled.jpeg 2048w, https:\/\/yithcompare.321dev.ch\/wp-content\/uploads\/2023\/09\/AdobeStock_112206190-1-510x303.jpeg 510w\" sizes=\"auto, (max-width: 1348px) 100vw, 1348px\" \/><\/a><\/figure><\/div><div style=\"height:50px\" aria-hidden=\"true\" class=\"wp-block-spacer\"><\/div><p>Hier sind einige Tipps, wie Sie die richtige R\u00f6stung f\u00fcr Ihren Kaffee ausw\u00e4hlen k\u00f6nnen:<\/p><ul class=\"wp-block-list\"><li>Wenn Sie Kaffee mit einer ausgepr\u00e4gten S\u00e4ure und blumigen oder fruchtigen Noten m\u00f6gen, w\u00e4hlen Sie eine sehr helle oder helle R\u00f6stung.<\/li>\n\n<li>Wenn Sie Kaffee mit einem ausgewogenen Verh\u00e4ltnis von S\u00e4ure und K\u00f6rper sch\u00e4tzen, w\u00e4hlen Sie eine mittlere R\u00f6stung.<\/li>\n\n<li>Wenn Sie Kaffee mit einem kr\u00e4ftigen K\u00f6rper und bitteren Noten lieben, w\u00e4hlen Sie eine dunkle R\u00f6stung.<\/li>\n\n<li>Wenn Sie Kaffee mit einem intensiven Geschmack und bitteren und karamelligen Noten m\u00f6gen, w\u00e4hlen Sie eine extra dunkle R\u00f6stung.<\/li><\/ul><p>Erkunden Sie die Nuancen und R\u00f6stgrade mit Esperanzas Auswahl an <a href=\"https:\/\/yithcompare.321dev.ch\/de\/le-duo-cafe-certified-and-labellised-engaged-to-ethic-lexcellence\/\">Fairtrade-Kaffees von Fairtrade Max Havelaar<\/a>, die handwerklich ger\u00f6stet und f\u00fcr ein erhaltenes Aroma gekonnt verpackt werden. <\/p><p><strong><em>Finden Sie in <a href=\"https:\/\/yithcompare.321dev.ch\/de\/kategorien\/kaffeewelt\/kaffeebohnen\/\">unserer exquisiten Kollektion<\/a> die K\u00f6rnung, die zu Ihnen passt.<\/em><\/strong><\/p>","protected":false},"excerpt":{"rendered":"<p>F\u00fcr unz\u00e4hlige leidenschaftliche Kaffeetrinker ist Kaffee mehr als nur ein Getr\u00e4nk, er ist ein Ritual. Doch der wahre Ursprung dieser verf\u00fchrerischen Aromen bleibt f\u00fcr viele ein R\u00e4tsel. Von der Bohne in ihrem Rohzustand bis zur reichen Farbpalette, die durch die R\u00f6stung induziert wird, gibt es eine ganze Welt der Kunst und Wissenschaft zu erforschen. Jede [&hellip;]<\/p>\n","protected":false},"author":6990,"featured_media":42354,"comment_status":"open","ping_status":"open","sticky":false,"template":"","format":"standard","meta":{"footnotes":""},"categories":[157],"tags":[],"class_list":["post-42652","post","type-post","status-publish","format-standard","has-post-thumbnail","hentry","category-unkategorisiert"],"_links":{"self":[{"href":"https:\/\/yithcompare.321dev.ch\/de\/wp-json\/wp\/v2\/posts\/42652","targetHints":{"allow":["GET"]}}],"collection":[{"href":"https:\/\/yithcompare.321dev.ch\/de\/wp-json\/wp\/v2\/posts"}],"about":[{"href":"https:\/\/yithcompare.321dev.ch\/de\/wp-json\/wp\/v2\/types\/post"}],"author":[{"embeddable":true,"href":"https:\/\/yithcompare.321dev.ch\/de\/wp-json\/wp\/v2\/users\/6990"}],"replies":[{"embeddable":true,"href":"https:\/\/yithcompare.321dev.ch\/de\/wp-json\/wp\/v2\/comments?post=42652"}],"version-history":[{"count":0,"href":"https:\/\/yithcompare.321dev.ch\/de\/wp-json\/wp\/v2\/posts\/42652\/revisions"}],"wp:featuredmedia":[{"embeddable":true,"href":"https:\/\/yithcompare.321dev.ch\/de\/wp-json\/wp\/v2\/media\/42354"}],"wp:attachment":[{"href":"https:\/\/yithcompare.321dev.ch\/de\/wp-json\/wp\/v2\/media?parent=42652"}],"wp:term":[{"taxonomy":"category","embeddable":true,"href":"https:\/\/yithcompare.321dev.ch\/de\/wp-json\/wp\/v2\/categories?post=42652"},{"taxonomy":"post_tag","embeddable":true,"href":"https:\/\/yithcompare.321dev.ch\/de\/wp-json\/wp\/v2\/tags?post=42652"}],"curies":[{"name":"wp","href":"https:\/\/api.w.org\/{rel}","templated":true}]}}