{"id":25853,"date":"2021-07-01T16:51:08","date_gmt":"2021-07-01T14:51:08","guid":{"rendered":"https:\/\/esperanza.ch\/?p=25853"},"modified":"2021-11-17T14:52:32","modified_gmt":"2021-11-17T12:52:32","slug":"im-herzen-des-sommers-les-georges","status":"publish","type":"post","link":"https:\/\/yithcompare.321dev.ch\/de\/im-herzen-des-sommers-les-georges\/","title":{"rendered":"Im Herzen des Sommers, Les Georges"},"content":{"rendered":"<h2>Im Herzen des Sommers, Les Georges<\/h2>\n<p><em>Interview mit Xavier Meyer, 39 Jahre alt, verheiratet, 2 Kinder, Direktor des Festivals Les Georges, dessen Partner wir im Jahr 2021 sind.<\/em><\/p>\n<h4>Hat Les Georges dich ausgew\u00e4hlt oder hat dein Unternehmergeist die Oberhand gewonnen?<\/h4>\n<p>Viele Elemente zusammengenommen haben mich zu Georges gef\u00fchrt, ebenso wie meine Erfahrung im Bereich Events und Kommunikation. Mein Wunsch, ein urbanes Festival zu entwickeln, brodelte in mir hoch. Da wir in Fribourg leben, war es nur logisch, dass wir die Herausforderung in Fribourg annahmen. Aber ich bin in Sitten aufgewachsen und es kam mir in den Sinn, ins Wallis zur\u00fcckzukehren. Ein oder zwei Jahre nach Les Georges, wurde Sion sous les Etoiles gegr\u00fcndet. Vielleicht bedeutet das, dass es Platz f\u00fcr ein Festival gab.<\/p>\n<h4>Was bedeutet Les Georges in deiner Karriere?<\/h4>\n<p>Es ist ein langfristiges Projekt, aber ich sehe es als eine Etappe in meinem Leben. Wir n\u00e4hern uns der 7. Edition und ich denke nicht, dass ich so schnell aufgeben werde. Auf der anderen Seite muss ich die Geistesgegenwart haben, dass das Event jung bleiben muss, trotz meiner nahenden 40 Jahre. Das Festival besch\u00e4ftigt meine Zeit und meinen Geist mit Leidenschaft und Verantwortung.<\/p>\n<h3>Vermietung f\u00fcr Veranstaltungen<\/h3>\n<p>Unser Kaffee ist ebenso einzigartig wie Ihre Location. Lassen Sie sich verf\u00fchren von unseren Profil\u00f6sungen und servieren Sie auf Knopfdruck frisch gemahlenen Kaffee. Die Mietl\u00f6sungen von Esperanza umfassen Kaffeebohnen und \u00fcbrige Verbrauchsg\u00fcter, alles innerhalb von 24 Stunden geliefert. Preis pro Tasse : 1.-<\/p>\n<p><a role=\"button\" href=\"https:\/\/yithcompare.321dev.ch\/de\/profiloesungen\/events-und-veranstaltungen\/\"><br \/>\nMEHR LERNEN<br \/>\n<\/a><\/p>\n<h4>Was macht Les Georges anders?<\/h4>\n<p>Unser Zielpublikum ist vielf\u00e4ltig, da wir sowohl kostenlose als auch kostenpflichtige Veranstaltungen haben. Dar\u00fcber hinaus ziehen einige Headliner Zuschauer aus Frankreich, den Niederlanden, Deutschland und sogar England an, was \u00fcberraschend sein kann. Ansonsten ist unser Geist ganz freiburgisch. Wir bieten einen Mix aus Genres, Generationen und Publikum, daher unsere eklektische Programmierung.<\/p>\n<h4>Das Georges Festival ist ein festlicher Moment f\u00fcr die Freiburger Bev\u00f6lkerung. Wie erlebst du es?<\/h4>\n<p>Auf pers\u00f6nlicher Ebene ist es ein guter Moment, die Festivalbesucher, meine Familie, meine Freunde und die Partnerfirmen zu treffen. Wir geben der kulturellen und sozialen Seite den Vorrang, ohne dabei die Kulturvermittlung zu vergessen, die in diesem Jahr in einer von Jugendlichen zwischen 16 und 20 Jahren gestalteten Gazette umgesetzt wird. Das Festival hat sich mittlerweile gut etabliert &#8211; alles l\u00e4uft reibungslos, auch wenn die diesj\u00e4hrige Ausgabe wegen der Pandemie etwas Besonderes ist.<\/p>\n<h4>Warum der Name Les Georges?<\/h4>\n<p>Es kam in einer informellen Diskussion heraus! Wir wollten keine Fest- oder Rock-irgendwas, Musik- ich wei\u00df nicht was, haben. Die Georges brechen die Codes ein wenig, es ist das freundschaftliche, das Treffen, der kulturelle Austausch. Es stimmt, dass die Frage nach dem Geschlecht in letzter Zeit aufgekommen ist, aber Les Georgettes ist eher ein gelegentliches Augenzwinkern. Der Name Les Georges ist nun etabliert.<\/p>\n","protected":false},"excerpt":{"rendered":"<p>Im Herzen des Sommers, Les Georges Interview mit Xavier Meyer, 39 Jahre alt, verheiratet, 2 Kinder, Direktor des Festivals Les Georges, dessen Partner wir im Jahr 2021 sind. Hat Les Georges dich ausgew\u00e4hlt oder hat dein Unternehmergeist die Oberhand gewonnen? Viele Elemente zusammengenommen haben mich zu Georges gef\u00fchrt, ebenso wie meine Erfahrung im Bereich Events [&hellip;]<\/p>\n","protected":false},"author":3682,"featured_media":25820,"comment_status":"open","ping_status":"open","sticky":false,"template":"","format":"standard","meta":{"footnotes":""},"categories":[157],"tags":[],"class_list":["post-25853","post","type-post","status-publish","format-standard","has-post-thumbnail","hentry","category-unkategorisiert"],"_links":{"self":[{"href":"https:\/\/yithcompare.321dev.ch\/de\/wp-json\/wp\/v2\/posts\/25853","targetHints":{"allow":["GET"]}}],"collection":[{"href":"https:\/\/yithcompare.321dev.ch\/de\/wp-json\/wp\/v2\/posts"}],"about":[{"href":"https:\/\/yithcompare.321dev.ch\/de\/wp-json\/wp\/v2\/types\/post"}],"author":[{"embeddable":true,"href":"https:\/\/yithcompare.321dev.ch\/de\/wp-json\/wp\/v2\/users\/3682"}],"replies":[{"embeddable":true,"href":"https:\/\/yithcompare.321dev.ch\/de\/wp-json\/wp\/v2\/comments?post=25853"}],"version-history":[{"count":0,"href":"https:\/\/yithcompare.321dev.ch\/de\/wp-json\/wp\/v2\/posts\/25853\/revisions"}],"wp:featuredmedia":[{"embeddable":true,"href":"https:\/\/yithcompare.321dev.ch\/de\/wp-json\/wp\/v2\/media\/25820"}],"wp:attachment":[{"href":"https:\/\/yithcompare.321dev.ch\/de\/wp-json\/wp\/v2\/media?parent=25853"}],"wp:term":[{"taxonomy":"category","embeddable":true,"href":"https:\/\/yithcompare.321dev.ch\/de\/wp-json\/wp\/v2\/categories?post=25853"},{"taxonomy":"post_tag","embeddable":true,"href":"https:\/\/yithcompare.321dev.ch\/de\/wp-json\/wp\/v2\/tags?post=25853"}],"curies":[{"name":"wp","href":"https:\/\/api.w.org\/{rel}","templated":true}]}}