{"id":24505,"date":"2020-12-04T11:39:38","date_gmt":"2020-12-04T09:39:38","guid":{"rendered":"https:\/\/esperanza.ch\/ondedechoc-im-dorf-echallens\/"},"modified":"2021-04-30T15:49:00","modified_gmt":"2021-04-30T13:49:00","slug":"ondedechoc-im-dorf-echallens","status":"publish","type":"post","link":"https:\/\/yithcompare.321dev.ch\/de\/ondedechoc-im-dorf-echallens\/","title":{"rendered":"ONDEDECHOC, IM DORF ECHALLENS"},"content":{"rendered":"<p>Was gibt es Besseres als ein bisschen Schokolade zum Kaffee? Wir nutzen diesen Blog-Artikel, um Sie \u00fcber unsere Partnerschaft mit ONDEdeCHOC zu informieren. Entdecken Sie diese Schokoladenfabrik in Echallens, die dieses Jahr ihr 10-j\u00e4hriges Bestehen feiert!<\/p>\n<p>Schokolade und Kaffee begleiten Ihre Tage, wie Les Caf\u00e9s Esperanza in Gruy\u00e8re und ONDEdeCHOC in Echallens; wie unsere reinen Arabica-Mischungen und der &#8222;Ballast du LEB&#8220; &#8211; eine der wunderbaren Kreationen von Pascal Kropf.<\/p>\n<p>Vor zehn Jahren begannen wir eine Kaffeepartnerschaft und installierten eine automatische Kaffeemaschine im Kaffeebereich seiner Werkstatt. W\u00e4hrend Esperanza Fairtrade-Kaffee r\u00f6stet, bietet ONDEdeCHOC Fairtrade-Kakao an. Wir teilen die gleiche Philosophie: lokal, frisch, fair und menschlich.<\/p>\n<p>Unsere Esperanza-Kaffeel\u00f6sung erf\u00fcllt diese Erwartungen und vor allem unsere verw\u00f6hnten Kunden. Pascal Kropf sch\u00e4tzt unsere All-in-one-Miete: Kaffeemaschine, R\u00f6stkaffee, Verbrauchsmaterial und technischer Service. Ein reaktiver Pannendienst vervollst\u00e4ndigt den Dienst, insbesondere in der Weihnachts- und Osterzeit!<\/p>\n<p>Herr Kraft hat sich immer f\u00fcr unsere Delicia entschieden, eine kolumbianisch-guatemaltekisch-brasilianische Mischung f\u00fcr einen ausgewogenen Kaffee mittlerer Intensit\u00e4t. Zu Hause genie\u00dft seine Frau unsere Espresso-kompatiblen Kapseln, eine cremige Robusta-Arabica-Mischung! Ein Kaffee f\u00fcr alle, Genuss f\u00fcr alle, eine sehr gute Schokoladenadresse:\u00a0<a id=\"link-56\" href=\"http:\/\/www.onde-de-choc.ch\/\" target=\"_blank\" rel=\"noopener\" data-saferedirecturl=\"https:\/\/www.google.com\/url?q=http:\/\/www.onde-de-choc.ch&amp;source=gmail&amp;ust=1607084877931000&amp;usg=AFQjCNFyWOBwa_B70I83SqtmrgjuNdsC7g\">www.onde-de-choc.ch<\/a><\/p>\n","protected":false},"excerpt":{"rendered":"<p>Was gibt es Besseres als ein bisschen Schokolade zum Kaffee? Wir nutzen diesen Blog-Artikel, um Sie \u00fcber unsere Partnerschaft mit ONDEdeCHOC zu informieren. Entdecken Sie diese Schokoladenfabrik in Echallens, die dieses Jahr ihr 10-j\u00e4hriges Bestehen feiert! Schokolade und Kaffee begleiten Ihre Tage, wie Les Caf\u00e9s Esperanza in Gruy\u00e8re und ONDEdeCHOC in Echallens; wie unsere reinen [&hellip;]<\/p>\n","protected":false},"author":3682,"featured_media":0,"comment_status":"open","ping_status":"open","sticky":false,"template":"","format":"standard","meta":{"footnotes":""},"categories":[157],"tags":[],"class_list":["post-24505","post","type-post","status-publish","format-standard","hentry","category-unkategorisiert"],"_links":{"self":[{"href":"https:\/\/yithcompare.321dev.ch\/de\/wp-json\/wp\/v2\/posts\/24505","targetHints":{"allow":["GET"]}}],"collection":[{"href":"https:\/\/yithcompare.321dev.ch\/de\/wp-json\/wp\/v2\/posts"}],"about":[{"href":"https:\/\/yithcompare.321dev.ch\/de\/wp-json\/wp\/v2\/types\/post"}],"author":[{"embeddable":true,"href":"https:\/\/yithcompare.321dev.ch\/de\/wp-json\/wp\/v2\/users\/3682"}],"replies":[{"embeddable":true,"href":"https:\/\/yithcompare.321dev.ch\/de\/wp-json\/wp\/v2\/comments?post=24505"}],"version-history":[{"count":0,"href":"https:\/\/yithcompare.321dev.ch\/de\/wp-json\/wp\/v2\/posts\/24505\/revisions"}],"wp:attachment":[{"href":"https:\/\/yithcompare.321dev.ch\/de\/wp-json\/wp\/v2\/media?parent=24505"}],"wp:term":[{"taxonomy":"category","embeddable":true,"href":"https:\/\/yithcompare.321dev.ch\/de\/wp-json\/wp\/v2\/categories?post=24505"},{"taxonomy":"post_tag","embeddable":true,"href":"https:\/\/yithcompare.321dev.ch\/de\/wp-json\/wp\/v2\/tags?post=24505"}],"curies":[{"name":"wp","href":"https:\/\/api.w.org\/{rel}","templated":true}]}}