{"id":24500,"date":"2020-11-06T11:35:59","date_gmt":"2020-11-06T09:35:59","guid":{"rendered":"https:\/\/esperanza.ch\/warum-ein-fairtrade-max-havelaar-zertifizierter-kaffee\/"},"modified":"2022-09-21T14:48:35","modified_gmt":"2022-09-21T12:48:35","slug":"warum-ein-fairtrade-max-havelaar-zertifizierter-kaffee","status":"publish","type":"post","link":"https:\/\/yithcompare.321dev.ch\/de\/warum-ein-fairtrade-max-havelaar-zertifizierter-kaffee\/","title":{"rendered":"WARUM EIN FAIRTRADE MAX HAVELAAR ZERTIFIZIERTER KAFFEE?"},"content":{"rendered":"<p class=\"teaser-text\">Bei Esperanza sind alle unsere Kaffees Fairtrade-zertifiziert. Entdecken Sie in wenigen Zeilen das Fairtrade Max Havelaar-Label und die 3 S\u00e4ulen der nachhaltigen Entwicklung.<\/p>\n\n<div class=\"news-text-wrap\">\n<h2>Ein gerechteres Wirtschaftsmodell<\/h2>\nSeit 1999 ist Esperanza an einer Partnerschaft mit der Max Havelaar-Stiftung beteiligt. Unser roter Faden ist, dieses Engagement fortzusetzen, denn wir sehen es nicht als Ausnahme, sondern als eine Selbstverst\u00e4ndlichkeit heutzutage.\n\nKleine Kaffeeproduzenten, die am Anfang der Wertsch\u00f6pfungskette stehen, sind von einer begrenzten Anzahl von H\u00e4ndlern und R\u00f6stern abh\u00e4ngig. Es ist nicht ungew\u00f6hnlich, dass Millionen von Kleinbauern nicht in der Lage sind, ihre Produktionskosten zu decken. Der Fairtrade-Mindestpreis garantiert ihnen einen Verkaufspreis, der unabh\u00e4ngig von Marktschwankungen ist.\n<h2>Die 3 S\u00e4ulen der nachhaltigen Entwicklung<\/h2>\n<strong><em>\u00d6kologische Dimension<\/em><\/strong>\n\ndie Verwaltung von Wasser, Boden, Abfall und Energieaufwand\n\ndie Reduzierung des Einflusses von Feldfr\u00fcchten auf die Landschaft\n\ndie Begrenzung von D\u00fcngemitteln und anderen Pestiziden\n\ndie Ermutigung zur Bio-Zertifizierung\n\n<strong><em>Soziale Dimension<\/em><\/strong>\n\ndie Gruppierung in Kooperativen\n\ndie Bauern ihre W\u00fcrde wiedergewinnen, indem sie ihre Arbeit meistern\n\nder Zugang zu Gesundheit, Bildung und Ausbildung\n\ndie Armutsbek\u00e4mpfung und der Kampf gegen die Landflucht\n\n<strong><em>Wirtschaftliche Dimension<\/em><\/strong>\n\nein Mindestkaufpreis, der den Preisverfall ausgleicht\n\neine Zuteilung von Boni f\u00fcr die soziale, qualitative und biologische Entwicklung\n\ndie Vorfinanzierung der Ernten\n\ndie Diversifizierung der Einnahmequellen\n\n<\/div>","protected":false},"excerpt":{"rendered":"<p>Bei Esperanza sind alle unsere Kaffees Fairtrade-zertifiziert. Entdecken Sie in wenigen Zeilen das Fairtrade Max Havelaar-Label und die 3 S\u00e4ulen der nachhaltigen Entwicklung. Ein gerechteres Wirtschaftsmodell Seit 1999 ist Esperanza an einer Partnerschaft mit der Max Havelaar-Stiftung beteiligt. Unser roter Faden ist, dieses Engagement fortzusetzen, denn wir sehen es nicht als Ausnahme, sondern als eine [&hellip;]<\/p>\n","protected":false},"author":3682,"featured_media":0,"comment_status":"open","ping_status":"open","sticky":false,"template":"","format":"standard","meta":{"footnotes":""},"categories":[157],"tags":[],"class_list":["post-24500","post","type-post","status-publish","format-standard","hentry","category-unkategorisiert"],"_links":{"self":[{"href":"https:\/\/yithcompare.321dev.ch\/de\/wp-json\/wp\/v2\/posts\/24500","targetHints":{"allow":["GET"]}}],"collection":[{"href":"https:\/\/yithcompare.321dev.ch\/de\/wp-json\/wp\/v2\/posts"}],"about":[{"href":"https:\/\/yithcompare.321dev.ch\/de\/wp-json\/wp\/v2\/types\/post"}],"author":[{"embeddable":true,"href":"https:\/\/yithcompare.321dev.ch\/de\/wp-json\/wp\/v2\/users\/3682"}],"replies":[{"embeddable":true,"href":"https:\/\/yithcompare.321dev.ch\/de\/wp-json\/wp\/v2\/comments?post=24500"}],"version-history":[{"count":0,"href":"https:\/\/yithcompare.321dev.ch\/de\/wp-json\/wp\/v2\/posts\/24500\/revisions"}],"wp:attachment":[{"href":"https:\/\/yithcompare.321dev.ch\/de\/wp-json\/wp\/v2\/media?parent=24500"}],"wp:term":[{"taxonomy":"category","embeddable":true,"href":"https:\/\/yithcompare.321dev.ch\/de\/wp-json\/wp\/v2\/categories?post=24500"},{"taxonomy":"post_tag","embeddable":true,"href":"https:\/\/yithcompare.321dev.ch\/de\/wp-json\/wp\/v2\/tags?post=24500"}],"curies":[{"name":"wp","href":"https:\/\/api.w.org\/{rel}","templated":true}]}}