{"id":24492,"date":"2020-10-02T11:28:08","date_gmt":"2020-10-02T09:28:08","guid":{"rendered":"https:\/\/esperanza.ch\/eugenio-unser-schweizer-armeemesser-alla-calabrese\/"},"modified":"2022-09-19T13:09:47","modified_gmt":"2022-09-19T11:09:47","slug":"eugenio-unser-schweizer-armeemesser-alla-calabrese","status":"publish","type":"post","link":"https:\/\/yithcompare.321dev.ch\/de\/eugenio-unser-schweizer-armeemesser-alla-calabrese\/","title":{"rendered":"EUGENIO, UNSER SCHWEIZER ARMEEMESSER ALLA CALABRESE"},"content":{"rendered":"Treffen Sie heute Eugenio, unseren externen Logistikspezialisten aus Freiburg und technischen Mitarbeiter im Caf\u00e9s Esperanza. Er erz\u00e4hlt uns von seinem t\u00e4glichen Leben, wie er \u00fcber aktuelle Ereignisse denkt und wie er sich seine berufliche Zukunft vorstellt.\n<h2>Erz\u00e4hl uns von deinen Aufgaben und T\u00e4tigkeitsbereichen?<\/h2>\nMeine Tage sind vielf\u00e4ltig und ich genie\u00dfe sie. Die Logistik bringt mich in die 4 Ecken der Westschweiz, w\u00e4hrend die R\u00fccksendungen durch technische Eingriffe bei unseren Partner-Kunden unterbrochen werden k\u00f6nnen. Diese Mischung von Aufgaben passt gut zu mir. Wie der menschliche Kontakt, der meine Tage ausf\u00fcllt. Auch Esperanza wird auf diese Weise gesch\u00e4tzt.\n<h2>Wie nimmst du Esperanzas Kr\u00e4fte wahr?<\/h2>\nVor allem sind unsere Produkte von hoher Qualit\u00e4t und wir bieten einen guten Service. Es gibt nichts Sch\u00f6neres, als zu wissen, dass unsere Kunden froh und befriedigt sind mit dem Betrieb unserer Kaffeemaschinen und den von Philippe und Adrien ger\u00f6steten Kaffees. Unser Team f\u00fchlt sich verantwortlich und ich sch\u00e4tze es, das Maximum zu tun. Ich habe keine Angst zu arbeiten!\n<h2>Was sind die Trends, wie siehst du sie?<\/h2>\nEs war ein seltsames Jahr, aber was k\u00f6nnen wir mit diesem Covid machen? Im Workshop versuchen wir, unsere Maschinen zu warten, uns an bestimmte Anforderungen anzupassen und unsere Prozesse anzupassen, um f\u00fcr die Genesung bereit zu sein, und sogar schon vorher &#8211; Forza!\n<h2>Wie siehst du deine Karriere und wie geht es weiter?<\/h2>\nSchau, ich bin gl\u00fccklich mit meiner Fahrt! Ich habe keine gro\u00dfen Ambitionen, aber ich mag das Leben in meinem Team. Wenn wir es versuchen m\u00fcssen, bin ich viel unterwegs! Ich genie\u00dfe meinen Job bei Esperanza und ich freue mich darauf, wenn die Veranstaltung wieder beginnt. Hoffentlich bald!","protected":false},"excerpt":{"rendered":"<p>Treffen Sie heute Eugenio, unseren externen Logistikspezialisten aus Freiburg und technischen Mitarbeiter im Caf\u00e9s Esperanza. Er erz\u00e4hlt uns von seinem t\u00e4glichen Leben, wie er \u00fcber aktuelle Ereignisse denkt und wie er sich seine berufliche Zukunft vorstellt. Erz\u00e4hl uns von deinen Aufgaben und T\u00e4tigkeitsbereichen? Meine Tage sind vielf\u00e4ltig und ich genie\u00dfe sie. Die Logistik bringt mich [&hellip;]<\/p>\n","protected":false},"author":3682,"featured_media":0,"comment_status":"open","ping_status":"open","sticky":false,"template":"","format":"standard","meta":{"footnotes":""},"categories":[157],"tags":[],"class_list":["post-24492","post","type-post","status-publish","format-standard","hentry","category-unkategorisiert"],"_links":{"self":[{"href":"https:\/\/yithcompare.321dev.ch\/de\/wp-json\/wp\/v2\/posts\/24492","targetHints":{"allow":["GET"]}}],"collection":[{"href":"https:\/\/yithcompare.321dev.ch\/de\/wp-json\/wp\/v2\/posts"}],"about":[{"href":"https:\/\/yithcompare.321dev.ch\/de\/wp-json\/wp\/v2\/types\/post"}],"author":[{"embeddable":true,"href":"https:\/\/yithcompare.321dev.ch\/de\/wp-json\/wp\/v2\/users\/3682"}],"replies":[{"embeddable":true,"href":"https:\/\/yithcompare.321dev.ch\/de\/wp-json\/wp\/v2\/comments?post=24492"}],"version-history":[{"count":0,"href":"https:\/\/yithcompare.321dev.ch\/de\/wp-json\/wp\/v2\/posts\/24492\/revisions"}],"wp:attachment":[{"href":"https:\/\/yithcompare.321dev.ch\/de\/wp-json\/wp\/v2\/media?parent=24492"}],"wp:term":[{"taxonomy":"category","embeddable":true,"href":"https:\/\/yithcompare.321dev.ch\/de\/wp-json\/wp\/v2\/categories?post=24492"},{"taxonomy":"post_tag","embeddable":true,"href":"https:\/\/yithcompare.321dev.ch\/de\/wp-json\/wp\/v2\/tags?post=24492"}],"curies":[{"name":"wp","href":"https:\/\/api.w.org\/{rel}","templated":true}]}}