{"id":24464,"date":"2017-04-05T10:52:43","date_gmt":"2017-04-05T08:52:43","guid":{"rendered":"https:\/\/esperanza.ch\/offizieller-ausstatter-des-cully-jazz-festivals\/"},"modified":"2022-09-21T13:09:09","modified_gmt":"2022-09-21T11:09:09","slug":"offizieller-ausstatter-des-cully-jazz-festivals","status":"publish","type":"post","link":"https:\/\/yithcompare.321dev.ch\/de\/offizieller-ausstatter-des-cully-jazz-festivals\/","title":{"rendered":"OFFIZIELLER AUSSTATTER DES CULLY JAZZ FESTIVALS"},"content":{"rendered":"Als handwerklicher R\u00f6ster sind wir stolz darauf, der Kaffeepartner des Cully Jazz Festivals zu sein.\n\nGenie\u00dfen Sie w\u00e4hrend des Festspielm\u00e4rchens unseren &#8222;doppio&#8220; und unseren&nbsp;<a id=\"link-56\" href=\"https:\/\/yithcompare.321dev.ch\/de\/kaffee-esperanza\/\" target=\"_blank\" rel=\"noopener\">Qualit\u00e4tskaffee<\/a>&nbsp;unter dem Zeltmarkisen.\nBesuchen Sie uns und entdecken Sie&nbsp;<a id=\"link-57\" href=\"https:\/\/yithcompare.321dev.ch\/de\/profiloesungen\/unternehmen-und-bueros\/\" target=\"_blank\" rel=\"noopener\">unsere professionellen Kaffeel\u00f6sungen<\/a>, die an Ihren Arbeitsplatz angepasst sind. Sprechen Sie mit Ihrem B\u00fcroleiter, stellen Sie uns auf die Probe? Und genie\u00dfen Sie einen Monat kostenlosen Kaffee!","protected":false},"excerpt":{"rendered":"<p>Als handwerklicher R\u00f6ster sind wir stolz darauf, der Kaffeepartner des Cully Jazz Festivals zu sein. Genie\u00dfen Sie w\u00e4hrend des Festspielm\u00e4rchens unseren &#8222;doppio&#8220; und unseren&nbsp;Qualit\u00e4tskaffee&nbsp;unter dem Zeltmarkisen. Besuchen Sie uns und entdecken Sie&nbsp;unsere professionellen Kaffeel\u00f6sungen, die an Ihren Arbeitsplatz angepasst sind. Sprechen Sie mit Ihrem B\u00fcroleiter, stellen Sie uns auf die Probe? Und genie\u00dfen Sie einen [&hellip;]<\/p>\n","protected":false},"author":3682,"featured_media":0,"comment_status":"open","ping_status":"open","sticky":false,"template":"","format":"standard","meta":{"footnotes":""},"categories":[157],"tags":[],"class_list":["post-24464","post","type-post","status-publish","format-standard","hentry","category-unkategorisiert"],"_links":{"self":[{"href":"https:\/\/yithcompare.321dev.ch\/de\/wp-json\/wp\/v2\/posts\/24464","targetHints":{"allow":["GET"]}}],"collection":[{"href":"https:\/\/yithcompare.321dev.ch\/de\/wp-json\/wp\/v2\/posts"}],"about":[{"href":"https:\/\/yithcompare.321dev.ch\/de\/wp-json\/wp\/v2\/types\/post"}],"author":[{"embeddable":true,"href":"https:\/\/yithcompare.321dev.ch\/de\/wp-json\/wp\/v2\/users\/3682"}],"replies":[{"embeddable":true,"href":"https:\/\/yithcompare.321dev.ch\/de\/wp-json\/wp\/v2\/comments?post=24464"}],"version-history":[{"count":0,"href":"https:\/\/yithcompare.321dev.ch\/de\/wp-json\/wp\/v2\/posts\/24464\/revisions"}],"wp:attachment":[{"href":"https:\/\/yithcompare.321dev.ch\/de\/wp-json\/wp\/v2\/media?parent=24464"}],"wp:term":[{"taxonomy":"category","embeddable":true,"href":"https:\/\/yithcompare.321dev.ch\/de\/wp-json\/wp\/v2\/categories?post=24464"},{"taxonomy":"post_tag","embeddable":true,"href":"https:\/\/yithcompare.321dev.ch\/de\/wp-json\/wp\/v2\/tags?post=24464"}],"curies":[{"name":"wp","href":"https:\/\/api.w.org\/{rel}","templated":true}]}}